{"id":191994,"date":"2007-11-14T13:31:07","date_gmt":"2007-11-14T13:31:07","guid":{"rendered":"http:\/\/diariodominicano.ddns.net\/?p=191994"},"modified":"2007-11-14T13:31:07","modified_gmt":"2007-11-14T13:31:07","slug":"sector-externo-prd-dice-crecimiento-del-proyecto-vargas-maldonado-es-indetenible","status":"publish","type":"post","link":"https:\/\/diariodominicano.com\/?p=191994","title":{"rendered":"Sector externo PRD dice crecimiento del proyecto Vargas Maldonado es indetenible"},"content":{"rendered":"<p><body><\/p>\n<p align=\"justify\"><strong class=\"titulogrande1\">Sector externo PRD dice crecimiento del  proyecto Vargas Maldonado es indetenible <\/strong><br \/>&#13;<br \/>\n  <br \/>&#13;<br \/>\n    <span class=\"text1noticias\"><strong><img loading=\"lazy\" decoding=\"async\" src=\"http:\/\/localhost:8080\/pictures\/hipolito tejada.jpg\" width=\"269\" height=\"180\" hspace=\"4\" align=\"left\" \/>SANTO DOMINGO.-<\/strong>\u00a0 El Gerente de comunicaciones del Sector  Externo por la   Victoria Electoral del PRD, Hip\u00f3lito Tejada, dijo \u00a0este martes que el crecimiento del proyecto  MVP, es indetenible por lo que el 16 de Agosto de 2008, se terminar\u00e1 la tortura  a que ha sumido al pueblo dominicano el Partido de la Liberaci\u00f3n Dominicana,  PLD con el ascenso al poder del Miguel Vargas Maldonado. <br \/>&#13;<br \/>\n    <br \/>&#13;<br \/>\n    Tejada dijo que el Movimiento \u201cSector Externo  por la Victoria   Electoral\u201d que preside Jos\u00e9 Joaqu\u00edn Puello, est\u00e1 compuesto  por hombres y mujeres comprometidos con los mejores intereses del pa\u00eds y que  por eso est\u00e1n apoyando al Vargas Maldonado, ya que encarna los dotes necesarios  para sacar al pa\u00eds del atolladero en que lo han sumido los \u201ccomesolos\u201d  pelede\u00edstas. <br \/>&#13;<br \/>\n    <br \/>&#13;<br \/>\nTejada Consider\u00f3 que la honestidad,  capacidad, vocaci\u00f3n de servicio y sobre todo la humildad del candidato perredeista, han sido los par\u00e1metros fundamentales para que la poblaci\u00f3n haya  asimilado r\u00e1pidamente su candidatura, \u00a0a tal punto de que hoy d\u00eda en todas  las encuestas supera al candidato reeleccionista Leonel Fern\u00e1ndez Reyna. <\/span><\/p>\n<p>&#13;<\/p>\n<p align=\"justify\" class=\"text1noticias\">Garantiz\u00f3 que el \u201cSector Externo por la Victoria Electoral\u201d,  sumar\u00e1 los votos necesarios en todo el territorio nacional, para que Vargas  Maldonado gane las elecciones Presidenciales de mayo pr\u00f3ximo en una primera  vuelta y as\u00ed evitar que el pa\u00eds siga en manos de los ilusos y ut\u00f3picos  pelede\u00edstas.<\/p>\n<p>&#13;<\/p>\n<h6> 2007-11-14 13:31:07 <\/h6>\n<p><!--\n<link rel=\"stylesheet\" href=\"css\/bootstrap.min.css\">\n\n\n<ul class=\"pagination\">\n\t    \n\t\n\n<li >\n\t<a href='?page_no=34741'>Previous<\/a>\n\t<\/li>\n\n\n       \n    \n\n<li><a href='?page_no=1'>1<\/a><\/li>\n\n\n\n<li><a href='?page_no=2'>2<\/a><\/li>\n\n\n\n<li><a>...<\/a><\/li>\n\n\n\n<li><a href='?page_no=34740'>34740<\/a><\/li>\n\n\n\n<li><a href='?page_no=34741'>34741<\/a><\/li>\n\n\n\n<li class='active'><a>34742<\/a><\/li>\n\n\n\n<li><a href='?page_no=34743'>34743<\/a><\/li>\n\n\n\n<li><a href='?page_no=34744'>34744<\/a><\/li>\n\n\n\n<li><a>...<\/a><\/li>\n\n\n\n<li><a href='?page_no=36999'>36999<\/a><\/li>\n\n\n\n<li><a href='?page_no=37000'>37000<\/a><\/li>\n\n    \n\t\n\n<li >\n\t<a href='?page_no=34743'>Next<\/a>\n\t<\/li>\n\n\n    \n\n<li><a href='?page_no=37000'>Last &rsaquo;&rsaquo;<\/a><\/li>\n\n<\/ul>\n\n\n--><br \/>\n<\/body><\/p>\n","protected":false},"excerpt":{"rendered":"<p>Sector externo PRD dice crecimiento del proyecto Vargas Maldonado es indetenible &#13; &#13; SANTO DOMINGO.-\u00a0 El Gerente de comunicaciones del Sector Externo por la Victoria Electoral del PRD, Hip\u00f3lito Tejada, dijo \u00a0este martes que el crecimiento del proyecto MVP, es indetenible por lo que el 16 de Agosto de 2008, se terminar\u00e1 la tortura a [&hellip;]<\/p>\n","protected":false},"author":3,"featured_media":0,"comment_status":"open","ping_status":"open","sticky":false,"template":"","format":"standard","meta":{"footnotes":""},"categories":[22],"tags":[],"class_list":["post-191994","post","type-post","status-publish","format-standard","hentry","category-politica"],"_links":{"self":[{"href":"https:\/\/diariodominicano.com\/index.php?rest_route=\/wp\/v2\/posts\/191994","targetHints":{"allow":["GET"]}}],"collection":[{"href":"https:\/\/diariodominicano.com\/index.php?rest_route=\/wp\/v2\/posts"}],"about":[{"href":"https:\/\/diariodominicano.com\/index.php?rest_route=\/wp\/v2\/types\/post"}],"author":[{"embeddable":true,"href":"https:\/\/diariodominicano.com\/index.php?rest_route=\/wp\/v2\/users\/3"}],"replies":[{"embeddable":true,"href":"https:\/\/diariodominicano.com\/index.php?rest_route=%2Fwp%2Fv2%2Fcomments&post=191994"}],"version-history":[{"count":0,"href":"https:\/\/diariodominicano.com\/index.php?rest_route=\/wp\/v2\/posts\/191994\/revisions"}],"wp:attachment":[{"href":"https:\/\/diariodominicano.com\/index.php?rest_route=%2Fwp%2Fv2%2Fmedia&parent=191994"}],"wp:term":[{"taxonomy":"category","embeddable":true,"href":"https:\/\/diariodominicano.com\/index.php?rest_route=%2Fwp%2Fv2%2Fcategories&post=191994"},{"taxonomy":"post_tag","embeddable":true,"href":"https:\/\/diariodominicano.com\/index.php?rest_route=%2Fwp%2Fv2%2Ftags&post=191994"}],"curies":[{"name":"wp","href":"https:\/\/api.w.org\/{rel}","templated":true}]}}