{"id":191992,"date":"2007-11-14T14:41:11","date_gmt":"2007-11-14T14:41:11","guid":{"rendered":"http:\/\/diariodominicano.ddns.net\/?p=191992"},"modified":"2007-11-14T14:41:11","modified_gmt":"2007-11-14T14:41:11","slug":"senado-remite-a-poder-ejecutivo-ley-designa-provincia-salcedo-hermanas-mirabal","status":"publish","type":"post","link":"https:\/\/diariodominicano.com\/?p=191992","title":{"rendered":"Senado remite a poder Ejecutivo ley designa provincia Salcedo, Hermanas Mirabal"},"content":{"rendered":"<p><body><\/p>\n<p align=\"justify\" class=\"titulogrande1\">Senado remite a poder Ejecutivo ley designa provincia Salcedo, Hermanas Mirabal <\/p>\n<p>&#13;<\/p>\n<p align=\"justify\" class=\"text1noticias\"><strong>Santo Domingo.-<\/strong> El Senado  aprob\u00f3 este martes en segunda lectura un proyecto que declara la provincia  Salcedo con el hombre de las Hermanas Mirabal, en reconocimiento a las hero\u00ednas  muertas durante la tiran\u00eda de Rafael Leonidas Trujillo.\u00a0 <\/p>\n<p>&#13;<\/p>\n<p align=\"justify\" class=\"text1noticias\">El proyecto que declara a  Salcedo como provincia Hermanas Mirabal proced\u00eda de la C\u00e1mara de Diputados, por lo  que de inmediato fue remitida al Poder Ejecutivo para su conversi\u00f3n en Ley o rechazo,  como lo dispone la   Constituci\u00f3n de la Rep\u00fablica en estos casos. <\/p>\n<p>&#13;<\/p>\n<p align=\"justify\" class=\"text1noticias\">Se\u00f1ala en uno de sus  considerando que las Hermanas Mirabal fueron\u00a0  mujeres que tuvieron la valent\u00eda de luchar por la libertad pol\u00edtica del  pa\u00eds, oponi\u00e9ndose firmemente contra una de las tiran\u00edas m\u00e1s f\u00e9rreas que ha  tenido Latinoam\u00e9rica, y dispone en su art\u00edculo primero que la citada provincia  sea llamada con su nombre y que mantenga su nombre de Salcedo, como municipio  cabecera. <\/p>\n<p>&#13;<\/p>\n<p align=\"justify\" class=\"text1noticias\">El\u00a0 Senado \u00a0tambi\u00e9n aprob\u00f3 dos resoluciones sometidas por  el senador por la provincia Mar\u00eda Trinidad S\u00e1nchez, Jes\u00fas V\u00e1squez Mart\u00ednez, que  reconocen al afamado artista dominicano Juan Luis Guerra, por haber obtenido  recientemente 6 de los premios Grammy, y al equipo de los Tigres del Licey, por  arribar a 100 a\u00f1os de haber sido fundaci\u00f3n. <\/p>\n<p>&#13;<\/p>\n<p align=\"justify\" class=\"text1noticias\"><strong>JUAN LUIS GUERRA<\/strong><\/p>\n<p>&#13;<\/p>\n<p align=\"justify\" class=\"text1noticias\">La resoluci\u00f3n de felicitaci\u00f3n  a Juan Luis Guerra declara al cantante y compositor\u00a0\u00a0 dominicano \u00abCantautor de la Patria\u00bb, por todos sus  logros alcanzados a nivel nacional e internacional, los cuales llena de satisfacci\u00f3n  y orgullo a los dominicanos y dominicanas que \u00abamamos de coraz\u00f3n nuestra  naci\u00f3n\u00bb. <\/p>\n<p>&#13;<\/p>\n<p align=\"justify\" class=\"text1noticias\">La iniciativa de V\u00e1squez  Mart\u00ednez dispone la entrega de un pergamino de reconocimiento al afamado  artista, que le ser\u00e1 entregado por una comisi\u00f3n del Senado que ser\u00e1 designada  para tal efecto.<\/p>\n<p>&#13;<\/p>\n<p align=\"justify\" class=\"text1noticias\"> En tanto, el reconocimiento a Francisco  Comarazamy fue sometido por el senador por la provincia de San Pedro de  Macor\u00eds, Alejandro Leonel William Cordero. <\/p>\n<p>&#13;<\/p>\n<p align=\"justify\" class=\"text1noticias\">Licey<\/p>\n<p>&#13;<\/p>\n<p align=\"justify\" class=\"text1noticias\">En tanto, la resoluci\u00f3n sobre  el Club Atl\u00e9tico del Licey dispone la entrega de un pergamino en la persona del  presidente de ese equipo, Jos\u00e9 Manuel Busto y Fernando Jos\u00e9 Ravelo Jana,  Gerente General, por sus 100 a\u00f1os de existencia. <\/p>\n<p>&#13;<\/p>\n<h6> 2007-11-14 14:41:11 <\/h6>\n<p><!--\n<link rel=\"stylesheet\" href=\"css\/bootstrap.min.css\">\n\n\n<ul class=\"pagination\">\n\t    \n\t\n\n<li >\n\t<a href='?page_no=34739'>Previous<\/a>\n\t<\/li>\n\n\n       \n    \n\n<li><a href='?page_no=1'>1<\/a><\/li>\n\n\n\n<li><a href='?page_no=2'>2<\/a><\/li>\n\n\n\n<li><a>...<\/a><\/li>\n\n\n\n<li><a href='?page_no=34738'>34738<\/a><\/li>\n\n\n\n<li><a href='?page_no=34739'>34739<\/a><\/li>\n\n\n\n<li class='active'><a>34740<\/a><\/li>\n\n\n\n<li><a href='?page_no=34741'>34741<\/a><\/li>\n\n\n\n<li><a href='?page_no=34742'>34742<\/a><\/li>\n\n\n\n<li><a>...<\/a><\/li>\n\n\n\n<li><a href='?page_no=36999'>36999<\/a><\/li>\n\n\n\n<li><a href='?page_no=37000'>37000<\/a><\/li>\n\n    \n\t\n\n<li >\n\t<a href='?page_no=34741'>Next<\/a>\n\t<\/li>\n\n\n    \n\n<li><a href='?page_no=37000'>Last &rsaquo;&rsaquo;<\/a><\/li>\n\n<\/ul>\n\n\n--><br \/>\n<\/body><\/p>\n","protected":false},"excerpt":{"rendered":"<p>Senado remite a poder Ejecutivo ley designa provincia Salcedo, Hermanas Mirabal &#13; Santo Domingo.- El Senado aprob\u00f3 este martes en segunda lectura un proyecto que declara la provincia Salcedo con el hombre de las Hermanas Mirabal, en reconocimiento a las hero\u00ednas muertas durante la tiran\u00eda de Rafael Leonidas Trujillo.\u00a0 &#13; El proyecto que declara a [&hellip;]<\/p>\n","protected":false},"author":3,"featured_media":0,"comment_status":"open","ping_status":"open","sticky":false,"template":"","format":"standard","meta":{"footnotes":""},"categories":[22],"tags":[],"class_list":["post-191992","post","type-post","status-publish","format-standard","hentry","category-politica"],"_links":{"self":[{"href":"https:\/\/diariodominicano.com\/index.php?rest_route=\/wp\/v2\/posts\/191992","targetHints":{"allow":["GET"]}}],"collection":[{"href":"https:\/\/diariodominicano.com\/index.php?rest_route=\/wp\/v2\/posts"}],"about":[{"href":"https:\/\/diariodominicano.com\/index.php?rest_route=\/wp\/v2\/types\/post"}],"author":[{"embeddable":true,"href":"https:\/\/diariodominicano.com\/index.php?rest_route=\/wp\/v2\/users\/3"}],"replies":[{"embeddable":true,"href":"https:\/\/diariodominicano.com\/index.php?rest_route=%2Fwp%2Fv2%2Fcomments&post=191992"}],"version-history":[{"count":0,"href":"https:\/\/diariodominicano.com\/index.php?rest_route=\/wp\/v2\/posts\/191992\/revisions"}],"wp:attachment":[{"href":"https:\/\/diariodominicano.com\/index.php?rest_route=%2Fwp%2Fv2%2Fmedia&parent=191992"}],"wp:term":[{"taxonomy":"category","embeddable":true,"href":"https:\/\/diariodominicano.com\/index.php?rest_route=%2Fwp%2Fv2%2Fcategories&post=191992"},{"taxonomy":"post_tag","embeddable":true,"href":"https:\/\/diariodominicano.com\/index.php?rest_route=%2Fwp%2Fv2%2Ftags&post=191992"}],"curies":[{"name":"wp","href":"https:\/\/api.w.org\/{rel}","templated":true}]}}