{"id":191989,"date":"2007-11-14T14:51:32","date_gmt":"2007-11-14T14:51:32","guid":{"rendered":"http:\/\/diariodominicano.ddns.net\/?p=191989"},"modified":"2007-11-14T14:51:32","modified_gmt":"2007-11-14T14:51:32","slug":"no-debe-ser-reducido-tamano-de-los-panes","status":"publish","type":"post","link":"https:\/\/diariodominicano.com\/?p=191989","title":{"rendered":"No debe ser reducido tama\u00f1o de los panes"},"content":{"rendered":"<p><body><\/p>\n<p class=\"titulogrande1\">No debe ser reducido tama\u00f1o  de los panes<\/p>\n<p>&#13;<\/p>\n<p align=\"justify\" class=\"text1noticias\">El  Partido Uni\u00f2n Dem\u00f2crata Cristiana (UDC)\u00a0  consider\u00f3 hoy que es una burla al pueblo que se reduzca el tama\u00f1o de los  panes, como una forma de justificar un aumento en los precios.<\/p>\n<p>&#13;<\/p>\n<p align=\"justify\" class=\"text1noticias\">Luis  Acosta Moreta, Luis \u201cEl Gallo\u201d, presidente de la UDC, manifest\u00f2 que\u00a0\u00a0 el pan es uno de los principales alimentos  de la poblaci\u00f3n, por lo que bajo ninguna circunstancia se justificar\u00eca un  aumento en sus precios.<\/p>\n<p>&#13;<\/p>\n<p align=\"justify\" class=\"text1noticias\">Afirm\u00f2  que tambi\u00e8n se da una irregularidad cuando los productores proceden a reducir  la masa corporal del pan, lo cual sign\u00ecfica un aumento de los precios.<\/p>\n<p>&#13;<\/p>\n<p align=\"justify\" class=\"text1noticias\">Dijo  que los procesadores de pan y otros derivados de la harina, lo que tienen que  hacer es un amplio estudio de sus costos de producci\u00f3n, y en base a esa  situaci\u00f3n determinar cual debe ser el precio real de venta de ese producto.<\/p>\n<p>&#13;<\/p>\n<p align=\"justify\" class=\"text1noticias\">Agreg\u00f2 que ante las protestas comunitarias por los  aumentos en los precios de los panes, los procesadores procedieron a reducir la  masa corporal, para de esa forma ahorrarse unos pesos, para en el fondo  realizar un aumento que ya fue rechazado.<\/p>\n<p>&#13;<\/p>\n<p align=\"justify\" class=\"text1noticias\">A\u00f1adi\u00f3  que se debe dar protecci\u00f2n a los consumidores dominicanos, sobre todo a los de  menores recursos econ\u00f2micos, que fundamentalmente tienen como su principal  forma de alimentaci\u00f3n el pan.<\/p>\n<p>&#13;<\/p>\n<p align=\"justify\" class=\"text1noticias\">Destac\u00f2 que los procesadores de harina han sido  insensibles a realizar un estudio sobre los costos de producci\u00f3n, por lo que  han dejado a la oferta y la demanda\u00a0\u00a0 el  establecer los precios de un art\u00ecculo que se considera b\u00e0sico y fundamental  para la alimentaci\u00f3n de los dominicanos.<\/p>\n<p>&#13;<\/p>\n<p align=\"justify\" class=\"text1noticias\">Afirm\u00f2 que los organismos oficiales competentes tienen  la inmediata obligaci\u00f3n de ir a fiscalizar los precios de los comestibles  b\u00e1sicos, en especial, como en este caso los del pan.<\/p>\n<p>&#13;<\/p>\n<p align=\"justify\" class=\"text1noticias\">A\u00f1adi\u00f2 que en primer lugar lo que se debe es dar  protecci\u00f3n a\u00a0 los consumidores, y si es  necesario hacer un estudio de factibilidad y de costos, para fijar los precios  a que se tienen que expedir los derivados de la harina.<\/p>\n<p>&#13;<\/p>\n<p align=\"justify\" class=\"text1noticias\">Destac\u00f2 los esfuerzos que hace el gobierno del  Presidente Leonel Fern\u00e0ndez para poder ejecutar cada d\u00eca un programa destinado  a mejorar la econom\u00eda b\u00e1sica de los dominicanos, sobre todo de los productos de  primera necesidad.<\/p>\n<p>&#13;<\/p>\n<p align=\"justify\" class=\"text1noticias\">Hizo un llamado a los procesadores para que den una  muestra de solidaridad, y eviten que la especulaci\u00f2n, o el deseo desmedido de  lucro, perjudique a los m\u00e0s hambreados del pa\u00ecs.<br \/>&#13;<br \/>\n  \u00a0<br \/>&#13;<br \/>\n Resalt\u00f3 que si aumentan los precios del  pan, o se reduce la masa corporal, lo mismo pasar\u00e1 con las galletas, y otros  productos derivados de la harina y que son de un alto consumo en la poblaci\u00f3n.<\/p>\n<p>&#13;<\/p>\n<h6> 2007-11-14 14:51:32 <\/h6>\n<p><!--\n<link rel=\"stylesheet\" href=\"css\/bootstrap.min.css\">\n\n\n<ul class=\"pagination\">\n\t    \n\t\n\n<li >\n\t<a href='?page_no=34736'>Previous<\/a>\n\t<\/li>\n\n\n       \n    \n\n<li><a href='?page_no=1'>1<\/a><\/li>\n\n\n\n<li><a href='?page_no=2'>2<\/a><\/li>\n\n\n\n<li><a>...<\/a><\/li>\n\n\n\n<li><a href='?page_no=34735'>34735<\/a><\/li>\n\n\n\n<li><a href='?page_no=34736'>34736<\/a><\/li>\n\n\n\n<li class='active'><a>34737<\/a><\/li>\n\n\n\n<li><a href='?page_no=34738'>34738<\/a><\/li>\n\n\n\n<li><a href='?page_no=34739'>34739<\/a><\/li>\n\n\n\n<li><a>...<\/a><\/li>\n\n\n\n<li><a href='?page_no=36999'>36999<\/a><\/li>\n\n\n\n<li><a href='?page_no=37000'>37000<\/a><\/li>\n\n    \n\t\n\n<li >\n\t<a href='?page_no=34738'>Next<\/a>\n\t<\/li>\n\n\n    \n\n<li><a href='?page_no=37000'>Last &rsaquo;&rsaquo;<\/a><\/li>\n\n<\/ul>\n\n\n--><br \/>\n<\/body><\/p>\n","protected":false},"excerpt":{"rendered":"<p>No debe ser reducido tama\u00f1o de los panes &#13; El Partido Uni\u00f2n Dem\u00f2crata Cristiana (UDC)\u00a0 consider\u00f3 hoy que es una burla al pueblo que se reduzca el tama\u00f1o de los panes, como una forma de justificar un aumento en los precios. &#13; Luis Acosta Moreta, Luis \u201cEl Gallo\u201d, presidente de la UDC, manifest\u00f2 que\u00a0\u00a0 el [&hellip;]<\/p>\n","protected":false},"author":3,"featured_media":0,"comment_status":"open","ping_status":"open","sticky":false,"template":"","format":"standard","meta":{"footnotes":""},"categories":[22],"tags":[],"class_list":["post-191989","post","type-post","status-publish","format-standard","hentry","category-politica"],"_links":{"self":[{"href":"https:\/\/diariodominicano.com\/index.php?rest_route=\/wp\/v2\/posts\/191989","targetHints":{"allow":["GET"]}}],"collection":[{"href":"https:\/\/diariodominicano.com\/index.php?rest_route=\/wp\/v2\/posts"}],"about":[{"href":"https:\/\/diariodominicano.com\/index.php?rest_route=\/wp\/v2\/types\/post"}],"author":[{"embeddable":true,"href":"https:\/\/diariodominicano.com\/index.php?rest_route=\/wp\/v2\/users\/3"}],"replies":[{"embeddable":true,"href":"https:\/\/diariodominicano.com\/index.php?rest_route=%2Fwp%2Fv2%2Fcomments&post=191989"}],"version-history":[{"count":0,"href":"https:\/\/diariodominicano.com\/index.php?rest_route=\/wp\/v2\/posts\/191989\/revisions"}],"wp:attachment":[{"href":"https:\/\/diariodominicano.com\/index.php?rest_route=%2Fwp%2Fv2%2Fmedia&parent=191989"}],"wp:term":[{"taxonomy":"category","embeddable":true,"href":"https:\/\/diariodominicano.com\/index.php?rest_route=%2Fwp%2Fv2%2Fcategories&post=191989"},{"taxonomy":"post_tag","embeddable":true,"href":"https:\/\/diariodominicano.com\/index.php?rest_route=%2Fwp%2Fv2%2Ftags&post=191989"}],"curies":[{"name":"wp","href":"https:\/\/api.w.org\/{rel}","templated":true}]}}