{"id":191987,"date":"2007-11-14T15:00:02","date_gmt":"2007-11-14T15:00:02","guid":{"rendered":"http:\/\/diariodominicano.ddns.net\/?p=191987"},"modified":"2007-11-14T15:00:02","modified_gmt":"2007-11-14T15:00:02","slug":"pld-retira-spot","status":"publish","type":"post","link":"https:\/\/diariodominicano.com\/?p=191987","title":{"rendered":"PLD retira spot"},"content":{"rendered":"<p><body><\/p>\n<p class=\"titulogrande1\">PLD retira spot <\/p>\n<p>&#13;<\/p>\n<p align=\"justify\" class=\"text1noticias\"><strong>SANTO DOMINGO.-<\/strong> El Partido de la Liberaci\u00f3n Dominicana  (PLD)\u00a0\u00a0 acogiendo\u00a0\u00a0 la solicitud de la Junta Central  Electoral dispuso este martes la  suspensi\u00f3n de la divulgaci\u00f3n del spot de su campa\u00f1a promocional al tiempo de  manifestar su disposici\u00f3n de abstenerse de promover su candidatura presidencial  si lo propio hace el resto de los partidos pol\u00edticos.<\/p>\n<p>&#13;<\/p>\n<p align=\"justify\" class=\"text1noticias\">La disposici\u00f3n de la  direcci\u00f3n pol\u00edtica del PLD se hace publica mediante declaraciones de C\u00e9sar Pina Toribio, delegado pol\u00edtico ante  de esa organizaci\u00f3n ante la Junta Central  Electoral a quien se deleg\u00f3 para divulgar lo que se acord\u00f3 en una reuni\u00f3n en la v\u00edspera.<\/p>\n<p>&#13;<\/p>\n<p align=\"justify\" class=\"text1noticias\">Por escrito el tambi\u00e9n miembro del Comit\u00e9 Pol\u00edtico consigna la acogida de su partido a la solicitud de la JCE en cuanto al cese del spot donde aparece un actor con responsabilidades castrenses;  adem\u00e1s de hacer reservas del derecho constitucional a la libre difusi\u00f3n de  las ideas, y adem\u00e1s la disposici\u00f3n a abstenerse de realizar actividades  proselitistas si los dem\u00e1s partidos hacen lo mismo.<\/p>\n<p>&#13;<\/p>\n<p align=\"justify\" class=\"text1noticias\">En el documento rubricado por Pina Toribio y reproducido por  la Secretar\u00eda de Comunicaciones del PLD, se enumeran los tres  aspectos indicados y aboga por la flexibilidad de las autoridades  electorales \u00aben la b\u00fasqueda de aplicaci\u00f3n de la mencionada Resoluci\u00f3n y  propiciar, con el concurso de todos los partidos pol\u00edticos una soluci\u00f3n de  consenso en lo que se refiere a limitar sus actividades hasta tanto se haya  abierto formalmente el per\u00edodo electoral a que se refiere la ley sobre la  materia\u00bb.<\/p>\n<p>&#13;<\/p>\n<p align=\"justify\" class=\"text1noticias\">La direcci\u00f3n pol\u00edtica pelede\u00edsta, v\u00eda su Delegado ante la Junta Central Electoral, estim\u00f3 importantes las relaciones  armoniosas del tribunal de elecciones y los partidos pol\u00edticos.<\/p>\n<p>&#13;<\/p>\n<p align=\"justify\" class=\"text1noticias\">\u00abEl Partido de la Liberaci\u00f3n Dominicana  est\u00e1 en disposici\u00f3n de abstenerse de realizar actos de campa\u00f1a o de promoci\u00f3n de  las aspiraciones de su Candidato a la Presidencia, si as\u00ed lo acoge igualmente el resto  de los partidos\u00bb, insisti\u00f3.<\/p>\n<p>&#13;<\/p>\n<h6> 2007-11-14 15:00:02 <\/h6>\n<p><!--\n<link rel=\"stylesheet\" href=\"css\/bootstrap.min.css\">\n\n\n<ul class=\"pagination\">\n\t    \n\t\n\n<li >\n\t<a href='?page_no=34734'>Previous<\/a>\n\t<\/li>\n\n\n       \n    \n\n<li><a href='?page_no=1'>1<\/a><\/li>\n\n\n\n<li><a href='?page_no=2'>2<\/a><\/li>\n\n\n\n<li><a>...<\/a><\/li>\n\n\n\n<li><a href='?page_no=34733'>34733<\/a><\/li>\n\n\n\n<li><a href='?page_no=34734'>34734<\/a><\/li>\n\n\n\n<li class='active'><a>34735<\/a><\/li>\n\n\n\n<li><a href='?page_no=34736'>34736<\/a><\/li>\n\n\n\n<li><a href='?page_no=34737'>34737<\/a><\/li>\n\n\n\n<li><a>...<\/a><\/li>\n\n\n\n<li><a href='?page_no=36999'>36999<\/a><\/li>\n\n\n\n<li><a href='?page_no=37000'>37000<\/a><\/li>\n\n    \n\t\n\n<li >\n\t<a href='?page_no=34736'>Next<\/a>\n\t<\/li>\n\n\n    \n\n<li><a href='?page_no=37000'>Last &rsaquo;&rsaquo;<\/a><\/li>\n\n<\/ul>\n\n\n--><br \/>\n<\/body><\/p>\n","protected":false},"excerpt":{"rendered":"<p>PLD retira spot &#13; SANTO DOMINGO.- El Partido de la Liberaci\u00f3n Dominicana (PLD)\u00a0\u00a0 acogiendo\u00a0\u00a0 la solicitud de la Junta Central Electoral dispuso este martes la suspensi\u00f3n de la divulgaci\u00f3n del spot de su campa\u00f1a promocional al tiempo de manifestar su disposici\u00f3n de abstenerse de promover su candidatura presidencial si lo propio hace el resto de [&hellip;]<\/p>\n","protected":false},"author":3,"featured_media":0,"comment_status":"open","ping_status":"open","sticky":false,"template":"","format":"standard","meta":{"footnotes":""},"categories":[22],"tags":[],"class_list":["post-191987","post","type-post","status-publish","format-standard","hentry","category-politica"],"_links":{"self":[{"href":"https:\/\/diariodominicano.com\/index.php?rest_route=\/wp\/v2\/posts\/191987","targetHints":{"allow":["GET"]}}],"collection":[{"href":"https:\/\/diariodominicano.com\/index.php?rest_route=\/wp\/v2\/posts"}],"about":[{"href":"https:\/\/diariodominicano.com\/index.php?rest_route=\/wp\/v2\/types\/post"}],"author":[{"embeddable":true,"href":"https:\/\/diariodominicano.com\/index.php?rest_route=\/wp\/v2\/users\/3"}],"replies":[{"embeddable":true,"href":"https:\/\/diariodominicano.com\/index.php?rest_route=%2Fwp%2Fv2%2Fcomments&post=191987"}],"version-history":[{"count":0,"href":"https:\/\/diariodominicano.com\/index.php?rest_route=\/wp\/v2\/posts\/191987\/revisions"}],"wp:attachment":[{"href":"https:\/\/diariodominicano.com\/index.php?rest_route=%2Fwp%2Fv2%2Fmedia&parent=191987"}],"wp:term":[{"taxonomy":"category","embeddable":true,"href":"https:\/\/diariodominicano.com\/index.php?rest_route=%2Fwp%2Fv2%2Fcategories&post=191987"},{"taxonomy":"post_tag","embeddable":true,"href":"https:\/\/diariodominicano.com\/index.php?rest_route=%2Fwp%2Fv2%2Ftags&post=191987"}],"curies":[{"name":"wp","href":"https:\/\/api.w.org\/{rel}","templated":true}]}}