{"id":191986,"date":"2007-11-14T15:04:09","date_gmt":"2007-11-14T15:04:09","guid":{"rendered":"http:\/\/diariodominicano.ddns.net\/?p=191986"},"modified":"2007-11-14T15:04:09","modified_gmt":"2007-11-14T15:04:09","slug":"aunque-dice-el-prd-se-desliga-de-spot-de-campana-sucia-orlando-jorge-mera-considera-metodo-de-campana-es-legitimo-peledeistas-la-repudian","status":"publish","type":"post","link":"https:\/\/diariodominicano.com\/?p=191986","title":{"rendered":"Aunque dice el  PRD se desliga de spot de campa\u00f1a sucia, Orlando Jorge Mera considera m\u00e9todo de campa\u00f1a es leg\u00edtimo; Pelede\u00edstas la repudian"},"content":{"rendered":"<p><body><\/p>\n<p align=\"justify\"><span class=\"titulogrande1\">Aunque dice el\u00a0  PRD se desliga de spot de campa\u00f1a sucia, Orlando Jorge Mera considera \u00a0m\u00e9todo de campa\u00f1a es leg\u00edtimo; Pelede\u00edstas la repudian <\/span><br \/>&#13;<br \/>\n  <br \/>&#13;<br \/>\n    <span class=\"text1noticias\">El PLD repudi\u00f3 la campa\u00f1a negativa y lament\u00f3 que ante  la falta de discursos de propuestas, la oposici\u00f3n haya introducido en los  medios de comunicaci\u00f3n elementos negativos para una campa\u00f1a sucia, llena de  descr\u00e9dito que en nada beneficia al clima de democracia que ha logrado  establecer el pa\u00eds en los \u00faltimos a\u00f1os. <\/span><\/p>\n<p>&#13;<\/p>\n<p align=\"justify\" class=\"text1noticias\"><strong>SANTO DOMINGO.-<\/strong> El PRD se deslig\u00f3 de un spot de  televisi\u00f3n en que se personifica al presidente Leonel Fern\u00e1ndez como un m\u00e9dico  que se niega a atender a un paciente, pero su secretario General considera \u00a0que el \u00a0m\u00e9todo de \u201ccampa\u00f1a es leg\u00edtima\u201d.\u00a0 <br \/>&#13;<br \/>\n  <br \/>&#13;<br \/>\n  El  secretario general del PRD, Orlando Jorge Mera, record\u00f3 que no es la primera  vez en la Rep\u00fablica Dominicana  \u00a0que se hace ese tipo de campa\u00f1a e indic\u00f3  que el gobernante el PLD) \u201clo hizo y lo hace actualmente en espacio  pagado\u201d. Sostiene que el PLD hace ese tipo de spot publicitario con la pasada  administraci\u00f3n del ex presidente Hip\u00f3lito Mej\u00eda. <br \/>&#13;<br \/>\n  <br \/>&#13;<br \/>\n  El PLD repudi\u00f3 la campa\u00f1a negativa y lament\u00f3 que ante  la falta de discursos de propuestas, la oposici\u00f3n haya introducido en los  medios de comunicaci\u00f3n elementos negativos para una campa\u00f1a sucia, llena de  descr\u00e9dito que en nada beneficia al clima de democracia que ha logrado  establecer el pa\u00eds en los \u00faltimos a\u00f1os. <br \/>&#13;<br \/>\n  <br \/>&#13;<br \/>\n  As\u00ed lo afirmaron los dirigentes del PLD, Eucl\u00eddez  Gutierrez Feliz y Bautista Rojas G\u00f3mez, quienes consideraron como un acto de  irresponsabilidad la promoci\u00f3n de un spot pol\u00edtico en contra del doctor Leonel  Fern\u00e1ndez, donde aparecen los cr\u00e9ditos de una instituci\u00f3n, que El considera  incubierta. Apel\u00f3 a que la oposici\u00f3n asuma la responsabilidad de esta campa\u00f1a  negativa y no se camuflaje. <br \/>&#13;<br \/>\n  <br \/>&#13;<br \/>\n  Feliz afirm\u00f3 que el PRD acude a todo tipo de campa\u00f1a  y acusaciones contra el presidente Fern\u00e1ndez porque \u201cest\u00e1n abajo, donde quiera  est\u00e1n abajo y seguir\u00e1n abajo y seguir\u00e1n afuera\u201d. <\/p>\n<p>&#13;<\/p>\n<h6> 2007-11-14 15:04:09 <\/h6>\n<p><!--\n<link rel=\"stylesheet\" href=\"css\/bootstrap.min.css\">\n\n\n<ul class=\"pagination\">\n\t    \n\t\n\n<li >\n\t<a href='?page_no=34733'>Previous<\/a>\n\t<\/li>\n\n\n       \n    \n\n<li><a href='?page_no=1'>1<\/a><\/li>\n\n\n\n<li><a href='?page_no=2'>2<\/a><\/li>\n\n\n\n<li><a>...<\/a><\/li>\n\n\n\n<li><a href='?page_no=34732'>34732<\/a><\/li>\n\n\n\n<li><a href='?page_no=34733'>34733<\/a><\/li>\n\n\n\n<li class='active'><a>34734<\/a><\/li>\n\n\n\n<li><a href='?page_no=34735'>34735<\/a><\/li>\n\n\n\n<li><a href='?page_no=34736'>34736<\/a><\/li>\n\n\n\n<li><a>...<\/a><\/li>\n\n\n\n<li><a href='?page_no=36999'>36999<\/a><\/li>\n\n\n\n<li><a href='?page_no=37000'>37000<\/a><\/li>\n\n    \n\t\n\n<li >\n\t<a href='?page_no=34735'>Next<\/a>\n\t<\/li>\n\n\n    \n\n<li><a href='?page_no=37000'>Last &rsaquo;&rsaquo;<\/a><\/li>\n\n<\/ul>\n\n\n--><br \/>\n<\/body><\/p>\n","protected":false},"excerpt":{"rendered":"<p>Aunque dice el\u00a0 PRD se desliga de spot de campa\u00f1a sucia, Orlando Jorge Mera considera \u00a0m\u00e9todo de campa\u00f1a es leg\u00edtimo; Pelede\u00edstas la repudian &#13; &#13; El PLD repudi\u00f3 la campa\u00f1a negativa y lament\u00f3 que ante la falta de discursos de propuestas, la oposici\u00f3n haya introducido en los medios de comunicaci\u00f3n elementos negativos para una campa\u00f1a [&hellip;]<\/p>\n","protected":false},"author":3,"featured_media":0,"comment_status":"open","ping_status":"open","sticky":false,"template":"","format":"standard","meta":{"footnotes":""},"categories":[22],"tags":[],"class_list":["post-191986","post","type-post","status-publish","format-standard","hentry","category-politica"],"_links":{"self":[{"href":"https:\/\/diariodominicano.com\/index.php?rest_route=\/wp\/v2\/posts\/191986","targetHints":{"allow":["GET"]}}],"collection":[{"href":"https:\/\/diariodominicano.com\/index.php?rest_route=\/wp\/v2\/posts"}],"about":[{"href":"https:\/\/diariodominicano.com\/index.php?rest_route=\/wp\/v2\/types\/post"}],"author":[{"embeddable":true,"href":"https:\/\/diariodominicano.com\/index.php?rest_route=\/wp\/v2\/users\/3"}],"replies":[{"embeddable":true,"href":"https:\/\/diariodominicano.com\/index.php?rest_route=%2Fwp%2Fv2%2Fcomments&post=191986"}],"version-history":[{"count":0,"href":"https:\/\/diariodominicano.com\/index.php?rest_route=\/wp\/v2\/posts\/191986\/revisions"}],"wp:attachment":[{"href":"https:\/\/diariodominicano.com\/index.php?rest_route=%2Fwp%2Fv2%2Fmedia&parent=191986"}],"wp:term":[{"taxonomy":"category","embeddable":true,"href":"https:\/\/diariodominicano.com\/index.php?rest_route=%2Fwp%2Fv2%2Fcategories&post=191986"},{"taxonomy":"post_tag","embeddable":true,"href":"https:\/\/diariodominicano.com\/index.php?rest_route=%2Fwp%2Fv2%2Ftags&post=191986"}],"curies":[{"name":"wp","href":"https:\/\/api.w.org\/{rel}","templated":true}]}}