{"id":191985,"date":"2007-11-14T15:07:29","date_gmt":"2007-11-14T15:07:29","guid":{"rendered":"http:\/\/diariodominicano.ddns.net\/?p=191985"},"modified":"2007-11-14T15:07:29","modified_gmt":"2007-11-14T15:07:29","slug":"hipolito-dice-apoya-sin-reservas-a-miguel-vargas-maldonado","status":"publish","type":"post","link":"https:\/\/diariodominicano.com\/?p=191985","title":{"rendered":"Hip\u00f3lito dice apoya sin reservas a Miguel Vargas Maldonado"},"content":{"rendered":"<p><body><\/p>\n<p class=\"titulogrande1\">Hip\u00f3lito dice apoya sin  reservas a Miguel Vargas Maldonado<\/p>\n<p>&#13;<\/p>\n<p align=\"justify\" class=\"text1noticias\"><strong>SANTO DOMINGO.- <\/strong>El ex presidente de Rep\u00fablica,  Hip\u00f3lito Mej\u00eda, dijo que apoya, sin reservas, a Miguel Vargas  Maldonado, candidato presidencial del Partido Revolucionario Dominicano.<br \/>&#13;<br \/>\n  <br \/>&#13;<br \/>\n  Se\u00f1al\u00f3 que no  anda con titubeos ni con posiciones ambiguas, en lo referente\u00a0 a la campa\u00f1a presidencial del PRD.<br \/>&#13;<br \/>\n  <br \/>&#13;<br \/>\n  Manifest\u00f3 que  conoce bien a Vargas Maldonado y sabe que es un hombre que tiene la suficiente  capacidad para resolver los problemas del pa\u00eds.<br \/>&#13;<br \/>\n  <br \/>&#13;<br \/>\n  Asegura que el candidato presidencial del PRD no anda  proclamando mentiras y enga\u00f1os como suelen hacer dirigentes del Partido de la Liberaci\u00f3n Dominicana  (PLD).<br \/>&#13;<br \/>\n  <br \/>&#13;<br \/>\n  Dijo que el gobierno el presidente Fern\u00e1ndez  \u00abcompra a cualquier sinverg\u00fcenza que se le quiera vender\u00bb, y que est\u00e1  explotando al pa\u00eds con los impuestos que recibe por la venta de gasolina,  observando que en los Estados Unidos un gal\u00f3n se vende a 3 d\u00f3lares, y en el  pa\u00eds cuesta 5.<br \/>&#13;<br \/>\n  <br \/>&#13;<br \/>\n  Manifest\u00f3 que los dominicanos ya se cansaron de que el  presidente Fern\u00e1ndez y sus funcionarios les hablen bonito, que hace falta que  solucionen los problemas del pa\u00eds.<br \/>&#13;<br \/>\n  <br \/>&#13;<br \/>\n  Indic\u00f3 que no est\u00e1 de acuerdo con una modificaci\u00f3n  constitucional ahora, sino luego de los comicios de mayo del 2008, y mediante  el sistema de una constituyente.<br \/>&#13;<br \/>\n  <br \/>&#13;<br \/>\n  Reiter\u00f3 que fue un error suyo buscar la reelecci\u00f3n  presidencial, y que ya no est\u00e1 en eso de aspirar nuevamente, porque est\u00e1 en  otra cosa.<\/p>\n<p>&#13;<\/p>\n<h6> 2007-11-14 15:07:29 <\/h6>\n<p><!--\n<link rel=\"stylesheet\" href=\"css\/bootstrap.min.css\">\n\n\n<ul class=\"pagination\">\n\t    \n\t\n\n<li >\n\t<a href='?page_no=34732'>Previous<\/a>\n\t<\/li>\n\n\n       \n    \n\n<li><a href='?page_no=1'>1<\/a><\/li>\n\n\n\n<li><a href='?page_no=2'>2<\/a><\/li>\n\n\n\n<li><a>...<\/a><\/li>\n\n\n\n<li><a href='?page_no=34731'>34731<\/a><\/li>\n\n\n\n<li><a href='?page_no=34732'>34732<\/a><\/li>\n\n\n\n<li class='active'><a>34733<\/a><\/li>\n\n\n\n<li><a href='?page_no=34734'>34734<\/a><\/li>\n\n\n\n<li><a href='?page_no=34735'>34735<\/a><\/li>\n\n\n\n<li><a>...<\/a><\/li>\n\n\n\n<li><a href='?page_no=36999'>36999<\/a><\/li>\n\n\n\n<li><a href='?page_no=37000'>37000<\/a><\/li>\n\n    \n\t\n\n<li >\n\t<a href='?page_no=34734'>Next<\/a>\n\t<\/li>\n\n\n    \n\n<li><a href='?page_no=37000'>Last &rsaquo;&rsaquo;<\/a><\/li>\n\n<\/ul>\n\n\n--><br \/>\n<\/body><\/p>\n","protected":false},"excerpt":{"rendered":"<p>Hip\u00f3lito dice apoya sin reservas a Miguel Vargas Maldonado &#13; SANTO DOMINGO.- El ex presidente de Rep\u00fablica, Hip\u00f3lito Mej\u00eda, dijo que apoya, sin reservas, a Miguel Vargas Maldonado, candidato presidencial del Partido Revolucionario Dominicano.&#13; &#13; Se\u00f1al\u00f3 que no anda con titubeos ni con posiciones ambiguas, en lo referente\u00a0 a la campa\u00f1a presidencial del PRD.&#13; &#13; [&hellip;]<\/p>\n","protected":false},"author":3,"featured_media":0,"comment_status":"open","ping_status":"open","sticky":false,"template":"","format":"standard","meta":{"footnotes":""},"categories":[22],"tags":[],"class_list":["post-191985","post","type-post","status-publish","format-standard","hentry","category-politica"],"_links":{"self":[{"href":"https:\/\/diariodominicano.com\/index.php?rest_route=\/wp\/v2\/posts\/191985","targetHints":{"allow":["GET"]}}],"collection":[{"href":"https:\/\/diariodominicano.com\/index.php?rest_route=\/wp\/v2\/posts"}],"about":[{"href":"https:\/\/diariodominicano.com\/index.php?rest_route=\/wp\/v2\/types\/post"}],"author":[{"embeddable":true,"href":"https:\/\/diariodominicano.com\/index.php?rest_route=\/wp\/v2\/users\/3"}],"replies":[{"embeddable":true,"href":"https:\/\/diariodominicano.com\/index.php?rest_route=%2Fwp%2Fv2%2Fcomments&post=191985"}],"version-history":[{"count":0,"href":"https:\/\/diariodominicano.com\/index.php?rest_route=\/wp\/v2\/posts\/191985\/revisions"}],"wp:attachment":[{"href":"https:\/\/diariodominicano.com\/index.php?rest_route=%2Fwp%2Fv2%2Fmedia&parent=191985"}],"wp:term":[{"taxonomy":"category","embeddable":true,"href":"https:\/\/diariodominicano.com\/index.php?rest_route=%2Fwp%2Fv2%2Fcategories&post=191985"},{"taxonomy":"post_tag","embeddable":true,"href":"https:\/\/diariodominicano.com\/index.php?rest_route=%2Fwp%2Fv2%2Ftags&post=191985"}],"curies":[{"name":"wp","href":"https:\/\/api.w.org\/{rel}","templated":true}]}}