{"id":191984,"date":"2007-11-15T13:45:37","date_gmt":"2007-11-15T13:45:37","guid":{"rendered":"http:\/\/diariodominicano.ddns.net\/?p=191984"},"modified":"2007-11-15T13:45:37","modified_gmt":"2007-11-15T13:45:37","slug":"vargas-maldonado-comparte-con-embajadores-sudamericanos-en-el-pais","status":"publish","type":"post","link":"https:\/\/diariodominicano.com\/?p=191984","title":{"rendered":"Vargas Maldonado comparte con embajadores sudamericanos en el pa\u00eds"},"content":{"rendered":"<p><body><\/p>\n<p align=\"justify\"><span class=\"titulogrande1\">Vargas  Maldonado comparte con embajadores sudamericanos en el pa\u00eds <\/span><br \/>&#13;<br \/>\n  <br \/>&#13;<br \/>\n    <span class=\"text1noticias\"><strong><img loading=\"lazy\" decoding=\"async\" src=\"http:\/\/localhost:8080\/pictures\/maldonado embajadores.jpg\" width=\"269\" height=\"328\" hspace=\"4\" align=\"left\" \/>Santo  Domingo.-<\/strong> Los representantes  diplom\u00e1ticos de los pa\u00edses miembros del Mercado Com\u00fan del Sur (MERCOSUR)  acreditados en el pa\u00eds, ofrecieron un desayuno a Miguel Vargas Maldonado,  durante el cual intercambiaron impresiones con el candidato presidencial del  PRD sobre el curso de los acontecimientos pol\u00edticos, econ\u00f3micos y sociales de la Regi\u00f3n.<br \/> &#13;<br \/>\n    <br \/>&#13;<br \/>\n    La Direcci\u00f3n de Comunicaciones del candidato presidencial del PRD inform\u00f3  que la reuni\u00f3n se efectu\u00f3 en la  residencia de su Excelencia Vicente Azula De la Guerra, embajador de la Rep\u00fablica de Per\u00fa en el  pa\u00eds.<br \/>&#13;<br \/>\n    <br \/>&#13;<br \/>\n    Indic\u00f3  que Vargas Maldonado intercambi\u00f3 con los jefes de misiones de los pa\u00edses  sudamericanos, sobre los avances logrados en sus respectivos pa\u00edses en el marco  del Tratado comercial, mejor conocido como MERCOSUR.<br \/>&#13;<br \/>\n    <br \/>&#13;<br \/>\n    El  Mercado Com\u00fan del Sur (MERCOSUR),\u00a0 naci\u00f3 \u00a0el 26 de marzo de 1991, luego de la firma del  Tratado que suscribieran cuatro importantes naciones sudamericanas en la ciudad  de Asunci\u00f3n, capital del paraguay (Argentina, Brasil, Paraguay y Uruguay),  buscando acelerar sus procesos de desarrollo econ\u00f3mico y social, ampliando sus  respectivos mercados nacionales.<br \/>&#13;<br \/>\n    <br \/>&#13;<br \/>\n    Como  consecuencia de esta alianza estrat\u00e9gica, los pa\u00edses miembros del Mercosur  suscribieron en Brasil, durante la   Cumbre de Presidentes de Ouro Preto en diciembre de 1994, un  protocolo adicional al suscrito en Asunci\u00f3n, donde se establece la estructura  institucional a este mecanismo y se lo dota de personalidad jur\u00eddica  internacional.<br \/>&#13;<br \/>\n    <br \/>&#13;<br \/>\n    As\u00ed,  los Estados Partes iniciaron una nueva etapa de consolidaci\u00f3n y profundizaci\u00f3n  de sus relaciones de libre comercio, a trav\u00e9s de la libre circulaci\u00f3n de  bienes, servicios y factores productivos, establecimiento de un arancel externo  com\u00fan y la adopci\u00f3n de pol\u00edticas comerciales comunes.<br \/>&#13;<br \/>\n    <br \/>&#13;<br \/>\n    Los  pa\u00edses signatarios de este instrumento de integraci\u00f3n comercial han asumido el  compromiso de promover los principios democr\u00e1ticos en la regi\u00f3n. <br \/>&#13;<br \/>\n    <br \/>&#13;<br \/>\n    En  ese sentido se inscribe la reuni\u00f3n del\u00a0 Consejo del Mercado Com\u00fan de julio  de 1998 mediante el cual los presidentes de estas naciones suscribieron con  Chile y Bolivia el Protoco\u00a0 de Ushuaia Sobre Compromiso Democr\u00e1tico, el  cual compromete a estos seis pa\u00edses a reconocer la vigencia de las instituciones  democr\u00e1ticas como garant\u00eda para la continuidad de los procesos de integraci\u00f3n  regional.<br \/>&#13;<br \/>\n    <br \/>&#13;<br \/>\n    Mediante  nota enviada a esta redacci\u00f3n por la direcci\u00f3n de comunicaciones del comando de  campa\u00f1a del PRD, \u00a0Miguel Vargas valor\u00f3 \u00a0la invitaci\u00f3n que le hicieran  los diplom\u00e1ticos representantes de los pa\u00edses integrantes del MERCOSUR, y  precis\u00f3 \u00a0que la consolidaci\u00f3n de las relaciones comerciales y diplom\u00e1ticas  con los dem\u00e1s pa\u00edses de la regi\u00f3n\u00a0 formar\u00e1 parte de la estrategia de su  gobierno a partir del pr\u00f3ximo 16 de agosto.<br \/>&#13;<br \/>\n    <br \/>&#13;<br \/>\nLa Oficina de Comunicaciones del PRD indic\u00f3 que durante el  encuentro, Vargas Maldonado estuvo acompa\u00f1ado de \u00a0Peggy Cabral de Pe\u00f1a G\u00f3mez, directora de  Relaciones Internacionales del PRD, y de Rafael \u2013Cocuyo- B\u00e1ez, ex embajador  dominicano en Cuba.<\/span><\/p>\n<p>&#13;<\/p>\n<h6> 2007-11-15 13:45:37 <\/h6>\n<p><!--\n<link rel=\"stylesheet\" href=\"css\/bootstrap.min.css\">\n\n\n<ul class=\"pagination\">\n\t    \n\t\n\n<li >\n\t<a href='?page_no=34731'>Previous<\/a>\n\t<\/li>\n\n\n       \n    \n\n<li><a href='?page_no=1'>1<\/a><\/li>\n\n\n\n<li><a href='?page_no=2'>2<\/a><\/li>\n\n\n\n<li><a>...<\/a><\/li>\n\n\n\n<li><a href='?page_no=34730'>34730<\/a><\/li>\n\n\n\n<li><a href='?page_no=34731'>34731<\/a><\/li>\n\n\n\n<li class='active'><a>34732<\/a><\/li>\n\n\n\n<li><a href='?page_no=34733'>34733<\/a><\/li>\n\n\n\n<li><a href='?page_no=34734'>34734<\/a><\/li>\n\n\n\n<li><a>...<\/a><\/li>\n\n\n\n<li><a href='?page_no=36999'>36999<\/a><\/li>\n\n\n\n<li><a href='?page_no=37000'>37000<\/a><\/li>\n\n    \n\t\n\n<li >\n\t<a href='?page_no=34733'>Next<\/a>\n\t<\/li>\n\n\n    \n\n<li><a href='?page_no=37000'>Last &rsaquo;&rsaquo;<\/a><\/li>\n\n<\/ul>\n\n\n--><br \/>\n<\/body><\/p>\n","protected":false},"excerpt":{"rendered":"<p>Vargas Maldonado comparte con embajadores sudamericanos en el pa\u00eds &#13; &#13; Santo Domingo.- Los representantes diplom\u00e1ticos de los pa\u00edses miembros del Mercado Com\u00fan del Sur (MERCOSUR) acreditados en el pa\u00eds, ofrecieron un desayuno a Miguel Vargas Maldonado, durante el cual intercambiaron impresiones con el candidato presidencial del PRD sobre el curso de los acontecimientos pol\u00edticos, [&hellip;]<\/p>\n","protected":false},"author":3,"featured_media":0,"comment_status":"open","ping_status":"open","sticky":false,"template":"","format":"standard","meta":{"footnotes":""},"categories":[22],"tags":[],"class_list":["post-191984","post","type-post","status-publish","format-standard","hentry","category-politica"],"_links":{"self":[{"href":"https:\/\/diariodominicano.com\/index.php?rest_route=\/wp\/v2\/posts\/191984","targetHints":{"allow":["GET"]}}],"collection":[{"href":"https:\/\/diariodominicano.com\/index.php?rest_route=\/wp\/v2\/posts"}],"about":[{"href":"https:\/\/diariodominicano.com\/index.php?rest_route=\/wp\/v2\/types\/post"}],"author":[{"embeddable":true,"href":"https:\/\/diariodominicano.com\/index.php?rest_route=\/wp\/v2\/users\/3"}],"replies":[{"embeddable":true,"href":"https:\/\/diariodominicano.com\/index.php?rest_route=%2Fwp%2Fv2%2Fcomments&post=191984"}],"version-history":[{"count":0,"href":"https:\/\/diariodominicano.com\/index.php?rest_route=\/wp\/v2\/posts\/191984\/revisions"}],"wp:attachment":[{"href":"https:\/\/diariodominicano.com\/index.php?rest_route=%2Fwp%2Fv2%2Fmedia&parent=191984"}],"wp:term":[{"taxonomy":"category","embeddable":true,"href":"https:\/\/diariodominicano.com\/index.php?rest_route=%2Fwp%2Fv2%2Fcategories&post=191984"},{"taxonomy":"post_tag","embeddable":true,"href":"https:\/\/diariodominicano.com\/index.php?rest_route=%2Fwp%2Fv2%2Ftags&post=191984"}],"curies":[{"name":"wp","href":"https:\/\/api.w.org\/{rel}","templated":true}]}}