{"id":191983,"date":"2007-11-15T15:08:43","date_gmt":"2007-11-15T15:08:43","guid":{"rendered":"http:\/\/diariodominicano.ddns.net\/?p=191983"},"modified":"2007-11-15T15:08:43","modified_gmt":"2007-11-15T15:08:43","slug":"destaca-solidaridad-del-pld-con-damnificados","status":"publish","type":"post","link":"https:\/\/diariodominicano.com\/?p=191983","title":{"rendered":"Destaca solidaridad del PLD con damnificados"},"content":{"rendered":"<p><body><\/p>\n<p class=\"titulogrande1\">Destaca  solidaridad del PLD con damnificados<\/p>\n<p>&#13;<\/p>\n<p align=\"justify\" class=\"text1noticias\"><strong>Santo Domingo.-<\/strong> La secretaria  de Educaci\u00f3n consider\u00f3\u00a0 que el Partido de  la Liberaci\u00f3n Dominicana  ha dado la cara tanto en el gobierno como en la oposici\u00f3n, cuando el pa\u00eds ha  necesitado de una mano solidaria tras el paso de alg\u00fan desastre, como el  ocurrido recientemente. <br \/>&#13;<br \/>\n    <br \/>&#13;<br \/>\n  Alejandrina Germ\u00e1n sostuvo que \u00ablo cierto es que tambi\u00e9n en esta dif\u00edcil  situaci\u00f3n podemos demostrar la eficacia, la eficiencia y la solidaridad que  siempre ha mostrado el PLD en el gobierno y en la oposici\u00f3n\u00bb. <br \/>&#13;<br \/>\n  <br \/>&#13;<br \/>\n  Resalt\u00f3 que con el empe\u00f1o puesto por\u00a0 el gobierno en solucionar el  problema de miles de damnificado, por el paso\u00a0 de la tormenta Noel, no  hace otra cosa que cumplir con su labor dirigiendo el Estado, que es algo que  nadie lo puede regatear.<br \/>&#13;<br \/>\n  <br \/>&#13;<br \/>\n  Reiter\u00f3 que cuando las dependencias del Estado, como los Comedores Econ\u00f3micos,  el Plan Social de la   Presidencia, Obras P\u00fablicas, Salud P\u00fablica entre otras,  acuden a auxiliar a las personas no hacen otra cosa que cumplir su deber y  responsabilidad en el Estado y practicando la solidaridad que es una norma en  el PLD. <br \/>&#13;<br \/>\n  <br \/>&#13;<br \/>\n  \u00abCumpliendo con nuestro deber como funcionario, cumpliendo con la funci\u00f3n  de la instituci\u00f3n y mostrando como siempre lo que nos ense\u00f1\u00f3 Juan Bosch, que es  la solidaridad\u00bb, concluy\u00f3 la secretaria de educaci\u00f3n, integrante del  Comit\u00e9 Pol\u00edtico del Partido de la Liberaci\u00f3n Dominicana.\u00a0 <\/p>\n<p>&#13;<\/p>\n<h6> 2007-11-15 15:08:43 <\/h6>\n<p><!--\n<link rel=\"stylesheet\" href=\"css\/bootstrap.min.css\">\n\n\n<ul class=\"pagination\">\n\t    \n\t\n\n<li >\n\t<a href='?page_no=34730'>Previous<\/a>\n\t<\/li>\n\n\n       \n    \n\n<li><a href='?page_no=1'>1<\/a><\/li>\n\n\n\n<li><a href='?page_no=2'>2<\/a><\/li>\n\n\n\n<li><a>...<\/a><\/li>\n\n\n\n<li><a href='?page_no=34729'>34729<\/a><\/li>\n\n\n\n<li><a href='?page_no=34730'>34730<\/a><\/li>\n\n\n\n<li class='active'><a>34731<\/a><\/li>\n\n\n\n<li><a href='?page_no=34732'>34732<\/a><\/li>\n\n\n\n<li><a href='?page_no=34733'>34733<\/a><\/li>\n\n\n\n<li><a>...<\/a><\/li>\n\n\n\n<li><a href='?page_no=36999'>36999<\/a><\/li>\n\n\n\n<li><a href='?page_no=37000'>37000<\/a><\/li>\n\n    \n\t\n\n<li >\n\t<a href='?page_no=34732'>Next<\/a>\n\t<\/li>\n\n\n    \n\n<li><a href='?page_no=37000'>Last &rsaquo;&rsaquo;<\/a><\/li>\n\n<\/ul>\n\n\n--><br \/>\n<\/body><\/p>\n","protected":false},"excerpt":{"rendered":"<p>Destaca solidaridad del PLD con damnificados &#13; Santo Domingo.- La secretaria de Educaci\u00f3n consider\u00f3\u00a0 que el Partido de la Liberaci\u00f3n Dominicana ha dado la cara tanto en el gobierno como en la oposici\u00f3n, cuando el pa\u00eds ha necesitado de una mano solidaria tras el paso de alg\u00fan desastre, como el ocurrido recientemente. &#13; &#13; Alejandrina [&hellip;]<\/p>\n","protected":false},"author":3,"featured_media":0,"comment_status":"open","ping_status":"open","sticky":false,"template":"","format":"standard","meta":{"footnotes":""},"categories":[22],"tags":[],"class_list":["post-191983","post","type-post","status-publish","format-standard","hentry","category-politica"],"_links":{"self":[{"href":"https:\/\/diariodominicano.com\/index.php?rest_route=\/wp\/v2\/posts\/191983","targetHints":{"allow":["GET"]}}],"collection":[{"href":"https:\/\/diariodominicano.com\/index.php?rest_route=\/wp\/v2\/posts"}],"about":[{"href":"https:\/\/diariodominicano.com\/index.php?rest_route=\/wp\/v2\/types\/post"}],"author":[{"embeddable":true,"href":"https:\/\/diariodominicano.com\/index.php?rest_route=\/wp\/v2\/users\/3"}],"replies":[{"embeddable":true,"href":"https:\/\/diariodominicano.com\/index.php?rest_route=%2Fwp%2Fv2%2Fcomments&post=191983"}],"version-history":[{"count":0,"href":"https:\/\/diariodominicano.com\/index.php?rest_route=\/wp\/v2\/posts\/191983\/revisions"}],"wp:attachment":[{"href":"https:\/\/diariodominicano.com\/index.php?rest_route=%2Fwp%2Fv2%2Fmedia&parent=191983"}],"wp:term":[{"taxonomy":"category","embeddable":true,"href":"https:\/\/diariodominicano.com\/index.php?rest_route=%2Fwp%2Fv2%2Fcategories&post=191983"},{"taxonomy":"post_tag","embeddable":true,"href":"https:\/\/diariodominicano.com\/index.php?rest_route=%2Fwp%2Fv2%2Ftags&post=191983"}],"curies":[{"name":"wp","href":"https:\/\/api.w.org\/{rel}","templated":true}]}}