{"id":191981,"date":"2007-11-15T15:21:16","date_gmt":"2007-11-15T15:21:16","guid":{"rendered":"http:\/\/diariodominicano.ddns.net\/?p=191981"},"modified":"2007-11-15T15:21:16","modified_gmt":"2007-11-15T15:21:16","slug":"amable-aristy-responde-a-hipolito-mi-candidatura-no-esta-en-el-mercado","status":"publish","type":"post","link":"https:\/\/diariodominicano.com\/?p=191981","title":{"rendered":"Amable Aristy responde a Hipolito: \u201cMi candidatura no est\u00e1 en el mercado\u201d"},"content":{"rendered":"<p><body><\/p>\n<p align=\"justify\" class=\"titulogrande1\">Amable Aristy  responde a Hipolito: \u201cMi candidatura  no est\u00e1 en el mercado\u201d<\/p>\n<p>&#13;<\/p>\n<p align=\"justify\" class=\"text1noticias\"><strong><img loading=\"lazy\" decoding=\"async\" src=\"http:\/\/localhost:8080\/pictures\/amable responde.jpg\" width=\"269\" height=\"201\" hspace=\"4\" align=\"left\" \/>SANTO DOMINGO.-<\/strong> El  candidato presidencial del Partido Reformista Social Cristiano, Amable Aristy,  dijo \u00a0que su candidatura no est\u00e1 en el  mercado ni tampoco es \u201cagente libre\u201d, porque la misma pertenece a los pobres  que han sido castigados por los malos gobiernos del PRD y el PLD.<\/p>\n<p>&#13;<\/p>\n<p align=\"justify\" class=\"text1noticias\">\u201cSer\u00e9 el presidente de los pobres, marginados,  olvidados y excluidos, que han sido v\u00edctimas de los gobiernos del PRD-PPH y de Leonel Fern\u00e1ndez y  el PLD\u201d, agreg\u00f3.<\/p>\n<p>&#13;<\/p>\n<p align=\"justify\" class=\"text1noticias\">Se\u00f1al\u00f3 que todas las encuestas aseguran que habr\u00e1 una  segunda vuelta en los comicios presidenciales del pr\u00f3ximo a\u00f1o \u201cy la candidatura  nuestra, que representa a los pobres, participar\u00e1\u00a0 en ella y derrotaremos a Leonel Fern\u00e1ndez o a  Miguel Vargas, uno primero y el otro despu\u00e9s\u201d.<\/p>\n<p>&#13;<\/p>\n<p align=\"justify\" class=\"text1noticias\">Amable Aristy reaccion\u00f3 de esa manera a las  declaraciones del ex presidente Hip\u00f3lito Mej\u00eda, quien afirm\u00f3 \u00a0que trabaja para que el candidato reformista  pacte un acuerdo electoral con el Partido Revolucionario Dominicano (PRD) para  los comicios del pr\u00f3ximo a\u00f1o.<br \/>&#13;<br \/>\n  \u00a0 <br \/>&#13;<br \/>\n  Dijo que quienes quieren un cambio en el destino de la  naci\u00f3n saben perfectamente \u201cque solo en nosotros pueden encontrarlo\u201d.<\/p>\n<p>&#13;<\/p>\n<p align=\"justify\" class=\"text1noticias\">Manifest\u00f3 que si el presidente Fern\u00e1ndez o el  candidato perrede\u00edsta quieren retirarse y apoyarlo para evitarle al pa\u00eds una  segunda vuelta\u00a0 \u201cpues bienvenidos sean\u201d.<\/p>\n<p>&#13;<\/p>\n<p align=\"justify\" class=\"text1noticias\">El candidato presidencial reformista\u00a0 afirm\u00f3 que en diciembre pr\u00f3ximo habr\u00e1 un  triple empate en la preferencia del electoral \u201cy en la actualidad la diferencia  que existe entre el partido que se encuentra en el primer y el que est\u00e1 en  tercero lugar no supera el 10 por ciento\u201d.<\/p>\n<p>&#13;<\/p>\n<p align=\"justify\" class=\"text1noticias\">\u201cPuedo asegurar que en el electorado dominicano hay  dos que est\u00e1n creciendo, por un lado nosotros con el apoyo de los pobres y por  el otro, los indecisos que han perdido la fe en el PRD y el PLD\u201d, apunt\u00f3.<\/p>\n<p>&#13;<\/p>\n<p align=\"justify\" class=\"text1noticias\">Resalt\u00f3 \u00a0que de  aqu\u00ed a diciembre su candidatura remontar\u00e1 con la adhesi\u00f3n de las que Joaqu\u00edn  Balaguer llamara las masas silentes y se colocar\u00e1 en la competencia por el  primer lugar.<\/p>\n<p>&#13;<\/p>\n<p align=\"justify\" class=\"text1noticias\">\u201cSi nos preguntan en qu\u00e9 lugar estamos, la respuesta  correcta ser\u00eda casi el segundo y camino al primero\u201d, agreg\u00f3.<\/p>\n<p>&#13;<\/p>\n<p align=\"justify\" class=\"text1noticias\">Aristy dijo que nadie ni nada podr\u00e1 detener el triunfo  del Partido Reformista Social Cristiano pues lleg\u00f3 la hora de los pobres en la Rep\u00fablica Dominicana.<\/p>\n<p>&#13;<\/p>\n<p align=\"justify\" class=\"text1noticias\">Amable ofreci\u00f3 estas declaraciones en momento en  que\u00a0 hac\u00eda entrega de una ayuda de RD$390  mil\u00a0 a la joven Luisa Medina, de 18 a\u00f1os,  residente en el Ensanche Quisqueya, de la Capital, que amerita de una intervenci\u00f3n  quir\u00fargica para salvarle la vida y la comunidad organizaba una kerm\u00e9s para  reunir el dinero.<\/p>\n<p>&#13;<\/p>\n<p align=\"justify\" class=\"text1noticias\">El candidato presidencial del PRSC se present\u00f3 al  lugar y entreg\u00f3 la ayuda a la joven, quien agradeci\u00f3 el gesto junto a su madre,  familiares y los residentes del sector. Aquello provoc\u00f3 elogios y comentarios a  favor de Aristy Castro, como el de una se\u00f1ora que grit\u00f3 a todo pulm\u00f3n: \u201cEste es  el \u00fanico pol\u00edtico que se acuerdo de los pobres\u201d.<\/p>\n<p>&#13;<\/p>\n<p align=\"justify\" class=\"text1noticias\">Tambi\u00e9n aprovech\u00f3 para distribuir mu\u00f1ecas, carros y  bicicletas a cientos de ni\u00f1os que se encontraban en la kerm\u00e9s.<\/p>\n<p>&#13;<\/p>\n<h6> 2007-11-15 15:21:16 <\/h6>\n<p><!--\n<link rel=\"stylesheet\" href=\"css\/bootstrap.min.css\">\n\n\n<ul class=\"pagination\">\n\t    \n\t\n\n<li >\n\t<a href='?page_no=34728'>Previous<\/a>\n\t<\/li>\n\n\n       \n    \n\n<li><a href='?page_no=1'>1<\/a><\/li>\n\n\n\n<li><a href='?page_no=2'>2<\/a><\/li>\n\n\n\n<li><a>...<\/a><\/li>\n\n\n\n<li><a href='?page_no=34727'>34727<\/a><\/li>\n\n\n\n<li><a href='?page_no=34728'>34728<\/a><\/li>\n\n\n\n<li class='active'><a>34729<\/a><\/li>\n\n\n\n<li><a href='?page_no=34730'>34730<\/a><\/li>\n\n\n\n<li><a href='?page_no=34731'>34731<\/a><\/li>\n\n\n\n<li><a>...<\/a><\/li>\n\n\n\n<li><a href='?page_no=36999'>36999<\/a><\/li>\n\n\n\n<li><a href='?page_no=37000'>37000<\/a><\/li>\n\n    \n\t\n\n<li >\n\t<a href='?page_no=34730'>Next<\/a>\n\t<\/li>\n\n\n    \n\n<li><a href='?page_no=37000'>Last &rsaquo;&rsaquo;<\/a><\/li>\n\n<\/ul>\n\n\n--><br \/>\n<\/body><\/p>\n","protected":false},"excerpt":{"rendered":"<p>Amable Aristy responde a Hipolito: \u201cMi candidatura no est\u00e1 en el mercado\u201d &#13; SANTO DOMINGO.- El candidato presidencial del Partido Reformista Social Cristiano, Amable Aristy, dijo \u00a0que su candidatura no est\u00e1 en el mercado ni tampoco es \u201cagente libre\u201d, porque la misma pertenece a los pobres que han sido castigados por los malos gobiernos del [&hellip;]<\/p>\n","protected":false},"author":3,"featured_media":0,"comment_status":"open","ping_status":"open","sticky":false,"template":"","format":"standard","meta":{"footnotes":""},"categories":[22],"tags":[],"class_list":["post-191981","post","type-post","status-publish","format-standard","hentry","category-politica"],"_links":{"self":[{"href":"https:\/\/diariodominicano.com\/index.php?rest_route=\/wp\/v2\/posts\/191981","targetHints":{"allow":["GET"]}}],"collection":[{"href":"https:\/\/diariodominicano.com\/index.php?rest_route=\/wp\/v2\/posts"}],"about":[{"href":"https:\/\/diariodominicano.com\/index.php?rest_route=\/wp\/v2\/types\/post"}],"author":[{"embeddable":true,"href":"https:\/\/diariodominicano.com\/index.php?rest_route=\/wp\/v2\/users\/3"}],"replies":[{"embeddable":true,"href":"https:\/\/diariodominicano.com\/index.php?rest_route=%2Fwp%2Fv2%2Fcomments&post=191981"}],"version-history":[{"count":0,"href":"https:\/\/diariodominicano.com\/index.php?rest_route=\/wp\/v2\/posts\/191981\/revisions"}],"wp:attachment":[{"href":"https:\/\/diariodominicano.com\/index.php?rest_route=%2Fwp%2Fv2%2Fmedia&parent=191981"}],"wp:term":[{"taxonomy":"category","embeddable":true,"href":"https:\/\/diariodominicano.com\/index.php?rest_route=%2Fwp%2Fv2%2Fcategories&post=191981"},{"taxonomy":"post_tag","embeddable":true,"href":"https:\/\/diariodominicano.com\/index.php?rest_route=%2Fwp%2Fv2%2Ftags&post=191981"}],"curies":[{"name":"wp","href":"https:\/\/api.w.org\/{rel}","templated":true}]}}