{"id":191980,"date":"2007-11-15T17:40:45","date_gmt":"2007-11-15T17:40:45","guid":{"rendered":"http:\/\/diariodominicano.ddns.net\/?p=191980"},"modified":"2007-11-15T17:40:45","modified_gmt":"2007-11-15T17:40:45","slug":"ptd-alaba-entrega-de-cientos-de-tarjetas-solidaridad-a-personas-mas-necesitadas","status":"publish","type":"post","link":"https:\/\/diariodominicano.com\/?p=191980","title":{"rendered":"PTD alaba entrega de cientos de tarjetas Solidaridad a personas m\u00e1s necesitadas"},"content":{"rendered":"<p><body><\/p>\n<p align=\"justify\"><span class=\"titulogrande1\"><strong>PTD alaba entrega de cientos de tarjetas Solidaridad a  personas m\u00e1s necesitadas<\/strong><\/span><strong>\u00a0 <\/strong><\/p>\n<p>&#13;<\/p>\n<p align=\"justify\" class=\"text1noticias\"><strong>BARAHONA.- <\/strong>El Partido de los  Trabajadores Dominicanos (PTD), alab\u00f3 este mi\u00e9rcoles la entrega\u00a0 de cientos de Tarjetas Solidaridad en la  regi\u00f3n Enriquillo, que hace\u00a0 el Gobierno  del presidente Leonel Fern\u00e1ndez, a trav\u00e9s de la Administradora de  Subsidios Sociales (ADESS) con las que se otorga\u00a0 subsidios focalizados a las familias m\u00e1s  necesitadas del pa\u00eds.<\/p>\n<p>&#13;<\/p>\n<p align=\"justify\" class=\"text1noticias\">La entidad pol\u00edtica que  lidera el ex senador y Director Ejecutivo del Fondo de Promoci\u00f3n a las  Iniciativas Comunitarias (Procomunidad), Jos\u00e9 Gonz\u00e1lez Espinosa, dijo que en las provincias de Barahona, Pedernales,  Bahoruco e Independencia se est\u00e1n entregando cientos de Tarjetas Solidaridad.<\/p>\n<p>&#13;<\/p>\n<p align=\"justify\" class=\"text1noticias\">Manifiesta la entidad  pol\u00edtica aliada al Partido de la Liberaci\u00f3n Dominicana  (PLD) que las tarjetas incluyen los tres componentes vigentes del sistema de  subsidios sociales con las cuales los beneficiarios reciben una partida 550  pesos mensuales para la compra de alimentos con el programa \u201cComer es Primero\u201d.<\/p>\n<p>&#13;<\/p>\n<p align=\"justify\" class=\"text1noticias\">\u201cMientras que con el  \u201cIncentivo a la   Asistencia Escolar\u201d (ILAE) lo beneficiados reciben la suma  600 pesos cada dos meses, por la\u00a0 Asistencia de los Ni\u00f1os a la Escuela\u201d y con el  \u201cIncentivo a los Envejecientes\u201d una partida de 300 pesos m\u00e1s mensualmente\u00a0 a las personas de 65 a\u00f1os o m\u00e1s\u00a0 que no tienen\u00a0  pensi\u00f3n ni empleo\u201d, destac\u00f3 el PTD.<\/p>\n<p>&#13;<\/p>\n<p align=\"justify\" class=\"text1noticias\">Enfatiz\u00f3 que el Gobierno que  preside Leonel Fern\u00e1ndez\u00a0 con la entrega  de la\u00a0 Tarjetas Solidaridad ayuda  a que las familias m\u00e1s empobrecida de esta regi\u00f3n Enriquillo, adquieran alimentos, \u00fatiles escolares y medicinas en  los comercios integrados al Sistema de Pago de los Subsidios Sociales que son  otorgados por medio de pago electr\u00f3nico prepagado.\u00a0 <\/p>\n<p>&#13;<\/p>\n<p align=\"justify\" class=\"text1noticias\">\u201cLos beneficiarios como  contrapartida deben cumplir una serie de requisitos, entre ellos,\u00a0 el chequeo m\u00e9dico de las embarazadas y la  asistencia a la escuela de los menores\u201d, dijo.<\/p>\n<p>&#13;<\/p>\n<p align=\"justify\" class=\"text1noticias\"><strong>Acerca de la   ADESS<\/strong><\/p>\n<p>&#13;<\/p>\n<p align=\"justify\" class=\"text1noticias\">La Administradora de Subsidios Sociales (ADESS) fue creada, mediante el  decreto No.1560-04 del 16 de Diciembre de 2005, adscrita al Ejecutivo con  autonom\u00eda t\u00e9cnica, administrativa y financiera para actuar como organismo  unificador de los pagos de los subsidios sociales.\u00a0 <br \/>&#13;<br \/>\n  <br \/>&#13;<br \/>\nTiene a su cargo la administraci\u00f3n y  ejecuci\u00f3n financiera de los subsidios, as\u00ed como la fiscalizaci\u00f3n y verificaci\u00f3n  de los contratos y\/o convenios suscritos con los comercios adheridos.<\/p>\n<p>&#13;<\/p>\n<p align=\"justify\" class=\"text1noticias\">Esta instituci\u00f3n tiene  vinculaci\u00f3n institucional y funcional con el Gabinete de Coordinaci\u00f3n de  Pol\u00edticas Sociales, que dirige y coordina el Vicepresidente de la Rep\u00fablica, Dr. Rafael  Alburquerque, as\u00ed tambi\u00e9n con todas aquellas instituciones del Estado  responsables de determinar, instrumentar y focalizar cualquier subsidio de  car\u00e1cter social.<\/p>\n<p>&#13;<\/p>\n<h6> 2007-11-15 17:40:45 <\/h6>\n<p><!--\n<link rel=\"stylesheet\" href=\"css\/bootstrap.min.css\">\n\n\n<ul class=\"pagination\">\n\t    \n\t\n\n<li >\n\t<a href='?page_no=34727'>Previous<\/a>\n\t<\/li>\n\n\n       \n    \n\n<li><a href='?page_no=1'>1<\/a><\/li>\n\n\n\n<li><a href='?page_no=2'>2<\/a><\/li>\n\n\n\n<li><a>...<\/a><\/li>\n\n\n\n<li><a href='?page_no=34726'>34726<\/a><\/li>\n\n\n\n<li><a href='?page_no=34727'>34727<\/a><\/li>\n\n\n\n<li class='active'><a>34728<\/a><\/li>\n\n\n\n<li><a href='?page_no=34729'>34729<\/a><\/li>\n\n\n\n<li><a href='?page_no=34730'>34730<\/a><\/li>\n\n\n\n<li><a>...<\/a><\/li>\n\n\n\n<li><a href='?page_no=36999'>36999<\/a><\/li>\n\n\n\n<li><a href='?page_no=37000'>37000<\/a><\/li>\n\n    \n\t\n\n<li >\n\t<a href='?page_no=34729'>Next<\/a>\n\t<\/li>\n\n\n    \n\n<li><a href='?page_no=37000'>Last &rsaquo;&rsaquo;<\/a><\/li>\n\n<\/ul>\n\n\n--><br \/>\n<\/body><\/p>\n","protected":false},"excerpt":{"rendered":"<p>PTD alaba entrega de cientos de tarjetas Solidaridad a personas m\u00e1s necesitadas\u00a0 &#13; BARAHONA.- El Partido de los Trabajadores Dominicanos (PTD), alab\u00f3 este mi\u00e9rcoles la entrega\u00a0 de cientos de Tarjetas Solidaridad en la regi\u00f3n Enriquillo, que hace\u00a0 el Gobierno del presidente Leonel Fern\u00e1ndez, a trav\u00e9s de la Administradora de Subsidios Sociales (ADESS) con las que [&hellip;]<\/p>\n","protected":false},"author":3,"featured_media":0,"comment_status":"open","ping_status":"open","sticky":false,"template":"","format":"standard","meta":{"footnotes":""},"categories":[22],"tags":[],"class_list":["post-191980","post","type-post","status-publish","format-standard","hentry","category-politica"],"_links":{"self":[{"href":"https:\/\/diariodominicano.com\/index.php?rest_route=\/wp\/v2\/posts\/191980","targetHints":{"allow":["GET"]}}],"collection":[{"href":"https:\/\/diariodominicano.com\/index.php?rest_route=\/wp\/v2\/posts"}],"about":[{"href":"https:\/\/diariodominicano.com\/index.php?rest_route=\/wp\/v2\/types\/post"}],"author":[{"embeddable":true,"href":"https:\/\/diariodominicano.com\/index.php?rest_route=\/wp\/v2\/users\/3"}],"replies":[{"embeddable":true,"href":"https:\/\/diariodominicano.com\/index.php?rest_route=%2Fwp%2Fv2%2Fcomments&post=191980"}],"version-history":[{"count":0,"href":"https:\/\/diariodominicano.com\/index.php?rest_route=\/wp\/v2\/posts\/191980\/revisions"}],"wp:attachment":[{"href":"https:\/\/diariodominicano.com\/index.php?rest_route=%2Fwp%2Fv2%2Fmedia&parent=191980"}],"wp:term":[{"taxonomy":"category","embeddable":true,"href":"https:\/\/diariodominicano.com\/index.php?rest_route=%2Fwp%2Fv2%2Fcategories&post=191980"},{"taxonomy":"post_tag","embeddable":true,"href":"https:\/\/diariodominicano.com\/index.php?rest_route=%2Fwp%2Fv2%2Ftags&post=191980"}],"curies":[{"name":"wp","href":"https:\/\/api.w.org\/{rel}","templated":true}]}}