{"id":191977,"date":"2007-11-16T15:11:38","date_gmt":"2007-11-16T15:11:38","guid":{"rendered":"http:\/\/diariodominicano.ddns.net\/?p=191977"},"modified":"2007-11-16T15:11:38","modified_gmt":"2007-11-16T15:11:38","slug":"luis-el-gallo-pide-elevar-el-debate-politico-y-social","status":"publish","type":"post","link":"https:\/\/diariodominicano.com\/?p=191977","title":{"rendered":"Luis \u201cEl Gallo\u201d pide elevar el debate  pol\u00edtico y social"},"content":{"rendered":"<p><body><\/p>\n<p class=\"titulogrande1\">Luis  \u201cEl Gallo\u201d pide \u00a0elevar el debate pol\u00edtico y social<\/p>\n<p>&#13;<\/p>\n<p align=\"justify\" class=\"text1noticias\">El Partido Uni\u00f2n Dem\u00f2crata Cristiana (UDC) consider\u00f3  hoy que el debate pol\u00edtico debe ser elevado en el pa\u00ecs, y reclam\u00f3 que se  preserven los valores morales e institucionales en la campa\u00f1a electoral.<\/p>\n<p>&#13;<\/p>\n<p align=\"justify\" class=\"text1noticias\">Luis Acosta Moreta, Luis\u00a0 \u201cEl Gallo\u201d, manifest\u00f2 que lleg\u00f2 la hora de  que la concordia medie entre los dominicanos, y que se abandonen las acciones  de enfrentamientos, y de acusaciones sin fundamento.<\/p>\n<p>&#13;<\/p>\n<p align=\"justify\" class=\"text1noticias\">Agreg\u00f2 que hay grupos que consideran que la mejor forma  de hacer oposici\u00f3n es lanzando insultos y acusaciones balad\u00edes, por lo que esos  sectores minoritarios deben saber que el pueblo rechaza esos m\u00e9todos.<\/p>\n<p>&#13;<\/p>\n<p align=\"justify\" class=\"text1noticias\">Dijo que hoy de lo que se trata es de que haya una  mejor\u00eca sustancial de los niveles de vida de la poblaci\u00f3n dominicana, y ello  s\u00f2lo se podr\u00e0 alcanzar con la colaboraci\u00f3n y el esfuerzo de todos.<\/p>\n<p>&#13;<\/p>\n<p align=\"justify\" class=\"text1noticias\">Actitudes y posiciones sectarias, dijo Acosta Moreta,  no sirven para mantener la unidad nacional, que es la forma ideal de poder  hacer frente a los problemas generados por las evoluciones propias de un pa\u00ecs  en desarrollo.<\/p>\n<p>&#13;<\/p>\n<p align=\"justify\" class=\"text1noticias\">Hizo un llamado a los grupos opositores, para que en  vez de tener posiciones de choque y golpeos y enfrentamientos innecesarios y  balad\u00edes, se apresten a formar parte de una gran cruzada para hacer frente a  los estragos causados por la tormenta Noel.<\/p>\n<p>&#13;<\/p>\n<p align=\"justify\" class=\"text1noticias\">Enfatiz\u00f2 que luego del paso de la tormenta viene la  etapa m\u00e0s dif\u00edcil de la sociedad dominicana, que es la reconstrucci\u00f2n, y volver  a la normalidad de la vida diaria de todos.<\/p>\n<p>&#13;<\/p>\n<p align=\"justify\" class=\"text1noticias\">A\u00f1adi\u00f2 que si no hay una gran concertaci\u00f3n nacional,  de pol\u00ecticos, empresarios y gente del pueblo, se har\u00e0 dif\u00edcil que se pueda  hacer frente a los graves y grandes problemas que tiene nuestro pa\u00eds.<\/p>\n<p>&#13;<\/p>\n<p align=\"justify\" class=\"text1noticias\">Pidi\u00f2 que se lleve el pan a\u00a0 los necesitados, la ense\u00f1anza a los que carecen  de aulas, las medicinas a los que est\u00e0n enfermos en los hospitales, y la mano  amiga y generosa a todo el que lo necesite.<\/p>\n<p>&#13;<\/p>\n<p align=\"justify\" class=\"text1noticias\">Enfatiz\u00f2 que eso sencillamente no se puede lograr si  no es con la colaboraci\u00f3n y la solidaridad de todos los dominicanos.<\/p>\n<p>&#13;<\/p>\n<h6> 2007-11-16 15:11:38 <\/h6>\n<p><!--\n<link rel=\"stylesheet\" href=\"css\/bootstrap.min.css\">\n\n\n<ul class=\"pagination\">\n\t    \n\t\n\n<li >\n\t<a href='?page_no=34724'>Previous<\/a>\n\t<\/li>\n\n\n       \n    \n\n<li><a href='?page_no=1'>1<\/a><\/li>\n\n\n\n<li><a href='?page_no=2'>2<\/a><\/li>\n\n\n\n<li><a>...<\/a><\/li>\n\n\n\n<li><a href='?page_no=34723'>34723<\/a><\/li>\n\n\n\n<li><a href='?page_no=34724'>34724<\/a><\/li>\n\n\n\n<li class='active'><a>34725<\/a><\/li>\n\n\n\n<li><a href='?page_no=34726'>34726<\/a><\/li>\n\n\n\n<li><a href='?page_no=34727'>34727<\/a><\/li>\n\n\n\n<li><a>...<\/a><\/li>\n\n\n\n<li><a href='?page_no=36999'>36999<\/a><\/li>\n\n\n\n<li><a href='?page_no=37000'>37000<\/a><\/li>\n\n    \n\t\n\n<li >\n\t<a href='?page_no=34726'>Next<\/a>\n\t<\/li>\n\n\n    \n\n<li><a href='?page_no=37000'>Last &rsaquo;&rsaquo;<\/a><\/li>\n\n<\/ul>\n\n\n--><br \/>\n<\/body><\/p>\n","protected":false},"excerpt":{"rendered":"<p>Luis \u201cEl Gallo\u201d pide \u00a0elevar el debate pol\u00edtico y social &#13; El Partido Uni\u00f2n Dem\u00f2crata Cristiana (UDC) consider\u00f3 hoy que el debate pol\u00edtico debe ser elevado en el pa\u00ecs, y reclam\u00f3 que se preserven los valores morales e institucionales en la campa\u00f1a electoral. &#13; Luis Acosta Moreta, Luis\u00a0 \u201cEl Gallo\u201d, manifest\u00f2 que lleg\u00f2 la hora [&hellip;]<\/p>\n","protected":false},"author":3,"featured_media":0,"comment_status":"open","ping_status":"open","sticky":false,"template":"","format":"standard","meta":{"footnotes":""},"categories":[22],"tags":[],"class_list":["post-191977","post","type-post","status-publish","format-standard","hentry","category-politica"],"_links":{"self":[{"href":"https:\/\/diariodominicano.com\/index.php?rest_route=\/wp\/v2\/posts\/191977","targetHints":{"allow":["GET"]}}],"collection":[{"href":"https:\/\/diariodominicano.com\/index.php?rest_route=\/wp\/v2\/posts"}],"about":[{"href":"https:\/\/diariodominicano.com\/index.php?rest_route=\/wp\/v2\/types\/post"}],"author":[{"embeddable":true,"href":"https:\/\/diariodominicano.com\/index.php?rest_route=\/wp\/v2\/users\/3"}],"replies":[{"embeddable":true,"href":"https:\/\/diariodominicano.com\/index.php?rest_route=%2Fwp%2Fv2%2Fcomments&post=191977"}],"version-history":[{"count":0,"href":"https:\/\/diariodominicano.com\/index.php?rest_route=\/wp\/v2\/posts\/191977\/revisions"}],"wp:attachment":[{"href":"https:\/\/diariodominicano.com\/index.php?rest_route=%2Fwp%2Fv2%2Fmedia&parent=191977"}],"wp:term":[{"taxonomy":"category","embeddable":true,"href":"https:\/\/diariodominicano.com\/index.php?rest_route=%2Fwp%2Fv2%2Fcategories&post=191977"},{"taxonomy":"post_tag","embeddable":true,"href":"https:\/\/diariodominicano.com\/index.php?rest_route=%2Fwp%2Fv2%2Ftags&post=191977"}],"curies":[{"name":"wp","href":"https:\/\/api.w.org\/{rel}","templated":true}]}}