{"id":191975,"date":"2007-11-16T15:22:28","date_gmt":"2007-11-16T15:22:28","guid":{"rendered":"http:\/\/diariodominicano.ddns.net\/?p=191975"},"modified":"2007-11-16T15:22:28","modified_gmt":"2007-11-16T15:22:28","slug":"gobierno-rechaza-delegar-sus-facultades","status":"publish","type":"post","link":"https:\/\/diariodominicano.com\/?p=191975","title":{"rendered":"Gobierno rechaza delegar sus facultades"},"content":{"rendered":"<p><body><\/p>\n<p align=\"justify\"><span class=\"titulogrande1\">Gobierno  rechaza delegar sus facultades <\/span><br \/>&#13;<br \/>\n  <br \/>&#13;<br \/>\n    <span class=\"text1noticias\"><strong>SANTO DOMINGO.-<\/strong> El  gobierno rechaz\u00f3 este jueves la propuesta hecha por el Partido Revolucionario  Dominicano de crear una comisi\u00f3n para el manejo de los recursos que se  utilizar\u00e1 en el Plan Nacional de Reconstrucci\u00f3n.<br \/>&#13;<br \/>\n    <br \/>&#13;<br \/>\n    La Posici\u00f3n, fijada a trav\u00e9s del secretario  de Hacienda, Vicente Bengoa, refiere que \u00abel pueblo dominicano escogi\u00f3 constitucionalmente al doctor Leonel Fern\u00e1ndez como presidente, y \u00e9ste, a su  vez, design\u00f3 a sus funcionarios para dirigir los destinos del pa\u00eds\u00bb.<br \/>&#13;<br \/>\n    <br \/>&#13;<br \/>\n    Aclar\u00f3 que aunque el  Presidente Fern\u00e1ndez y todo el gobierno saluda y agradece la actitud solidaria  de todos los sectores que le han tocado las puertas para trabajar unidos, en  modo alguno renuncia a sus facultades establecidas en la Constituci\u00f3n y las  leyes.<br \/>&#13;<br \/>\n    <br \/>&#13;<br \/>\n    Resalt\u00f3 Bengoa que la Constituci\u00f3n de la Rep\u00fablica le da facultad  al Presidente y a sus funcionarios para manejar los fondos p\u00fablicos y \u00abno  vamos a delegar nuestra responsabilidad\u00bb.<br \/>&#13;<br \/>\n    <br \/>&#13;<br \/>\n    Se pregunt\u00f3 el  funcionario, si el Partido Revolucionario Dominicano, cuando estuvo en el poder  en el cuatrienio pasado, design\u00f3 comisi\u00f3n alguna para que la oposici\u00f3n manejase  los 1, 200 millones de Bonos Soberanos, que todav\u00eda la poblaci\u00f3n no ha visto en  qu\u00e9 lo gast\u00f3 la administraci\u00f3n pasada.<br \/>&#13;<br \/>\n    <br \/>&#13;<br \/>\n    En lo relativo a los 5  mil millones de pesos en bonos, aprobados por el Congreso Nacional para el Plan  Nacional de Recuperaci\u00f3n, Bengoa dijo que esa cantidad no ser\u00e1 utilizada este  a\u00f1o, sino que se ir\u00e1 desembolsando en la medida de las necesidades del gobierno  el a\u00f1o que viene.<br \/>&#13;<br \/>\n    <br \/>&#13;<br \/>\n    Manifest\u00f3 que como ellos  actuaron sin rendir cuenta sobre la cantidad de recursos manejados mediante el  endeudamiento externo, creen que la administraci\u00f3n Fern\u00e1ndez actuar\u00e1 con el  mismo grado de irresponsabilidad con que ellos se manejaron en el pasado.<br \/>&#13;<br \/>\n    <br \/>&#13;<br \/>\n    Record\u00f3 \u00a0que una deuda externa que el presidente  Fern\u00e1ndez dej\u00f3 en el a\u00f1o 2000 en 3 mil 600 millones de d\u00f3lares, el gobierno  perrede\u00edsta la llev\u00f3 a m\u00e1s de 10 mil millones de d\u00f3lares contratados, sin que  el pueblo que ellos dicen defender sepa en qu\u00e9 les benefici\u00f3 esa pol\u00edtica  alocada de endeudamiento.<br \/>&#13;<br \/>\n    <br \/>&#13;<br \/>\nEl secretario de  Hacienda precis\u00f3 que la administraci\u00f3n Fern\u00e1ndez est\u00e1 enfrentando con acierto  los desaf\u00edos surgido despu\u00e9s del paso de la tormenta Noel por la Rep\u00fablica Dominicana,  \u00abresponsabilidad de la que no vamos a renunciar\u00bb.<\/span><\/p>\n<p>&#13;<\/p>\n<h6> 2007-11-16 15:22:28 <\/h6>\n<p><!--\n<link rel=\"stylesheet\" href=\"css\/bootstrap.min.css\">\n\n\n<ul class=\"pagination\">\n\t    \n\t\n\n<li >\n\t<a href='?page_no=34722'>Previous<\/a>\n\t<\/li>\n\n\n       \n    \n\n<li><a href='?page_no=1'>1<\/a><\/li>\n\n\n\n<li><a href='?page_no=2'>2<\/a><\/li>\n\n\n\n<li><a>...<\/a><\/li>\n\n\n\n<li><a href='?page_no=34721'>34721<\/a><\/li>\n\n\n\n<li><a href='?page_no=34722'>34722<\/a><\/li>\n\n\n\n<li class='active'><a>34723<\/a><\/li>\n\n\n\n<li><a href='?page_no=34724'>34724<\/a><\/li>\n\n\n\n<li><a href='?page_no=34725'>34725<\/a><\/li>\n\n\n\n<li><a>...<\/a><\/li>\n\n\n\n<li><a href='?page_no=36999'>36999<\/a><\/li>\n\n\n\n<li><a href='?page_no=37000'>37000<\/a><\/li>\n\n    \n\t\n\n<li >\n\t<a href='?page_no=34724'>Next<\/a>\n\t<\/li>\n\n\n    \n\n<li><a href='?page_no=37000'>Last &rsaquo;&rsaquo;<\/a><\/li>\n\n<\/ul>\n\n\n--><br \/>\n<\/body><\/p>\n","protected":false},"excerpt":{"rendered":"<p>Gobierno rechaza delegar sus facultades &#13; &#13; SANTO DOMINGO.- El gobierno rechaz\u00f3 este jueves la propuesta hecha por el Partido Revolucionario Dominicano de crear una comisi\u00f3n para el manejo de los recursos que se utilizar\u00e1 en el Plan Nacional de Reconstrucci\u00f3n.&#13; &#13; La Posici\u00f3n, fijada a trav\u00e9s del secretario de Hacienda, Vicente Bengoa, refiere que [&hellip;]<\/p>\n","protected":false},"author":3,"featured_media":0,"comment_status":"open","ping_status":"open","sticky":false,"template":"","format":"standard","meta":{"footnotes":""},"categories":[22],"tags":[],"class_list":["post-191975","post","type-post","status-publish","format-standard","hentry","category-politica"],"_links":{"self":[{"href":"https:\/\/diariodominicano.com\/index.php?rest_route=\/wp\/v2\/posts\/191975","targetHints":{"allow":["GET"]}}],"collection":[{"href":"https:\/\/diariodominicano.com\/index.php?rest_route=\/wp\/v2\/posts"}],"about":[{"href":"https:\/\/diariodominicano.com\/index.php?rest_route=\/wp\/v2\/types\/post"}],"author":[{"embeddable":true,"href":"https:\/\/diariodominicano.com\/index.php?rest_route=\/wp\/v2\/users\/3"}],"replies":[{"embeddable":true,"href":"https:\/\/diariodominicano.com\/index.php?rest_route=%2Fwp%2Fv2%2Fcomments&post=191975"}],"version-history":[{"count":0,"href":"https:\/\/diariodominicano.com\/index.php?rest_route=\/wp\/v2\/posts\/191975\/revisions"}],"wp:attachment":[{"href":"https:\/\/diariodominicano.com\/index.php?rest_route=%2Fwp%2Fv2%2Fmedia&parent=191975"}],"wp:term":[{"taxonomy":"category","embeddable":true,"href":"https:\/\/diariodominicano.com\/index.php?rest_route=%2Fwp%2Fv2%2Fcategories&post=191975"},{"taxonomy":"post_tag","embeddable":true,"href":"https:\/\/diariodominicano.com\/index.php?rest_route=%2Fwp%2Fv2%2Ftags&post=191975"}],"curies":[{"name":"wp","href":"https:\/\/api.w.org\/{rel}","templated":true}]}}