{"id":191971,"date":"2007-11-16T19:01:31","date_gmt":"2007-11-16T19:01:31","guid":{"rendered":"http:\/\/diariodominicano.ddns.net\/?p=191971"},"modified":"2007-11-16T19:01:31","modified_gmt":"2007-11-16T19:01:31","slug":"ptd-respalda-medida-del-presidente-de-comprar-las-acciones-de-la-shell-en-la-refineria-dominicana-de-petroleo","status":"publish","type":"post","link":"https:\/\/diariodominicano.com\/?p=191971","title":{"rendered":"PTD respalda medida del presidente de comprar las acciones de la Shell en la Refiner\u00eda Dominicana de Petr\u00f3leo"},"content":{"rendered":"<p><body><\/p>\n<p align=\"justify\"><strong class=\"titulogrande1\">PTD respalda medida del presidente de comprar las acciones de la Shell en la Refiner\u00eda Dominica de Petr\u00f3leo <\/strong><br \/>&#13;<br \/>\n  <br \/>&#13;<br \/>\n    <span class=\"text1noticias\"><strong>BARAHONA.-<\/strong> EL Partido de los Trabajadores  Dominicanos (PTD), en esta ciudad anunci\u00f3 este viernes su respaldo a las  decisiones\u00a0 del presidente de la   Rep\u00fablica, Leonel Fern\u00e1ndez Reyna, que dispone la compra de  las acciones de la Shell  y \u00a0un conjunto de medidas para el uso racional de la energ\u00eda y fomento a  la eficiencia energ\u00e9tica en los sectores p\u00fablico y privado del pa\u00eds. <br \/>&#13;<br \/>\n    <br \/>&#13;<br \/>\n    La organizaci\u00f3n pol\u00edtica que preside el secretario de estado y  director ejecutivo del Fondo de Promoci\u00f3n a las Iniciativas Comunitarias  (Procomunidad) Jos\u00e9 Gonz\u00e1lez Espinosa, valor\u00f3\u00a0  como positiva la medida del primer\u00a0  mandatario de la naci\u00f3n que orden\u00f3 la\u00a0 compra de las acciones en venta  de la Shell Company  en la Refiner\u00eda   Dominicana de Petr\u00f3leo, lo que dar\u00e1 el pleno control al  Estado dominicano de las actividades de la Refiner\u00eda. <br \/>&#13;<br \/>\n    <br \/>&#13;<br \/>\nManifest\u00f3  que con la compra de las acciones de la Shell\u00a0el pa\u00eds se beneficiar\u00e1 plenamente del  programa de 50 mil barriles de petr\u00f3leo diario que ofrece el acuerdo de  Petrocaribe, al pa\u00eds. <\/span><\/p>\n<p>&#13;<\/p>\n<p align=\"justify\" class=\"text1noticias\">\u201cCon esta decisi\u00f3n\u00a0 de la compra  de las acciones de la Shell  el jefe del\u00a0 Estado dominicano, ha\u00a0 tomado en cuenta la crisis energ\u00e9tica mundial  que actualmente predomina con alzas en los precios del petr\u00f3leo\u201d expresa el PTD  en nota de prensa suministrada por Ohelmis\u00a0S\u00e1nchez y Manuel Flori\u00e1n, secretario de comunicaciones y secretario general  del comit\u00e9 municipal de aqu\u00ed. <br \/>&#13;<br \/>\n  <br \/>&#13;<br \/>\n\u201cllamamos a\u00a0 todos los sectores  de la naci\u00f3n a apoyar el conjunto de medidas, de corto, mediano y largo  plazo,\u00a0 que adoptaran para promover el  ahorro y uso racional, de la Comisi\u00f3n Nacional de Energ\u00eda, la Secretar\u00eda de\u00a0  Estado de Industria y Comercio, y la Secretar\u00eda de Econom\u00eda\u201d subray\u00f3 la entidad pol\u00edtica. <br \/>&#13;<br \/>\n<br \/>&#13;<br \/>\nLos dirigentes pol\u00edticos calificaron de interesante que el presidente  de la Rep\u00fablica,  Leonel Fern\u00e1ndez,\u00a0 haya anunciado \u00a0importantes medidas para el ahorro  y eficiencia de la energ\u00eda\u00a0\u00a0que\u00a0 incluyen entre otras,\u00a0otorgar  facilidades para\u00a0\u00a0 el uso del gas natural en veh\u00edculos de transporte  p\u00fablico, un programa de sincronizaci\u00f3n de sem\u00e1foros\u00a0 y mecanismos para  focalizar el subsidio del GLP a los hogares y el transporte p\u00fablico.\u00a0 <br \/>&#13;<br \/>\n<br \/>&#13;<br \/>\nTambi\u00e9n valor\u00f3\u00a0 que\u00a0 el jefe de estado en su\u00a0 anuncio en un discurso dirigido a\u00a0 la  naci\u00f3n, a trav\u00e9s de una cadena de radio y televisi\u00f3n haya dispuesto la  creaci\u00f3n\u00a0 de\u00a0 comit\u00e9s para fomentar las buenas pr\u00e1cticas  del ahorro y eficiencia energ\u00e9tica en las \u00e1reas de iluminaci\u00f3n, climatizaci\u00f3n,  y calidad de la red el\u00e9ctrica\u00a0 en los edificios p\u00fablicos entre otras decisiones. <\/p>\n<p>&#13;<\/p>\n<h6> 2007-11-16 19:01:31 <\/h6>\n<p><!--\n<link rel=\"stylesheet\" href=\"css\/bootstrap.min.css\">\n\n\n<ul class=\"pagination\">\n\t    \n\t\n\n<li >\n\t<a href='?page_no=34718'>Previous<\/a>\n\t<\/li>\n\n\n       \n    \n\n<li><a href='?page_no=1'>1<\/a><\/li>\n\n\n\n<li><a href='?page_no=2'>2<\/a><\/li>\n\n\n\n<li><a>...<\/a><\/li>\n\n\n\n<li><a href='?page_no=34717'>34717<\/a><\/li>\n\n\n\n<li><a href='?page_no=34718'>34718<\/a><\/li>\n\n\n\n<li class='active'><a>34719<\/a><\/li>\n\n\n\n<li><a href='?page_no=34720'>34720<\/a><\/li>\n\n\n\n<li><a href='?page_no=34721'>34721<\/a><\/li>\n\n\n\n<li><a>...<\/a><\/li>\n\n\n\n<li><a href='?page_no=36999'>36999<\/a><\/li>\n\n\n\n<li><a href='?page_no=37000'>37000<\/a><\/li>\n\n    \n\t\n\n<li >\n\t<a href='?page_no=34720'>Next<\/a>\n\t<\/li>\n\n\n    \n\n<li><a href='?page_no=37000'>Last &rsaquo;&rsaquo;<\/a><\/li>\n\n<\/ul>\n\n\n--><br \/>\n<\/body><\/p>\n","protected":false},"excerpt":{"rendered":"<p>PTD respalda medida del presidente de comprar las acciones de la Shell en la Refiner\u00eda Dominica de Petr\u00f3leo &#13; &#13; BARAHONA.- EL Partido de los Trabajadores Dominicanos (PTD), en esta ciudad anunci\u00f3 este viernes su respaldo a las decisiones\u00a0 del presidente de la Rep\u00fablica, Leonel Fern\u00e1ndez Reyna, que dispone la compra de las acciones de [&hellip;]<\/p>\n","protected":false},"author":3,"featured_media":0,"comment_status":"open","ping_status":"open","sticky":false,"template":"","format":"standard","meta":{"footnotes":""},"categories":[22],"tags":[],"class_list":["post-191971","post","type-post","status-publish","format-standard","hentry","category-politica"],"_links":{"self":[{"href":"https:\/\/diariodominicano.com\/index.php?rest_route=\/wp\/v2\/posts\/191971","targetHints":{"allow":["GET"]}}],"collection":[{"href":"https:\/\/diariodominicano.com\/index.php?rest_route=\/wp\/v2\/posts"}],"about":[{"href":"https:\/\/diariodominicano.com\/index.php?rest_route=\/wp\/v2\/types\/post"}],"author":[{"embeddable":true,"href":"https:\/\/diariodominicano.com\/index.php?rest_route=\/wp\/v2\/users\/3"}],"replies":[{"embeddable":true,"href":"https:\/\/diariodominicano.com\/index.php?rest_route=%2Fwp%2Fv2%2Fcomments&post=191971"}],"version-history":[{"count":0,"href":"https:\/\/diariodominicano.com\/index.php?rest_route=\/wp\/v2\/posts\/191971\/revisions"}],"wp:attachment":[{"href":"https:\/\/diariodominicano.com\/index.php?rest_route=%2Fwp%2Fv2%2Fmedia&parent=191971"}],"wp:term":[{"taxonomy":"category","embeddable":true,"href":"https:\/\/diariodominicano.com\/index.php?rest_route=%2Fwp%2Fv2%2Fcategories&post=191971"},{"taxonomy":"post_tag","embeddable":true,"href":"https:\/\/diariodominicano.com\/index.php?rest_route=%2Fwp%2Fv2%2Ftags&post=191971"}],"curies":[{"name":"wp","href":"https:\/\/api.w.org\/{rel}","templated":true}]}}