{"id":191969,"date":"2007-11-17T04:52:29","date_gmt":"2007-11-17T04:52:29","guid":{"rendered":"http:\/\/diariodominicano.ddns.net\/?p=191969"},"modified":"2007-11-17T04:52:29","modified_gmt":"2007-11-17T04:52:29","slug":"obras-publicas-y-cabildo-de-santiago-llegan-a-un-acuerdo-para-reconstruir-calles","status":"publish","type":"post","link":"https:\/\/diariodominicano.com\/?p=191969","title":{"rendered":"Obras P\u00fablicas y cabildo de Santiago llegan a un acuerdo para reconstruir calles"},"content":{"rendered":"<p><body><\/p>\n<p align=\"justify\" class=\"titulogrande1\">Obras  P\u00fablicas y cabildo de Santiago llegan a un acuerdo para reconstruir calles <\/p>\n<p>&#13;<\/p>\n<p align=\"justify\" class=\"text1noticias\"><strong><img loading=\"lazy\" decoding=\"async\" src=\"http:\/\/localhost:8080\/pictures\/obras publicas y cabildo.jpg\" width=\"269\" height=\"193\" hspace=\"4\" align=\"left\" \/>SANTIAGO.-<\/strong> Las calles y avenidas  de los sectores marginados y residenciales de esta ciudad comenzar\u00e1n a ser  acondicionadas\u00a0 como parte de un programa  que emprender\u00e1n, en conjunto, el Ayuntamiento Municipal y la Secretaria de Obras  P\u00fablicas.<br \/>&#13;<br \/>\n  <br \/>&#13;<br \/>\n  El anuncio lo hicieron, durante  un encuentro sostenido este viernes, el jefe del Gobierno Municipal Jos\u00e9  Enrique Sued Sem y el Ministro de OP, V\u00edctor  D\u00edaz R\u00faa, durante una visita que \u00e9ste hizo al despacho del s\u00edndico.<br \/>&#13;<br \/>\n  <br \/>&#13;<br \/>\n  Los trabajos se iniciar\u00e1n en  los pr\u00f3ximos d\u00edas\u00a0 y abarcar\u00e1n todas las  v\u00edas que resultaron da\u00f1adas con las lluvias dejadas a su paso por la tormenta  tropical Noel y las otras que han estado cayendo en las \u00faltimas horas, seg\u00fan se  especifico.<br \/>&#13;<br \/>\n  <br \/>&#13;<br \/>\n  El titular de la cartera de  Obras P\u00fablicas hab\u00eda estado en esta ciudad, en d\u00edas pasados, para anunciar el  reforzamiento de los trabajos que se realizan\u00a0  en la importante avenida Salvador Estrella Sadhal\u00e1.<br \/>&#13;<br \/>\n  <br \/>&#13;<br \/>\n  \u201cPero ahora el programa de  trabajo a poner en marcha ser\u00e1 general, es decir que abarcar\u00e1 barrios y  urbanizaciones, as\u00ed como otros sectores de la ciudad\u201d, precis\u00f3 el ingeniero  D\u00edaz R\u00faa durante su visita al ejecutivo municipal, donde estuvo presente el director  de la Oficina   Municipal de Planeamiento Urbano, arquitecto Oscar Nazer  Dabas, y otros funcionarios municipales.<br \/>&#13;<br \/>\n  <br \/>&#13;<br \/>\n  Antes de iniciarse los  trabajos, aclar\u00f3 el s\u00edndico Sued, primero se har\u00e1 un levantamiento para  priorizar los lugares que requieran de mayor\u00a0  urgencia, aunque asegur\u00f3 que este  programa est\u00e1 contemplado para\u00a0 ponerse  en marcha dentro de los pr\u00f3ximos d\u00edas.<br \/>&#13;<br \/>\n  <br \/>&#13;<br \/>\n  \u201cDeterminaremos los problemas  viales que hay en que cada sector, para entonces iniciar los trabajos\u201d, reiter\u00f3  el secretario de Obras P\u00fablicas al dar plenas garant\u00edas que el que se  emprender\u00e1 \u201cser\u00e1 un trabajo agresivo\u201d.<br \/>&#13;<br \/>\n  <br \/>&#13;<br \/>\n  El ingeniero D\u00edaz R\u00faa  prometi\u00f3\u00a0 a la poblaci\u00f3n santiaguera,  delante del jefe del Gobierno Municipal,\u00a0que se trabajar\u00e1 para sacar el mejor de los provechos de este plan a poner  en marcha mancomunadamente.<br \/>&#13;<br \/>\n  <br \/>&#13;<br \/>\n  HABLA SUED<br \/>&#13;<br \/>\n  <br \/>&#13;<br \/>\n  De su lado, el s\u00edndico de  Santiago\u00a0 dijo que saludaba con  entusiasmo la iniciativa de Obras P\u00fablicas, que se materializa por  instrucciones precisas del Presidente de la Rep\u00fablica, doctor Leonel  Fern\u00e1ndez Reina.<br \/>&#13;<br \/>\n  <br \/>&#13;<br \/>\n  \u201cSaludo esta decisi\u00f3n del Se\u00f1or  Presidente porque en ella no veo bandera pol\u00edtica, sino el inter\u00e9s de trabajar  a favor de nuestro Santiago querido\u201d, sostuvo el funcionario municipal al  recibir en su despacho al ingeniero D\u00edaz\u00a0R\u00faa.<br \/>&#13;<br \/>\n  <br \/>&#13;<br \/>\n  Antes de entrevistarse con el  s\u00edndico Sued, el titular\u00a0 Obras P\u00fablicas  inform\u00f3 que esa cartera hace esfuerzos sobrehumanos para reconstruir a nivel de  infraestructura los da\u00f1os dejados a su paso por la tormenta tropical Noel.<br \/>&#13;<br \/>\n  <br \/>&#13;<br \/>\n  Anunci\u00f3 que hab\u00eda ordenado el  reinicio de la\u00a0 terminaci\u00f3n del elevado  que se construye a la entrada de Moca, lo que es una vieja demanda de los  sectores organizados, y que se ha dispuesto un bacheo general de la autopista  Ram\u00f3n C\u00e1ceres.<br \/>&#13;<br \/>\n  <br \/>&#13;<br \/>\n  Por igual, el ingeniero D\u00edaz  R\u00faa comunic\u00f3 que se ha dispuesto un  reforzamiento de los trabajos de construcci\u00f3n de la carretera Santiago-Licey al  Medio, de modo que para finales de a\u00f1o la primera etapa, que comprende hasta  puente sobre r\u00edo Licey, pueda estar totalmente lista. <\/p>\n<p>&#13;<\/p>\n<h6> 2007-11-17 04:52:29 <\/h6>\n<p><!--\n<link rel=\"stylesheet\" href=\"css\/bootstrap.min.css\">\n\n\n<ul class=\"pagination\">\n\t    \n\t\n\n<li >\n\t<a href='?page_no=34716'>Previous<\/a>\n\t<\/li>\n\n\n       \n    \n\n<li><a href='?page_no=1'>1<\/a><\/li>\n\n\n\n<li><a href='?page_no=2'>2<\/a><\/li>\n\n\n\n<li><a>...<\/a><\/li>\n\n\n\n<li><a href='?page_no=34715'>34715<\/a><\/li>\n\n\n\n<li><a href='?page_no=34716'>34716<\/a><\/li>\n\n\n\n<li class='active'><a>34717<\/a><\/li>\n\n\n\n<li><a href='?page_no=34718'>34718<\/a><\/li>\n\n\n\n<li><a href='?page_no=34719'>34719<\/a><\/li>\n\n\n\n<li><a>...<\/a><\/li>\n\n\n\n<li><a href='?page_no=36999'>36999<\/a><\/li>\n\n\n\n<li><a href='?page_no=37000'>37000<\/a><\/li>\n\n    \n\t\n\n<li >\n\t<a href='?page_no=34718'>Next<\/a>\n\t<\/li>\n\n\n    \n\n<li><a href='?page_no=37000'>Last &rsaquo;&rsaquo;<\/a><\/li>\n\n<\/ul>\n\n\n--><br \/>\n<\/body><\/p>\n","protected":false},"excerpt":{"rendered":"<p>Obras P\u00fablicas y cabildo de Santiago llegan a un acuerdo para reconstruir calles &#13; SANTIAGO.- Las calles y avenidas de los sectores marginados y residenciales de esta ciudad comenzar\u00e1n a ser acondicionadas\u00a0 como parte de un programa que emprender\u00e1n, en conjunto, el Ayuntamiento Municipal y la Secretaria de Obras P\u00fablicas.&#13; &#13; El anuncio lo hicieron, [&hellip;]<\/p>\n","protected":false},"author":3,"featured_media":0,"comment_status":"open","ping_status":"open","sticky":false,"template":"","format":"standard","meta":{"footnotes":""},"categories":[22],"tags":[],"class_list":["post-191969","post","type-post","status-publish","format-standard","hentry","category-politica"],"_links":{"self":[{"href":"https:\/\/diariodominicano.com\/index.php?rest_route=\/wp\/v2\/posts\/191969","targetHints":{"allow":["GET"]}}],"collection":[{"href":"https:\/\/diariodominicano.com\/index.php?rest_route=\/wp\/v2\/posts"}],"about":[{"href":"https:\/\/diariodominicano.com\/index.php?rest_route=\/wp\/v2\/types\/post"}],"author":[{"embeddable":true,"href":"https:\/\/diariodominicano.com\/index.php?rest_route=\/wp\/v2\/users\/3"}],"replies":[{"embeddable":true,"href":"https:\/\/diariodominicano.com\/index.php?rest_route=%2Fwp%2Fv2%2Fcomments&post=191969"}],"version-history":[{"count":0,"href":"https:\/\/diariodominicano.com\/index.php?rest_route=\/wp\/v2\/posts\/191969\/revisions"}],"wp:attachment":[{"href":"https:\/\/diariodominicano.com\/index.php?rest_route=%2Fwp%2Fv2%2Fmedia&parent=191969"}],"wp:term":[{"taxonomy":"category","embeddable":true,"href":"https:\/\/diariodominicano.com\/index.php?rest_route=%2Fwp%2Fv2%2Fcategories&post=191969"},{"taxonomy":"post_tag","embeddable":true,"href":"https:\/\/diariodominicano.com\/index.php?rest_route=%2Fwp%2Fv2%2Ftags&post=191969"}],"curies":[{"name":"wp","href":"https:\/\/api.w.org\/{rel}","templated":true}]}}