{"id":191967,"date":"2007-11-19T14:54:00","date_gmt":"2007-11-19T14:54:00","guid":{"rendered":"http:\/\/diariodominicano.ddns.net\/?p=191967"},"modified":"2007-11-19T14:54:00","modified_gmt":"2007-11-19T14:54:00","slug":"sanchez-roa-no-quiere-el-equipo-de-campana-de-amable-aristy-castro","status":"publish","type":"post","link":"https:\/\/diariodominicano.com\/?p=191967","title":{"rendered":"S\u00e1nchez Roa no quiere el equipo de campa\u00f1a de Amable Aristy Castro"},"content":{"rendered":"<p><body><\/p>\n<p>\u00abtitulogrande1\u00bb&gt;<strong>S\u00e1nchez Roa no quiere el equipo de campa\u00f1a de Amable Aristy  Castro <\/strong>&#13;<\/p>\n<p align=\"justify\" class=\"text1noticias\"><strong>SANTO DOMINGO.- <\/strong>El vocero del bloque de senadores del  Partido Reformista Social Cristiano (PRSC), Adriano S\u00e1nchez Roa, inform\u00f3 ayer  que los \u201cdisgustos\u201d alrededor de la candidatura presidencial de Amable Aristy  Castro son cada vez mayores, y afirm\u00f3 que esa situaci\u00f3n s\u00f3lo podr\u00e1 revertirse  con un cambio de su equipo de campa\u00f1a.<br \/>&#13;<br \/>\n  <br \/>&#13;<br \/>\n  Atribuy\u00f3 la situaci\u00f3n al \u201catropello\u201d y  la marginaci\u00f3n de que han sido objeto importantes dirigentes y cuadros que iniciaron  el proyecto presidencial de Aristy Castro, al ser relegados del equipo que  dijo, ahora dirigen los que ayer fueron sus adversarios.<br \/>&#13;<br \/>\n  <br \/>&#13;<br \/>\n  En una carta remitida a Aristy Castro el  pasado 9 de octubre, cuyo contenido dio a conocer ayer, el senador por la provincia  El\u00edas Pi\u00f1a dice que, independientemente del supuesto buen posicionamiento de su  candidatura que le informan, \u00e9l instuye que \u201cla apreciaci\u00f3n de la gente no es  la m\u00e1s favorable a sus prop\u00f3sitos (de Amable)\u201d.<br \/>&#13;<br \/>\n  <br \/>&#13;<br \/>\n  \u00abSoy de opini\u00f3n, asimilando  la vieja ense\u00f1anza, de que es de triunfadores convertir las dificultades en  oportunidades para avanzar, que tenemos ahora la ocasi\u00f3n propicia para realizar  una reestructuraci\u00f3n general y profunda en el equipo de direcci\u00f3n de su  campa\u00f1a\u00bb, agreg\u00f3 S\u00e1nchez Roa.<br \/>&#13;<br \/>\n<br \/>&#13;<br \/>\nSe quej\u00f3 que siendo \u00e9l legislador por  El\u00edas Pi\u00f1as y uno de los principales \u201ccuadros\u201d de Aristy Castro en la  precampa\u00f1a interna del PRSC, lo que dijo, le sirvi\u00f3 para ganar ampliamente en  esa provincia, el candidato presidencial\u00a0 designara all\u00ed y en San Juan al  licenciado Florentino Carvajal Suero.<br \/>&#13;<br \/>\n<br \/>&#13;<br \/>\nAgreg\u00f3 que igual ocurri\u00f3 con el\u00a0  doctor V\u00edctor Garc\u00eda Santos, vicepresidente del PRSC y \u201cgran l\u00edder\u201d en Salcedo,  y quien ha sido sustituido por dirigentes for\u00e1neos, y tambi\u00e9n con Johnny Jones,  este \u00faltimo de quien dijo, fue sacado del Distrito Nacional donde tiene un  liderazgo indiscutibles, \u201cy enga\u00f1ado con supuestas funciones en la provincia  Santo Domingo\u201d.<br \/>&#13;<br \/>\n<br \/>&#13;<br \/>\nS\u00e1nchez Roa\u00a0 recomend\u00f3 a Aristy  Castro que en virtud de las sucesivas salidas de dirigentes que se han  producido en el PRSC, \u201ces conveniente que se pudiera hacer un alto en el camino  y reflexionar en torno a si los procedimientos, t\u00e1cticas y estrategias hasta  ahora puestos en pr\u00e1ctica para apuntalar su candidatura, han sido los m\u00e1s  indicados y ajustados a la coyuntura actual\u00bb.<br \/>&#13;<br \/>\n<br \/>&#13;<br \/>\nConsider\u00f3 que es necesario que los  integrantes del equipo de campa\u00f1a del candidato presidencial reformista tengan,  ante todo, \u201cun compromiso real y aut\u00e9ntico\u201d con el proyecto del Gobierno de los  Pobres, de donde dijo, derivar\u00e1 la fe que es preciso insuflar a toda la  militancia del PRSC y sobre todo, al electorado nacional.<br \/>&#13;<br \/>\n<br \/>&#13;<br \/>\nEl senador lament\u00f3 que a la fecha, el  candidato Aristy Castro le haya hecho caso omiso a las observaciones que  le hizo en su misiva.<\/p>\n<p>&#13;<\/p>\n<p><strong>POR LOYDA PE\u00d1A\/Hoy<\/strong><\/p>\n<p>&#13;<\/p>\n<h6> 2007-11-19 14:54:00 <\/h6>\n<p><!--\n<link rel=\"stylesheet\" href=\"css\/bootstrap.min.css\">\n\n\n<ul class=\"pagination\">\n\t    \n\t\n\n<li >\n\t<a href='?page_no=34714'>Previous<\/a>\n\t<\/li>\n\n\n       \n    \n\n<li><a href='?page_no=1'>1<\/a><\/li>\n\n\n\n<li><a href='?page_no=2'>2<\/a><\/li>\n\n\n\n<li><a>...<\/a><\/li>\n\n\n\n<li><a href='?page_no=34713'>34713<\/a><\/li>\n\n\n\n<li><a href='?page_no=34714'>34714<\/a><\/li>\n\n\n\n<li class='active'><a>34715<\/a><\/li>\n\n\n\n<li><a href='?page_no=34716'>34716<\/a><\/li>\n\n\n\n<li><a href='?page_no=34717'>34717<\/a><\/li>\n\n\n\n<li><a>...<\/a><\/li>\n\n\n\n<li><a href='?page_no=36999'>36999<\/a><\/li>\n\n\n\n<li><a href='?page_no=37000'>37000<\/a><\/li>\n\n    \n\t\n\n<li >\n\t<a href='?page_no=34716'>Next<\/a>\n\t<\/li>\n\n\n    \n\n<li><a href='?page_no=37000'>Last &rsaquo;&rsaquo;<\/a><\/li>\n\n<\/ul>\n\n\n--><br \/>\n<\/body><\/p>\n","protected":false},"excerpt":{"rendered":"<p>\u00abtitulogrande1\u00bb&gt;S\u00e1nchez Roa no quiere el equipo de campa\u00f1a de Amable Aristy Castro &#13; SANTO DOMINGO.- El vocero del bloque de senadores del Partido Reformista Social Cristiano (PRSC), Adriano S\u00e1nchez Roa, inform\u00f3 ayer que los \u201cdisgustos\u201d alrededor de la candidatura presidencial de Amable Aristy Castro son cada vez mayores, y afirm\u00f3 que esa situaci\u00f3n s\u00f3lo podr\u00e1 [&hellip;]<\/p>\n","protected":false},"author":3,"featured_media":0,"comment_status":"open","ping_status":"open","sticky":false,"template":"","format":"standard","meta":{"footnotes":""},"categories":[22],"tags":[],"class_list":["post-191967","post","type-post","status-publish","format-standard","hentry","category-politica"],"_links":{"self":[{"href":"https:\/\/diariodominicano.com\/index.php?rest_route=\/wp\/v2\/posts\/191967","targetHints":{"allow":["GET"]}}],"collection":[{"href":"https:\/\/diariodominicano.com\/index.php?rest_route=\/wp\/v2\/posts"}],"about":[{"href":"https:\/\/diariodominicano.com\/index.php?rest_route=\/wp\/v2\/types\/post"}],"author":[{"embeddable":true,"href":"https:\/\/diariodominicano.com\/index.php?rest_route=\/wp\/v2\/users\/3"}],"replies":[{"embeddable":true,"href":"https:\/\/diariodominicano.com\/index.php?rest_route=%2Fwp%2Fv2%2Fcomments&post=191967"}],"version-history":[{"count":0,"href":"https:\/\/diariodominicano.com\/index.php?rest_route=\/wp\/v2\/posts\/191967\/revisions"}],"wp:attachment":[{"href":"https:\/\/diariodominicano.com\/index.php?rest_route=%2Fwp%2Fv2%2Fmedia&parent=191967"}],"wp:term":[{"taxonomy":"category","embeddable":true,"href":"https:\/\/diariodominicano.com\/index.php?rest_route=%2Fwp%2Fv2%2Fcategories&post=191967"},{"taxonomy":"post_tag","embeddable":true,"href":"https:\/\/diariodominicano.com\/index.php?rest_route=%2Fwp%2Fv2%2Ftags&post=191967"}],"curies":[{"name":"wp","href":"https:\/\/api.w.org\/{rel}","templated":true}]}}