{"id":191965,"date":"2007-11-19T16:16:57","date_gmt":"2007-11-19T16:16:57","guid":{"rendered":"http:\/\/diariodominicano.ddns.net\/?p=191965"},"modified":"2007-11-19T16:16:57","modified_gmt":"2007-11-19T16:16:57","slug":"amable-aristy-dice-el-prsc-representa-el-verdadero-cambio-porque-prd-fracaso-en-lucha-contra-pobreza","status":"publish","type":"post","link":"https:\/\/diariodominicano.com\/?p=191965","title":{"rendered":"Amable Aristy  dice el PRSC representa \u201cel verdadero cambio\u201d porque PRD fracas\u00f3 en lucha contra pobreza"},"content":{"rendered":"<p><body><\/p>\n<p class=\"titulogrande1\">Amable Aristy \u00a0dice el PRSC representa \u201cel verdadero cambio\u201d porque  PRD fracas\u00f3 en lucha contra pobreza<\/p>\n<p>&#13;<\/p>\n<p align=\"justify\" class=\"text1noticias\"><strong><img loading=\"lazy\" decoding=\"async\" src=\"http:\/\/localhost:8080\/pictures\/amable lucha cambio.jpg\" width=\"269\" height=\"584\" hspace=\"4\" align=\"left\" \/>NAGUA.-<\/strong> El candidato presidencial del Partido  Reformista Social Cristiano (PRSC), Amable Aristy, declar\u00f3 aqu\u00ed que su candidatura  representa \u201cla alternativa y el verdadero cambio\u201d porque los perrede\u00edstas  fracasaron\u00a0 en la lucha contra la pobreza  al igual que el gobierno del presidente Leonel Fern\u00e1ndez.<\/p>\n<p>&#13;<\/p>\n<p align=\"justify\" class=\"text1noticias\">\u201cAl pa\u00eds no le conviene el retorno al poder de un  gobierno como el PRD-PPH que desestabiliz\u00f3 la econom\u00eda, increment\u00f3 a niveles  alarmantes la tasa de cambio y de inter\u00e9s y provoc\u00f3 la quiebra de numerosos bancos  y financieras\u201d, agreg\u00f3.<br \/>&#13;<br \/>\n  \u00a0<br \/>&#13;<br \/>\n  Dijo que a los dominicanos, especialmente a los pobres  y la clase media,\u00a0 tampoco les conviene  que continu\u00e9 en el poder un gobierno \u201cinsensible\u201d como el del presidente  Fern\u00e1ndez, a quien acus\u00f3 de haber incrementado la pobreza y la indigencia por  la \u201cvoracidad fiscal\u201d que ha provocado la quiebra de cientos de empresas y  negocios.<\/p>\n<p>&#13;<\/p>\n<p align=\"justify\" class=\"text1noticias\">Aristy dijo que tanto la administraci\u00f3n del PRD-PPH  como la del presidente Fern\u00e1ndez son responsables del aumento del desempleo, lo  que explic\u00f3 constituye la principal raz\u00f3n del incremento de la pobreza e  indigencia en el pa\u00eds.<\/p>\n<p>&#13;<\/p>\n<p align=\"justify\" class=\"text1noticias\">\u201cEn ambos gobiernos se perdieron millares de empleos  por la quiebra una inmensidad de empresas y negocios que no pudieron soportar  el desastre econ\u00f3mico del gobierno perrede\u00edsta y por la cantidad de impuestos que  cobra este gobierno y la alta tarifa el\u00e9ctrica\u201d, se\u00f1al\u00f3.<\/p>\n<p>&#13;<\/p>\n<p align=\"justify\" class=\"text1noticias\">  Insisti\u00f3 que los gobiernos del PRD y el PLD fracasaron  en \u00a0lucha contra la pobreza porque han  querido combatirla poniendo y cobrando impuestos, \u201cimponi\u00e9ndole a la poblaci\u00f3n siete  reformas fiscales en las \u00faltimas tres administraciones de estos dos partidos,  en las que se ha castigado sin piedad a los pobres y la clase media\u201d.<br \/>&#13;<br \/>\n  \u00a0<br \/>&#13;<br \/>\n  Amable Aristy explic\u00f3 que los dominicanos no quieren  volver atr\u00e1s \u201cpor el peligro y el retroceso que representa el PRD, \u201cpero tampoco  quieren continuar con un gobierno como el de Leonel Fern\u00e1ndez que encarna el hambre  y la miseria\u201d.<\/p>\n<p>&#13;<\/p>\n<p align=\"justify\" class=\"text1noticias\">\u201cEn cambio el Partido Reformista Social Cristiano y  nuestra candidatura representan la \u00fanica alternativa y el cambio verdadero para  ayudar a salir de la pobreza e indigencia a millones de dominicanos\u201d, agreg\u00f3.<\/p>\n<p>&#13;<\/p>\n<p align=\"justify\" class=\"text1noticias\">El candidato presidencial reformista habl\u00f3 durante un  recorrido diferentes barrios de este municipio, como San Jos\u00e9 de Villa, Comaj\u00f3n  y Las Quinientas, donde distribuy\u00f3 cerdos vivos, gallinas, salami, mosquiteros,  sillas de ruedas, \u00fatiles escolares, medicina y dinero en efectivo. <br \/>&#13;<br \/>\n  <br \/>&#13;<br \/>\nTambi\u00e9n  visit\u00f3 diferentes comunidades de S\u00e1nchez.<\/p>\n<p>&#13;<\/p>\n<p align=\"justify\" class=\"text1noticias\">Estuvo acompa\u00f1ado de los dirigentes los ex diputados Blanco  Ventura y Marcos Ferm\u00edn, Abraham Victoria, Cesar\u00edan Tovar, Freddy Fr\u00edas, Israel  Paulino, V\u00edctor Otero, Pedro Bret\u00f3n y el coordinador de campa\u00f1a Ram\u00f3n Rogelio  Genao.<\/p>\n<p>&#13;<\/p>\n<h6> 2007-11-19 16:16:57 <\/h6>\n<p><!--\n<link rel=\"stylesheet\" href=\"css\/bootstrap.min.css\">\n\n\n<ul class=\"pagination\">\n\t    \n\t\n\n<li >\n\t<a href='?page_no=34712'>Previous<\/a>\n\t<\/li>\n\n\n       \n    \n\n<li><a href='?page_no=1'>1<\/a><\/li>\n\n\n\n<li><a href='?page_no=2'>2<\/a><\/li>\n\n\n\n<li><a>...<\/a><\/li>\n\n\n\n<li><a href='?page_no=34711'>34711<\/a><\/li>\n\n\n\n<li><a href='?page_no=34712'>34712<\/a><\/li>\n\n\n\n<li class='active'><a>34713<\/a><\/li>\n\n\n\n<li><a href='?page_no=34714'>34714<\/a><\/li>\n\n\n\n<li><a href='?page_no=34715'>34715<\/a><\/li>\n\n\n\n<li><a>...<\/a><\/li>\n\n\n\n<li><a href='?page_no=36999'>36999<\/a><\/li>\n\n\n\n<li><a href='?page_no=37000'>37000<\/a><\/li>\n\n    \n\t\n\n<li >\n\t<a href='?page_no=34714'>Next<\/a>\n\t<\/li>\n\n\n    \n\n<li><a href='?page_no=37000'>Last &rsaquo;&rsaquo;<\/a><\/li>\n\n<\/ul>\n\n\n--><br \/>\n<\/body><\/p>\n","protected":false},"excerpt":{"rendered":"<p>Amable Aristy \u00a0dice el PRSC representa \u201cel verdadero cambio\u201d porque PRD fracas\u00f3 en lucha contra pobreza &#13; NAGUA.- El candidato presidencial del Partido Reformista Social Cristiano (PRSC), Amable Aristy, declar\u00f3 aqu\u00ed que su candidatura representa \u201cla alternativa y el verdadero cambio\u201d porque los perrede\u00edstas fracasaron\u00a0 en la lucha contra la pobreza al igual que el [&hellip;]<\/p>\n","protected":false},"author":3,"featured_media":0,"comment_status":"open","ping_status":"open","sticky":false,"template":"","format":"standard","meta":{"footnotes":""},"categories":[22],"tags":[],"class_list":["post-191965","post","type-post","status-publish","format-standard","hentry","category-politica"],"_links":{"self":[{"href":"https:\/\/diariodominicano.com\/index.php?rest_route=\/wp\/v2\/posts\/191965","targetHints":{"allow":["GET"]}}],"collection":[{"href":"https:\/\/diariodominicano.com\/index.php?rest_route=\/wp\/v2\/posts"}],"about":[{"href":"https:\/\/diariodominicano.com\/index.php?rest_route=\/wp\/v2\/types\/post"}],"author":[{"embeddable":true,"href":"https:\/\/diariodominicano.com\/index.php?rest_route=\/wp\/v2\/users\/3"}],"replies":[{"embeddable":true,"href":"https:\/\/diariodominicano.com\/index.php?rest_route=%2Fwp%2Fv2%2Fcomments&post=191965"}],"version-history":[{"count":0,"href":"https:\/\/diariodominicano.com\/index.php?rest_route=\/wp\/v2\/posts\/191965\/revisions"}],"wp:attachment":[{"href":"https:\/\/diariodominicano.com\/index.php?rest_route=%2Fwp%2Fv2%2Fmedia&parent=191965"}],"wp:term":[{"taxonomy":"category","embeddable":true,"href":"https:\/\/diariodominicano.com\/index.php?rest_route=%2Fwp%2Fv2%2Fcategories&post=191965"},{"taxonomy":"post_tag","embeddable":true,"href":"https:\/\/diariodominicano.com\/index.php?rest_route=%2Fwp%2Fv2%2Ftags&post=191965"}],"curies":[{"name":"wp","href":"https:\/\/api.w.org\/{rel}","templated":true}]}}