{"id":191964,"date":"2007-11-20T04:48:53","date_gmt":"2007-11-20T04:48:53","guid":{"rendered":"http:\/\/diariodominicano.ddns.net\/?p=191964"},"modified":"2007-11-20T04:48:53","modified_gmt":"2007-11-20T04:48:53","slug":"aristy-castro-dice-promovera-construccion-de-una-sociedad-de-oportunidades","status":"publish","type":"post","link":"https:\/\/diariodominicano.com\/?p=191964","title":{"rendered":"Aristy Castro dice promover\u00e1 construcci\u00f3n de una sociedad de oportunidades"},"content":{"rendered":"<p><body><\/p>\n<p align=\"justify\" class=\"titulogrande1\"><strong>Aristy Castro dice  promover\u00e1 construcci\u00f3n<\/strong> <strong>de una sociedad de  oportunidades<\/strong><\/p>\n<p>&#13;<\/p>\n<p align=\"justify\" class=\"text1noticias\"><strong><img loading=\"lazy\" decoding=\"async\" src=\"http:\/\/localhost:8080\/pictures\/amable oportunidades.jpg\" width=\"269\" height=\"588\" hspace=\"4\" align=\"left\" \/>Santo Domingo.-<\/strong> El candidato presidencial del Partido  Reformista Social Cristiano (PRSC), Amable Aristy Castro, anunci\u00f3 que promover\u00e1  desde el Gobierno la construcci\u00f3n de una sociedad de oportunidades para todos  los dominicanos, donde se garantizar\u00e1 una real paridad de g\u00e9nero.<\/p>\n<p>&#13;<\/p>\n<p align=\"justify\" class=\"text1noticias\">Sostuvo que en su administraci\u00f3n tambi\u00e9n se  garantizar\u00e1n los derechos de los sectores m\u00e1s vulnerables de los diferentes  estratos generacionales \u201clo que aseverar\u00e1\u00a0  una sociedad m\u00e1s justa\u201d.<\/p>\n<p>&#13;<\/p>\n<p align=\"justify\" class=\"text1noticias\">Dijo que en el pa\u00eds prevalecen algunas marginaciones  de g\u00e9nero, especialmente en perjuicio de las mujeres.<\/p>\n<p>&#13;<\/p>\n<p align=\"justify\" class=\"text1noticias\"> Manifest\u00f3 que el Estado dominicano no vela por los  derechos de los m\u00e1s vulnerables de la sociedad, como son los discapacitados,  envejecientes, ni\u00f1os, ni\u00f1as y adolescentes, por lo que prometi\u00f3 tomar acciones  en ese sentido de alcanzar la   Presidencia de la Rep\u00fablica en las elecciones generales del pr\u00f3ximo  a\u00f1o.<\/p>\n<p>&#13;<\/p>\n<p align=\"justify\" class=\"text1noticias\">Agreg\u00f3 que \u201cen nuestro gobierno iniciaremos la  construcci\u00f3n de una sociedad de oportunidades en que se le garantice igualdad  en el acceso a los servicios y  facilidades del Estado y en el sector privado a todos los ciudadanos por igual,  de manera especial a la mujer, envejecientes, discapacitados, j\u00f3venes, ni\u00f1os,  ni\u00f1as y adolescentes\u201d.<\/p>\n<p>&#13;<\/p>\n<p align=\"justify\" class=\"text1noticias\"> Declar\u00f3 que promover\u00e1 desde el Estado la generaci\u00f3n de  una conciencia de ciudadan\u00eda, donde todos tengan deberes y derechos para lo  dijo promover\u00e1 la modificaci\u00f3n de\u00a0 las  leyes que sean necesarias.<\/p>\n<p>&#13;<\/p>\n<p align=\"justify\" class=\"text1noticias\">Apunt\u00f3 que \u201cyo que vengo de la nada, y de la misma  entra\u00f1a de la pobreza, se lo dif\u00edcil que resulta el ascenso social, la  concretizaci\u00f3n de sue\u00f1os y proyectos para las mujeres, j\u00f3venes y de manera especial  para los pobres\u201d.<\/p>\n<p>&#13;<\/p>\n<p align=\"justify\" class=\"text1noticias\">Manifest\u00f3 que gobernar\u00e1 para que los dominicanos  puedan realizar sus sue\u00f1os en su propia tierra, sin arriesgar sus vidas en  fr\u00e1giles embarcaciones para emigrar al extranjero por mejores oportunidades de  vida.<\/p>\n<p>&#13;<\/p>\n<p align=\"justify\" class=\"text1noticias\">Afirm\u00f3 que los dominicanos necesitan\u00a0 un nuevo amanecer \u201cque le permita hacer  reverdecer la esperanza en el porvenir\u201d.<\/p>\n<p>&#13;<\/p>\n<p align=\"justify\" class=\"text1noticias\">Amable habl\u00f3 en el marco de una marcha denominada  \u201ccacerolazo contra la pobreza\u201d por diferentes barrios empobrecidos de la Capital, entre ellos La Puya y El Tutumo, en Arroyo  Hondo.<\/p>\n<p>&#13;<\/p>\n<p align=\"justify\" class=\"text1noticias\">En la actividad, que se extendi\u00f3 por varias horas, el  candidato presidencial reformista distribuy\u00f3 cerdos, gallinas, salami, pan,  mantequilla, colchones, mosquiteros, sillas de ruedas y dinero en efectivo.<\/p>\n<p>&#13;<\/p>\n<p align=\"justify\" class=\"text1noticias\">Estuvo acompa\u00f1ado de los diputados Sergio Cede\u00f1o,  V\u00edctor \u2013Ito- Bison\u00f3, Ram\u00f3n Rogelio Genao y los regidores Milton Jos\u00e9 Ginebra,  Santo Maria, Maria Rosa Belliard, as\u00ed como Joaqu\u00edn Ricardo, Pedro Bret\u00f3n y  Ram\u00f3n Bona Rivera, entre otros.<\/p>\n<p>&#13;<\/p>\n<h6> 2007-11-20 04:48:53 <\/h6>\n<p><!--\n<link rel=\"stylesheet\" href=\"css\/bootstrap.min.css\">\n\n\n<ul class=\"pagination\">\n\t    \n\t\n\n<li >\n\t<a href='?page_no=34711'>Previous<\/a>\n\t<\/li>\n\n\n       \n    \n\n<li><a href='?page_no=1'>1<\/a><\/li>\n\n\n\n<li><a href='?page_no=2'>2<\/a><\/li>\n\n\n\n<li><a>...<\/a><\/li>\n\n\n\n<li><a href='?page_no=34710'>34710<\/a><\/li>\n\n\n\n<li><a href='?page_no=34711'>34711<\/a><\/li>\n\n\n\n<li class='active'><a>34712<\/a><\/li>\n\n\n\n<li><a href='?page_no=34713'>34713<\/a><\/li>\n\n\n\n<li><a href='?page_no=34714'>34714<\/a><\/li>\n\n\n\n<li><a>...<\/a><\/li>\n\n\n\n<li><a href='?page_no=36999'>36999<\/a><\/li>\n\n\n\n<li><a href='?page_no=37000'>37000<\/a><\/li>\n\n    \n\t\n\n<li >\n\t<a href='?page_no=34713'>Next<\/a>\n\t<\/li>\n\n\n    \n\n<li><a href='?page_no=37000'>Last &rsaquo;&rsaquo;<\/a><\/li>\n\n<\/ul>\n\n\n--><br \/>\n<\/body><\/p>\n","protected":false},"excerpt":{"rendered":"<p>Aristy Castro dice promover\u00e1 construcci\u00f3n de una sociedad de oportunidades &#13; Santo Domingo.- El candidato presidencial del Partido Reformista Social Cristiano (PRSC), Amable Aristy Castro, anunci\u00f3 que promover\u00e1 desde el Gobierno la construcci\u00f3n de una sociedad de oportunidades para todos los dominicanos, donde se garantizar\u00e1 una real paridad de g\u00e9nero. &#13; Sostuvo que en su [&hellip;]<\/p>\n","protected":false},"author":3,"featured_media":0,"comment_status":"open","ping_status":"open","sticky":false,"template":"","format":"standard","meta":{"footnotes":""},"categories":[22],"tags":[],"class_list":["post-191964","post","type-post","status-publish","format-standard","hentry","category-politica"],"_links":{"self":[{"href":"https:\/\/diariodominicano.com\/index.php?rest_route=\/wp\/v2\/posts\/191964","targetHints":{"allow":["GET"]}}],"collection":[{"href":"https:\/\/diariodominicano.com\/index.php?rest_route=\/wp\/v2\/posts"}],"about":[{"href":"https:\/\/diariodominicano.com\/index.php?rest_route=\/wp\/v2\/types\/post"}],"author":[{"embeddable":true,"href":"https:\/\/diariodominicano.com\/index.php?rest_route=\/wp\/v2\/users\/3"}],"replies":[{"embeddable":true,"href":"https:\/\/diariodominicano.com\/index.php?rest_route=%2Fwp%2Fv2%2Fcomments&post=191964"}],"version-history":[{"count":0,"href":"https:\/\/diariodominicano.com\/index.php?rest_route=\/wp\/v2\/posts\/191964\/revisions"}],"wp:attachment":[{"href":"https:\/\/diariodominicano.com\/index.php?rest_route=%2Fwp%2Fv2%2Fmedia&parent=191964"}],"wp:term":[{"taxonomy":"category","embeddable":true,"href":"https:\/\/diariodominicano.com\/index.php?rest_route=%2Fwp%2Fv2%2Fcategories&post=191964"},{"taxonomy":"post_tag","embeddable":true,"href":"https:\/\/diariodominicano.com\/index.php?rest_route=%2Fwp%2Fv2%2Ftags&post=191964"}],"curies":[{"name":"wp","href":"https:\/\/api.w.org\/{rel}","templated":true}]}}