{"id":191963,"date":"2007-11-20T05:35:32","date_gmt":"2007-11-20T05:35:32","guid":{"rendered":"http:\/\/diariodominicano.ddns.net\/?p=191963"},"modified":"2007-11-20T05:35:32","modified_gmt":"2007-11-20T05:35:32","slug":"vargas-maldonado-sugiere-al-gobierno-realizar-accion-conjunta-con-los-ayuntamientos-para-enfrentar-focos-infecciosos","status":"publish","type":"post","link":"https:\/\/diariodominicano.com\/?p=191963","title":{"rendered":"Vargas Maldonado sugiere al Gobierno realizar acci\u00f3n conjunta con los ayuntamientos para enfrentar focos infecciosos"},"content":{"rendered":"<p><body><\/p>\n<p><span class=\"titulogrande1\">Vargas  Maldonado sugiere al Gobierno realizar  acci\u00f3n conjunta con los ayuntamientos para enfrentar focos infecciosos <\/span><\/p>\n<p>&#13;<\/p>\n<p align=\"justify\" class=\"text1noticias\"><strong><img loading=\"lazy\" decoding=\"async\" src=\"http:\/\/localhost:8080\/pictures\/vargas maldonado pic.jpg\" width=\"269\" height=\"330\" hspace=\"4\" align=\"left\" \/>Santo Domingo.-<\/strong> Miguel Vargas  Maldonado, candidato presidencial del Partido Revolucionario Dominicano \u00a0(PRD) consider\u00f3\u00a0 que el Gobierno Central debe convocar con  car\u00e1cter de urgencia a todos los s\u00edndicos del pa\u00eds, sin distinci\u00f3n de bander\u00edas  pol\u00edticas, para que de manera conjunta realicen una campa\u00f1a de recolecci\u00f3n de  escombros, basura y todo tipo de desperdicios s\u00f3lidos para evitar que \u00e9stos se  conviertan en guaridas de ratones y focos infecciosos que atenten contra la  salud y la vida del pueblo dominicano.<\/p>\n<p>&#13;<\/p>\n<p align=\"justify\" class=\"text1noticias\">Propuso al Gobierno la ejecuci\u00f3n  de una campa\u00f1a masiva de educaci\u00f3n sanitaria y de aseo urbano para controlar a  corto plazo la epidemia de leptospirosis y otras enfermedades que han causado  ya m\u00e1s de 25 muertes y muchos otros casos de personas infectadas.<\/p>\n<p>&#13;<\/p>\n<p align=\"justify\" class=\"text1noticias\">Dijo que es necesaria una  movilizaci\u00f3n masiva, sobre todo en las zonas m\u00e1s impactadas, para que sea  aplicado un programa de atenci\u00f3n a los casos potenciales, detectando s\u00edntomas  febriles para darle el tratamiento antimicrobiano espec\u00edfico. <\/p>\n<p>&#13;<\/p>\n<p align=\"justify\" class=\"text1noticias\">Puntualiz\u00f3 que deben adoptarse medidas rigurosas para que  tanto en los centros m\u00e9dicos privados como en las cl\u00ednicas, se le de el  tratamiento oportuno y adecuado a cada caso.<\/p>\n<p>&#13;<\/p>\n<p align=\"justify\" class=\"text1noticias\"><strong>Campa\u00f1a masiva  de recogida de basura<\/strong><\/p>\n<p>&#13;<\/p>\n<p align=\"justify\" class=\"text1noticias\">Para evitar nuevas muertes y  que se contin\u00fae propagando la epidemia en la magnitud en que est\u00e1 ocurriendo,  adem\u00e1s de las medidas de salud, Vargas Maldonado propuso una acci\u00f3n conjunta de  organismos gubernamentales que sumen camiones, camionetas y otros equipos y  veh\u00edculos apropiados para acudir en auxilio de todos los ayuntamientos que lo  requieran, sin discriminaci\u00f3n alguna, en la recogida masiva de basuras y  desperdicios que puedan convertirse en guarida de ratones y en focos  infecciosos.<\/p>\n<p>&#13;<\/p>\n<p align=\"justify\" class=\"text1noticias\">En una declaraci\u00f3n  suministrada por la dDirecci\u00f3n de Comunicaciones de su campa\u00f1a presidencial,  Vargas Maldonado consider\u00f3 conveniente tambi\u00e9n que en las labores de  informaci\u00f3n y saneamiento urbano se les d\u00e9 participaci\u00f3n a las juntas de  vecinos y se solicite la colaboraci\u00f3n de empresarios que puedan prestar su  colaboraci\u00f3n.<\/p>\n<p>&#13;<\/p>\n<p align=\"justify\" class=\"text1noticias\">El candidato presidencial  perredeista dice \u00a0en su declaraci\u00f3n que  otra medida importante que deben adoptar las autoridades es garantizar a la  ciudadan\u00eda que desde las tomas de agua hasta las redes de distribuci\u00f3n en los  hogares el agua de todos los acueductos del pa\u00eds tiene las cualidades de  potabilidad requeridas para los servicios y el consumo humano. <\/p>\n<p>&#13;<\/p>\n<p align=\"justify\" class=\"text1noticias\">Reiter\u00f3 su llamado a los dominicanos  y dominicanas que respaldan su candidatura presidencial para que sean  solidarios con los afectados por la tormenta Noel y apoyen las labores que en  este sentido desarrollen las autoridades.<\/p>\n<p>&#13;<\/p>\n<p align=\"justify\" class=\"text1noticias\">\u201cTenemos en todo el pa\u00eds a  mucha gente preocupada con la epidemia de leptospirosis y otras enfermedades  que puedan presentarse, por lo que es tiempo de que las autoridades act\u00faen con  mayor diligencia y eficacia\u201d, precis\u00f3.<\/p>\n<p>&#13;<\/p>\n<p align=\"justify\" class=\"text1noticias\">Dijo que hace las propuestas  con un inter\u00e9s estrictamente patri\u00f3tico, como lo hizo el s\u00e1bado 3 del presente  mes, cuando est\u00e1bamos bajo efectos directos de la tormenta, expuso al gobierno  la adopci\u00f3n de 25 medidas dirigidas a apoyar a los afectados por la tormenta  Noel y a lograr la recuperaci\u00f3n nacional en el corto plazo.<\/p>\n<p>&#13;<\/p>\n<p align=\"justify\" class=\"text1noticias\">Las medidas propuestas  incluyen proveer atenciones efectivas en materia de salud y controlar el  surgimiento de epidemias, acciones para la recuperaci\u00f3n de la producci\u00f3n de  alimentos y los da\u00f1os al sector agropecuario.<\/p>\n<p>&#13;<\/p>\n<p align=\"justify\" class=\"text1noticias\">Adem\u00e1s reparaci\u00f3n y  reconstrucci\u00f3n de viviendas, de la infraestructura vial y medidas para elevar  el poder adquisitivo de la poblaci\u00f3n, estableciendo incluso los recursos del  Fondo General de la Naci\u00f3n  que pueden ser utilizados para que el gobierno no tenga que recurrir a nuevos  endeudamientos internos o externos.<\/p>\n<p>&#13;<\/p>\n<h6> 2007-11-20 05:35:32 <\/h6>\n<p><!--\n<link rel=\"stylesheet\" href=\"css\/bootstrap.min.css\">\n\n\n<ul class=\"pagination\">\n\t    \n\t\n\n<li >\n\t<a href='?page_no=34710'>Previous<\/a>\n\t<\/li>\n\n\n       \n    \n\n<li><a href='?page_no=1'>1<\/a><\/li>\n\n\n\n<li><a href='?page_no=2'>2<\/a><\/li>\n\n\n\n<li><a>...<\/a><\/li>\n\n\n\n<li><a href='?page_no=34709'>34709<\/a><\/li>\n\n\n\n<li><a href='?page_no=34710'>34710<\/a><\/li>\n\n\n\n<li class='active'><a>34711<\/a><\/li>\n\n\n\n<li><a href='?page_no=34712'>34712<\/a><\/li>\n\n\n\n<li><a href='?page_no=34713'>34713<\/a><\/li>\n\n\n\n<li><a>...<\/a><\/li>\n\n\n\n<li><a href='?page_no=36999'>36999<\/a><\/li>\n\n\n\n<li><a href='?page_no=37000'>37000<\/a><\/li>\n\n    \n\t\n\n<li >\n\t<a href='?page_no=34712'>Next<\/a>\n\t<\/li>\n\n\n    \n\n<li><a href='?page_no=37000'>Last &rsaquo;&rsaquo;<\/a><\/li>\n\n<\/ul>\n\n\n--><br \/>\n<\/body><\/p>\n","protected":false},"excerpt":{"rendered":"<p>Vargas Maldonado sugiere al Gobierno realizar acci\u00f3n conjunta con los ayuntamientos para enfrentar focos infecciosos &#13; Santo Domingo.- Miguel Vargas Maldonado, candidato presidencial del Partido Revolucionario Dominicano \u00a0(PRD) consider\u00f3\u00a0 que el Gobierno Central debe convocar con car\u00e1cter de urgencia a todos los s\u00edndicos del pa\u00eds, sin distinci\u00f3n de bander\u00edas pol\u00edticas, para que de manera conjunta [&hellip;]<\/p>\n","protected":false},"author":3,"featured_media":0,"comment_status":"open","ping_status":"open","sticky":false,"template":"","format":"standard","meta":{"footnotes":""},"categories":[22],"tags":[],"class_list":["post-191963","post","type-post","status-publish","format-standard","hentry","category-politica"],"_links":{"self":[{"href":"https:\/\/diariodominicano.com\/index.php?rest_route=\/wp\/v2\/posts\/191963","targetHints":{"allow":["GET"]}}],"collection":[{"href":"https:\/\/diariodominicano.com\/index.php?rest_route=\/wp\/v2\/posts"}],"about":[{"href":"https:\/\/diariodominicano.com\/index.php?rest_route=\/wp\/v2\/types\/post"}],"author":[{"embeddable":true,"href":"https:\/\/diariodominicano.com\/index.php?rest_route=\/wp\/v2\/users\/3"}],"replies":[{"embeddable":true,"href":"https:\/\/diariodominicano.com\/index.php?rest_route=%2Fwp%2Fv2%2Fcomments&post=191963"}],"version-history":[{"count":0,"href":"https:\/\/diariodominicano.com\/index.php?rest_route=\/wp\/v2\/posts\/191963\/revisions"}],"wp:attachment":[{"href":"https:\/\/diariodominicano.com\/index.php?rest_route=%2Fwp%2Fv2%2Fmedia&parent=191963"}],"wp:term":[{"taxonomy":"category","embeddable":true,"href":"https:\/\/diariodominicano.com\/index.php?rest_route=%2Fwp%2Fv2%2Fcategories&post=191963"},{"taxonomy":"post_tag","embeddable":true,"href":"https:\/\/diariodominicano.com\/index.php?rest_route=%2Fwp%2Fv2%2Ftags&post=191963"}],"curies":[{"name":"wp","href":"https:\/\/api.w.org\/{rel}","templated":true}]}}