{"id":191955,"date":"2007-11-20T17:07:32","date_gmt":"2007-11-20T17:07:32","guid":{"rendered":"http:\/\/diariodominicano.ddns.net\/?p=191955"},"modified":"2007-11-20T17:07:32","modified_gmt":"2007-11-20T17:07:32","slug":"jaquimeyes-recibe-ayuda-y-solidaridad","status":"publish","type":"post","link":"https:\/\/diariodominicano.com\/?p=191955","title":{"rendered":"Jaquimeyes recibe ayuda y solidaridad"},"content":{"rendered":"<p><body><\/p>\n<p class=\"titulogrande1\"><strong>Jaquimeyes  recibe ayuda y solidaridad <\/strong> <\/p>\n<p>&#13;<\/p>\n<p align=\"justify\" class=\"text1noticias\"><strong>JAQUIMEYES,  Barahona.- <\/strong>El Secretario y director  ejecutivo del Fondo de Promoci\u00f3n a las Iniciativas Comunitarias (PROCOMUNIDAD),  Jos\u00e9 Gonz\u00e1lez Espinosa, dijo que este municipio recibe del gobierno, a trav\u00e9s  de las diversas instituciones del Estado, una descarga de solidaridad al igual  que los dem\u00e1s pueblos afectados por la tormenta Noel, tras su paso por la  regi\u00f3n el 28 de octubre pasado. <\/p>\n<p>&#13;<\/p>\n<p align=\"justify\" class=\"text1noticias\">Gonz\u00e1lez Espinosa,  al encabezar en Jaquimeyes un operativo de limpieza y retiro de lodo,  conjuntamente con las Fuerzas Armadas, la Direcci\u00f3n de Desarrollo Fronterizo, las brigadas  del programa de desarrollo comunitario \u00abVamo Arriba\u00bb e instituciones  civiles, dijo que las autoridades no han dejado solas a estas comunidades,  buscando su pronta recuperaci\u00f3n de los efectos causados por el fen\u00f3meno  atmosf\u00e9rico. <\/p>\n<p>&#13;<\/p>\n<p align=\"justify\" class=\"text1noticias\">\u00abCientos de hombres y  mujeres se integraron en el fin de semana a batallar contra el lodo para hacer  habitable nuevamente a Jaquimeyes que ha quedado sepultado bajo los escombros,  pero lo m\u00e1s importante es la vida porque las perdidas materiales es  recuperable\u00bb, explica Gonz\u00e1lez Espinosa en nota de prensa de la Direcci\u00f3n de Relaciones  P\u00fablicas de PROCOMUNIDAD. <\/p>\n<p>&#13;<\/p>\n<p align=\"justify\" class=\"text1noticias\">El presidente del PTD, dijo  que luego de retirar el lodo y los escombros brigadas compuestas por 10 y 15  obreros fumigar\u00e1n casa por casa a: Jaquimeyes, Bombita, El Pe\u00f1\u00f3n, Canoa,  Pescader\u00eda, La Hoya,  Hato Viejo, Habanero, Uvillas y El Salado, estos dos \u00faltimos pertenecientes a  los municipios de Galv\u00e1n y Tamayo, respectivamente, de la provincia Bahoruco. <\/p>\n<p>&#13;<\/p>\n<p align=\"justify\" class=\"text1noticias\">Detall\u00f3 que la instituci\u00f3n  que dirige ha entregado, sobre todo, en el municipio de Pe\u00f1\u00f3n, estufas,  cilindros de GLP, mosquiteros, ropas, zapatos, sabanas, alimentos, acci\u00f3n que  se llev\u00f3 a cabo previa comprobaci\u00f3n de que las familias resultaron afectadas  por la furia de la tormenta Noel. En esta comunidad 113 familias fueron  favorecidas. <\/p>\n<p>&#13;<\/p>\n<p align=\"justify\" class=\"text1noticias\">\u00abEsa misma ayuda la  vamos hacer a las familias de las otras comunidades que fueron afectadas por la  tormenta, no ha todas porque los recursos que manejamos en PROCOMUNIDAD son un  tanto limitados, pero una buena parte ser\u00e1 beneficiada con nuestra  solidaridad\u00bb, dijo el ex senador de la provincia de Barahona. <\/p>\n<p>&#13;<\/p>\n<p align=\"justify\" class=\"text1noticias\">Dijo que va a proponer que  las distintas entidades del gobierno que intervienen en las comunidades  afectadas por la tormenta, cada una tome una para que la acci\u00f3n gubernamental  sea m\u00e1s abarcadora y llegue a m\u00e1s familias que durante el paso del fen\u00f3meno  natural por nuestra regi\u00f3n lo perdieron todo. <\/p>\n<p>&#13;<\/p>\n<h6> 2007-11-20 17:07:32 <\/h6>\n<p><!--\n<link rel=\"stylesheet\" href=\"css\/bootstrap.min.css\">\n\n\n<ul class=\"pagination\">\n\t    \n\t\n\n<li >\n\t<a href='?page_no=34702'>Previous<\/a>\n\t<\/li>\n\n\n       \n    \n\n<li><a href='?page_no=1'>1<\/a><\/li>\n\n\n\n<li><a href='?page_no=2'>2<\/a><\/li>\n\n\n\n<li><a>...<\/a><\/li>\n\n\n\n<li><a href='?page_no=34701'>34701<\/a><\/li>\n\n\n\n<li><a href='?page_no=34702'>34702<\/a><\/li>\n\n\n\n<li class='active'><a>34703<\/a><\/li>\n\n\n\n<li><a href='?page_no=34704'>34704<\/a><\/li>\n\n\n\n<li><a href='?page_no=34705'>34705<\/a><\/li>\n\n\n\n<li><a>...<\/a><\/li>\n\n\n\n<li><a href='?page_no=36999'>36999<\/a><\/li>\n\n\n\n<li><a href='?page_no=37000'>37000<\/a><\/li>\n\n    \n\t\n\n<li >\n\t<a href='?page_no=34704'>Next<\/a>\n\t<\/li>\n\n\n    \n\n<li><a href='?page_no=37000'>Last &rsaquo;&rsaquo;<\/a><\/li>\n\n<\/ul>\n\n\n--><br \/>\n<\/body><\/p>\n","protected":false},"excerpt":{"rendered":"<p>Jaquimeyes recibe ayuda y solidaridad &#13; JAQUIMEYES, Barahona.- El Secretario y director ejecutivo del Fondo de Promoci\u00f3n a las Iniciativas Comunitarias (PROCOMUNIDAD), Jos\u00e9 Gonz\u00e1lez Espinosa, dijo que este municipio recibe del gobierno, a trav\u00e9s de las diversas instituciones del Estado, una descarga de solidaridad al igual que los dem\u00e1s pueblos afectados por la tormenta Noel, [&hellip;]<\/p>\n","protected":false},"author":3,"featured_media":0,"comment_status":"open","ping_status":"open","sticky":false,"template":"","format":"standard","meta":{"footnotes":""},"categories":[22],"tags":[],"class_list":["post-191955","post","type-post","status-publish","format-standard","hentry","category-politica"],"_links":{"self":[{"href":"https:\/\/diariodominicano.com\/index.php?rest_route=\/wp\/v2\/posts\/191955","targetHints":{"allow":["GET"]}}],"collection":[{"href":"https:\/\/diariodominicano.com\/index.php?rest_route=\/wp\/v2\/posts"}],"about":[{"href":"https:\/\/diariodominicano.com\/index.php?rest_route=\/wp\/v2\/types\/post"}],"author":[{"embeddable":true,"href":"https:\/\/diariodominicano.com\/index.php?rest_route=\/wp\/v2\/users\/3"}],"replies":[{"embeddable":true,"href":"https:\/\/diariodominicano.com\/index.php?rest_route=%2Fwp%2Fv2%2Fcomments&post=191955"}],"version-history":[{"count":0,"href":"https:\/\/diariodominicano.com\/index.php?rest_route=\/wp\/v2\/posts\/191955\/revisions"}],"wp:attachment":[{"href":"https:\/\/diariodominicano.com\/index.php?rest_route=%2Fwp%2Fv2%2Fmedia&parent=191955"}],"wp:term":[{"taxonomy":"category","embeddable":true,"href":"https:\/\/diariodominicano.com\/index.php?rest_route=%2Fwp%2Fv2%2Fcategories&post=191955"},{"taxonomy":"post_tag","embeddable":true,"href":"https:\/\/diariodominicano.com\/index.php?rest_route=%2Fwp%2Fv2%2Ftags&post=191955"}],"curies":[{"name":"wp","href":"https:\/\/api.w.org\/{rel}","templated":true}]}}