{"id":191953,"date":"2007-11-20T22:38:38","date_gmt":"2007-11-20T22:38:38","guid":{"rendered":"http:\/\/diariodominicano.ddns.net\/?p=191953"},"modified":"2007-11-20T22:38:38","modified_gmt":"2007-11-20T22:38:38","slug":"amable-aristy-acusa-gobierno-de-incompetente-e-incapaz-para-afrontar-problemas-basicos-de-la-nacion","status":"publish","type":"post","link":"https:\/\/diariodominicano.com\/?p=191953","title":{"rendered":"Amable Aristy Acusa Gobierno de \u201cincompetente e incapaz\u201d para afrontar problemas b\u00e1sicos de la naci\u00f3n"},"content":{"rendered":"<p><body><\/p>\n<p align=\"justify\" class=\"titulogrande1\">Amable Aristy <strong>Acusa Gobierno de  \u201cincompetente e incapaz\u201d para afrontar problemas b\u00e1sicos de la naci\u00f3n<\/strong><\/p>\n<p>&#13;<\/p>\n<p align=\"justify\" class=\"text1noticias\"><strong>Santo Domingo.- <\/strong>El  candidato presidencial del Partido Reformista Social Cristiano (PRSC), Amable  Aristy Castro, acus\u00f3 al gobierno de Leonel Fern\u00e1ndez de \u201cincompetente e  incapaz\u201d de afrontar los problemas b\u00e1sicos de la naci\u00f3n, como asegur\u00f3 ha  quedado evidenciado con la tragedia de la tormenta Noel y la epidemia de  Leptospirosis afecta al pa\u00eds.<\/p>\n<p>&#13;<\/p>\n<p align=\"justify\" class=\"text1noticias\">Consider\u00f3 como  un \u201cbochorno y una ofensa\u201d al pueblo las declaraciones del secretario de Salud  P\u00fablica, Bautista Rojas G\u00f3mez, confirmando la epidemia de leptospirosis que  dijo ha cobrado cerca de 60 vidas en lo que va de a\u00f1o y m\u00e1s de mil ciento  ochentas afectados.<\/p>\n<p>&#13;<\/p>\n<p align=\"justify\" class=\"text1noticias\">A\u00f1adi\u00f3 que \u201ctambi\u00e9n  es una afrenta nacional, una verg\u00fcenza, que en el tercer milenio los mosquitos  y los ratones est\u00e9n matando a tantas personas en el pa\u00eds\u201d.<\/p>\n<p>&#13;<\/p>\n<p align=\"justify\" class=\"text1noticias\">Indic\u00f3 que  Republica Dominicana no solo est\u00e1 afectada de una epidemia de leptospirosis,  sino tambi\u00e9n de dengue y malaria, \u201cy se encuban brotes de nuevas epidemias de  la que la medicina llama infecciones h\u00edbridas, como la meningitis,  poliomielitis y otras\u201d.<\/p>\n<p>&#13;<\/p>\n<p align=\"justify\" class=\"text1noticias\">Asegur\u00f3 que  igualmente aumenta notablemente en las \u00faltimas semanas enfermedades  gastrointestinales provocadas por la contaminaci\u00f3n del agua de consumo humano,  a lo que dijo \u201clas autoridades no han sabido enfrentar con eficiencia\u201d.<\/p>\n<p>&#13;<\/p>\n<p align=\"justify\" class=\"text1noticias\">Manifest\u00f3 \u00a0que es imperdonable que despu\u00e9s de llorar los  muertos de la tormenta Noel \u201cpor la incapacidad e indolencia del gobierno del  PLD, tengamos ahora que llorar las muertes de decenas de dominicanos v\u00edctimas  de enfermedades que pudieron prevenirse\u201d.<\/p>\n<p>&#13;<\/p>\n<p align=\"justify\" class=\"text1noticias\">Dijo que para  evitarse esas muertes el gobierno solo ten\u00eda que implementar medidas simples,  como operativos masivos de limpieza y la eliminaci\u00f3n de agua estancada y  vertederos.<\/p>\n<p>&#13;<\/p>\n<p align=\"justify\" class=\"text1noticias\">\u201cAdem\u00e1s, de  realizar operativos m\u00e9dicos y de fumigaci\u00f3n en las comunidades m\u00e1s vulnerables,  como aquellas que fueron afectadas inundaciones\u201d, agreg\u00f3.<\/p>\n<p>&#13;<\/p>\n<p align=\"justify\" class=\"text1noticias\">Para Amable  Aristy \u201ces un crimen aun mayor\u201d que en el pa\u00eds no se tenga en existencia los  antibi\u00f3ticos necesarios para combatir la leptospirosis \u201cy que los ciudadanos  mueran por falta de medicamentos, mientras el presidente Fern\u00e1ndez trata de  sacar capital pol\u00edtico a la tragedia de Noel haciendo \u00a0consejos de gobierno y entregando facs\u00edmiles  de cheques gigantes como si fuera el premio de una loter\u00eda que tuviera  entregando\u201d.<\/p>\n<p>&#13;<\/p>\n<p align=\"justify\" class=\"text1noticias\">El candidato  presidencial reformista se pronunci\u00f3 en esos t\u00e9rminos al encabezar un  \u201ccacerolazo contra la pobreza\u201d en las comunidades de Guerra, Mendosa y Hato  Viejo, donde tuvo acompa\u00f1ado de los ex diputados Lu\u00eds Emilio Reyes Ozuna  (Cuchito), Ruddy Liriano, Pedro Santana, F\u00e9lix Marte, Fabio Mart\u00ednez Peguero,  Ram\u00f3n Rogelio Genao, entre otros.<\/p>\n<p>&#13;<\/p>\n<p align=\"justify\" class=\"text1noticias\">Durante la  actividad proselitista distribuy\u00f3 gallinas, salami, sillas de ruedas,  colchones, canastillas, mosquiteros y dinero en efectivo. Tambi\u00e9n se realizaron  operativos m\u00e9dicos, fumigaci\u00f3n y de limpieza.<\/p>\n<p>&#13;<\/p>\n<h6> 2007-11-20 22:38:38 <\/h6>\n<p><!--\n<link rel=\"stylesheet\" href=\"css\/bootstrap.min.css\">\n\n\n<ul class=\"pagination\">\n\t    \n\t\n\n<li >\n\t<a href='?page_no=34700'>Previous<\/a>\n\t<\/li>\n\n\n       \n    \n\n<li><a href='?page_no=1'>1<\/a><\/li>\n\n\n\n<li><a href='?page_no=2'>2<\/a><\/li>\n\n\n\n<li><a>...<\/a><\/li>\n\n\n\n<li><a href='?page_no=34699'>34699<\/a><\/li>\n\n\n\n<li><a href='?page_no=34700'>34700<\/a><\/li>\n\n\n\n<li class='active'><a>34701<\/a><\/li>\n\n\n\n<li><a href='?page_no=34702'>34702<\/a><\/li>\n\n\n\n<li><a href='?page_no=34703'>34703<\/a><\/li>\n\n\n\n<li><a>...<\/a><\/li>\n\n\n\n<li><a href='?page_no=36999'>36999<\/a><\/li>\n\n\n\n<li><a href='?page_no=37000'>37000<\/a><\/li>\n\n    \n\t\n\n<li >\n\t<a href='?page_no=34702'>Next<\/a>\n\t<\/li>\n\n\n    \n\n<li><a href='?page_no=37000'>Last &rsaquo;&rsaquo;<\/a><\/li>\n\n<\/ul>\n\n\n--><br \/>\n<\/body><\/p>\n","protected":false},"excerpt":{"rendered":"<p>Amable Aristy Acusa Gobierno de \u201cincompetente e incapaz\u201d para afrontar problemas b\u00e1sicos de la naci\u00f3n &#13; Santo Domingo.- El candidato presidencial del Partido Reformista Social Cristiano (PRSC), Amable Aristy Castro, acus\u00f3 al gobierno de Leonel Fern\u00e1ndez de \u201cincompetente e incapaz\u201d de afrontar los problemas b\u00e1sicos de la naci\u00f3n, como asegur\u00f3 ha quedado evidenciado con la [&hellip;]<\/p>\n","protected":false},"author":3,"featured_media":0,"comment_status":"open","ping_status":"open","sticky":false,"template":"","format":"standard","meta":{"footnotes":""},"categories":[22],"tags":[],"class_list":["post-191953","post","type-post","status-publish","format-standard","hentry","category-politica"],"_links":{"self":[{"href":"https:\/\/diariodominicano.com\/index.php?rest_route=\/wp\/v2\/posts\/191953","targetHints":{"allow":["GET"]}}],"collection":[{"href":"https:\/\/diariodominicano.com\/index.php?rest_route=\/wp\/v2\/posts"}],"about":[{"href":"https:\/\/diariodominicano.com\/index.php?rest_route=\/wp\/v2\/types\/post"}],"author":[{"embeddable":true,"href":"https:\/\/diariodominicano.com\/index.php?rest_route=\/wp\/v2\/users\/3"}],"replies":[{"embeddable":true,"href":"https:\/\/diariodominicano.com\/index.php?rest_route=%2Fwp%2Fv2%2Fcomments&post=191953"}],"version-history":[{"count":0,"href":"https:\/\/diariodominicano.com\/index.php?rest_route=\/wp\/v2\/posts\/191953\/revisions"}],"wp:attachment":[{"href":"https:\/\/diariodominicano.com\/index.php?rest_route=%2Fwp%2Fv2%2Fmedia&parent=191953"}],"wp:term":[{"taxonomy":"category","embeddable":true,"href":"https:\/\/diariodominicano.com\/index.php?rest_route=%2Fwp%2Fv2%2Fcategories&post=191953"},{"taxonomy":"post_tag","embeddable":true,"href":"https:\/\/diariodominicano.com\/index.php?rest_route=%2Fwp%2Fv2%2Ftags&post=191953"}],"curies":[{"name":"wp","href":"https:\/\/api.w.org\/{rel}","templated":true}]}}