{"id":191952,"date":"2007-11-20T22:43:06","date_gmt":"2007-11-20T22:43:06","guid":{"rendered":"http:\/\/diariodominicano.ddns.net\/?p=191952"},"modified":"2007-11-20T22:43:06","modified_gmt":"2007-11-20T22:43:06","slug":"pld-saluda-decision-de-jce-de-desestimar-control-de-propaganda","status":"publish","type":"post","link":"https:\/\/diariodominicano.com\/?p=191952","title":{"rendered":"PLD saluda decisi\u00f3n de JCE de desestimar control de propaganda"},"content":{"rendered":"<p><body><\/p>\n<p class=\"titulogrande1\">PLD saluda  decisi\u00f3n de JCE de desestimar control de propaganda<\/p>\n<p>&#13;<\/p>\n<p align=\"justify\" class=\"text1noticias\"><strong>Santo Domingo.-<\/strong> El Partido de la Liberaci\u00f3n Dominicana  calific\u00f3 de acertada la decisi\u00f3n del Pleno de la Junta Central  Electoral de desestimar la propuesta de Reglamento de campa\u00f1a electoral, actos  de propaganda y uso de los medios de comunicaci\u00f3n. <\/p>\n<p>&#13;<\/p>\n<p align=\"justify\" class=\"text1noticias\"> La consideraci\u00f3n  la externo C\u00e9sar Pina Toribio, delegado pol\u00edtico del PLD ante la Junta Central  Electoral al ser abordado por los periodistas en torno a la decisi\u00f3n adoptada  por el organismo de comicios en raz\u00f3n, seg\u00fan se inform\u00f3, de que no se  \u00a0logr\u00f3 el consenso de los partidos pol\u00edticos y la sociedad civil.\u00a0 <\/p>\n<p>&#13;<\/p>\n<p align=\"justify\" class=\"text1noticias\">\u00abPienso que la Junta actu\u00f3 con un buen  criterio al desestimar su propia propuesta de reglamento por las razones de que  los partidos pol\u00edticos y algunos medios de comunicaci\u00f3n y entidades de la  sociedad civil organizada plantearon las inconsistencias constitucionales  del\u00a0mismo\u00bb respondi\u00f3 Pina Toribio. <\/p>\n<p>&#13;<\/p>\n<p align=\"justify\" class=\"text1noticias\"> El plenario de la Junta Central  Electoral decidi\u00f3 dejar para m\u00e1s adelante el conocimiento de del  reglamento de campa\u00f1a \u00a0afirmando que para el proceso electoral del 16 de  mayo no estar\u00e1 en vigencia. <\/p>\n<p>&#13;<\/p>\n<p align=\"justify\" class=\"text1noticias\"> El tambi\u00e9n  miembro del Comit\u00e9 Pol\u00edtico pelede\u00edsta considera que igual decisi\u00f3n debe  adoptarse con la resoluci\u00f3n que proh\u00edbe la divulgaci\u00f3n de spot de campa\u00f1a. <\/p>\n<p>&#13;<\/p>\n<p align=\"justify\" class=\"text1noticias\">\u00a0El \u00a0pleno  del organismo comicial har\u00e1 una audiencia p\u00fablica el s\u00e1bado a las 10:00 a.m.  con representantes de las organizaciones pol\u00edticas para conocer de instancias  depositadas sobre la resoluci\u00f3n que exige a todos los partidos\u00a0 retirar la  publicidad de los medios de comunicaci\u00f3n debido a que no ha sido formalmente  abierta la campa\u00f1a electoral. <\/p>\n<p>&#13;<\/p>\n<p align=\"justify\" class=\"text1noticias\"> Reitero la  posici\u00f3n del PLD en torno a la autoridad del organismo de comicios para ordenar  el cese \u00a0de todo tipo de publicidad de car\u00e1cter electoral o  proselitista\u00bb considerando \u00a0\u00a0que se trata de una medida que  excede sus \u00a0facultades legales \u00a0y que, adem\u00e1s, \u00abcontraviene la  libertad de expresi\u00f3n y difusi\u00f3n del pensamiento, consagrada por el Art\u00edculo\u00a0  8, Ac\u00e1pite 5 de la   Constituci\u00f3n de la Rep\u00fablica\u00bb.\u00a0Dijo. <\/p>\n<p>&#13;<\/p>\n<p align=\"justify\" class=\"text1noticias\">En t\u00e9rminos similares a los de Pina Toribio se pronunci\u00f3 Reinaldo  Pared P\u00e9rez, Secretario General del PLD , quien se  mostr\u00f3\u00a0  complacido \u00a0con la decisi\u00f3n adoptada por el pleno de la Junta Central  Electoral (JCE), que desisti\u00f3 de la aprobaci\u00f3n y aplicaci\u00f3n del proyecto de  Reglamento de la   Campa\u00f1a Electoral en el pa\u00eds.\u00a0 <br \/>&#13;<br \/>\n  <br \/>&#13;<br \/>\n\u00a0Pared  P\u00e9rez asegur\u00f3, que es la mejor decisi\u00f3n que ten\u00eda que adoptar la Junta Central  Electoral. \u00a0 <\/p>\n<p>&#13;<\/p>\n<h6> 2007-11-20 22:43:06 <\/h6>\n<p><!--\n<link rel=\"stylesheet\" href=\"css\/bootstrap.min.css\">\n\n\n<ul class=\"pagination\">\n\t    \n\t\n\n<li >\n\t<a href='?page_no=34699'>Previous<\/a>\n\t<\/li>\n\n\n       \n    \n\n<li><a href='?page_no=1'>1<\/a><\/li>\n\n\n\n<li><a href='?page_no=2'>2<\/a><\/li>\n\n\n\n<li><a>...<\/a><\/li>\n\n\n\n<li><a href='?page_no=34698'>34698<\/a><\/li>\n\n\n\n<li><a href='?page_no=34699'>34699<\/a><\/li>\n\n\n\n<li class='active'><a>34700<\/a><\/li>\n\n\n\n<li><a href='?page_no=34701'>34701<\/a><\/li>\n\n\n\n<li><a href='?page_no=34702'>34702<\/a><\/li>\n\n\n\n<li><a>...<\/a><\/li>\n\n\n\n<li><a href='?page_no=36999'>36999<\/a><\/li>\n\n\n\n<li><a href='?page_no=37000'>37000<\/a><\/li>\n\n    \n\t\n\n<li >\n\t<a href='?page_no=34701'>Next<\/a>\n\t<\/li>\n\n\n    \n\n<li><a href='?page_no=37000'>Last &rsaquo;&rsaquo;<\/a><\/li>\n\n<\/ul>\n\n\n--><br \/>\n<\/body><\/p>\n","protected":false},"excerpt":{"rendered":"<p>PLD saluda decisi\u00f3n de JCE de desestimar control de propaganda &#13; Santo Domingo.- El Partido de la Liberaci\u00f3n Dominicana calific\u00f3 de acertada la decisi\u00f3n del Pleno de la Junta Central Electoral de desestimar la propuesta de Reglamento de campa\u00f1a electoral, actos de propaganda y uso de los medios de comunicaci\u00f3n. &#13; La consideraci\u00f3n la externo [&hellip;]<\/p>\n","protected":false},"author":3,"featured_media":0,"comment_status":"open","ping_status":"open","sticky":false,"template":"","format":"standard","meta":{"footnotes":""},"categories":[22],"tags":[],"class_list":["post-191952","post","type-post","status-publish","format-standard","hentry","category-politica"],"_links":{"self":[{"href":"https:\/\/diariodominicano.com\/index.php?rest_route=\/wp\/v2\/posts\/191952","targetHints":{"allow":["GET"]}}],"collection":[{"href":"https:\/\/diariodominicano.com\/index.php?rest_route=\/wp\/v2\/posts"}],"about":[{"href":"https:\/\/diariodominicano.com\/index.php?rest_route=\/wp\/v2\/types\/post"}],"author":[{"embeddable":true,"href":"https:\/\/diariodominicano.com\/index.php?rest_route=\/wp\/v2\/users\/3"}],"replies":[{"embeddable":true,"href":"https:\/\/diariodominicano.com\/index.php?rest_route=%2Fwp%2Fv2%2Fcomments&post=191952"}],"version-history":[{"count":0,"href":"https:\/\/diariodominicano.com\/index.php?rest_route=\/wp\/v2\/posts\/191952\/revisions"}],"wp:attachment":[{"href":"https:\/\/diariodominicano.com\/index.php?rest_route=%2Fwp%2Fv2%2Fmedia&parent=191952"}],"wp:term":[{"taxonomy":"category","embeddable":true,"href":"https:\/\/diariodominicano.com\/index.php?rest_route=%2Fwp%2Fv2%2Fcategories&post=191952"},{"taxonomy":"post_tag","embeddable":true,"href":"https:\/\/diariodominicano.com\/index.php?rest_route=%2Fwp%2Fv2%2Ftags&post=191952"}],"curies":[{"name":"wp","href":"https:\/\/api.w.org\/{rel}","templated":true}]}}