{"id":191951,"date":"2007-11-20T22:50:59","date_gmt":"2007-11-20T22:50:59","guid":{"rendered":"http:\/\/diariodominicano.ddns.net\/?p=191951"},"modified":"2007-11-20T22:50:59","modified_gmt":"2007-11-20T22:50:59","slug":"reinaldo-destaca-medidas-tomadas-por-la-jce-2","status":"publish","type":"post","link":"https:\/\/diariodominicano.com\/?p=191951","title":{"rendered":"Reinaldo destaca medidas tomadas por la JCE"},"content":{"rendered":"<p><body><\/p>\n<p align=\"justify\"><span class=\"titulogrande1\">Reinaldo destaca medidas tomadas por la  JCE<\/span><br clear=\"all\" \/>&#13;<br \/>\n    <br \/>&#13;<br \/>\n    <span class=\"text1noticias\"><strong>Santo Domingo.- <\/strong><\/span><strong><span class=\"text1noticias\">Reinaldo Pared P\u00e9rez, <\/span><\/strong><span class=\"text1noticias\">Secretario General del Partido de la Liberaci\u00f3n Dominicana  mostr\u00f3 su identificaci\u00f3n \u00a0con la decisi\u00f3n adoptada por el pleno de la Junta Central  Electoral (JCE), que desisti\u00f3 de la aprobaci\u00f3n y aplicaci\u00f3n del proyecto de  Reglamento de Campa\u00f1a, \u00a0actos de propaganda y uso de los medios de  comunicaci\u00f3n. <br \/>&#13;<br \/>\n    <br \/>&#13;<br \/>\nEl  vocero pelede\u00edsta asegur\u00f3 a los comunicadores que le abordaron en el Senado de la Republica, instancia de  la que es su Presidente, \u00a0que la conclusi\u00f3n \u00a0de los magistrados  jueces de la JCE,  es la mejor decisi\u00f3n que ten\u00eda que adoptar la Junta Central  Electoral. \u00a0 <br \/>&#13;<br \/>\n<br \/>&#13;<br \/>\nDijo  que tras esta medida se impone que de cara a los comicios presidenciales del  a\u00f1o 2012, as\u00ed como de las congresionales del 2010, el liderazgo pol\u00edtico  participe en un debate para un  reglamento electoral amplio y acorde con  la ley y la Constituci\u00f3n. <br \/>&#13;<br \/>\n<br \/>&#13;<br \/>\nPonder\u00f3  que el rechazo al reglamento por el pleno de la JCE\u00a0 tuvo como  contexto un escenario donde se escucharon m\u00faltiples voces de la sociedad civil  y los partidos pol\u00edticos. \u00a0\u00a0 <br \/>&#13;<br \/>\n<br \/>&#13;<br \/>\nIndic\u00f3  que en este marco sobresalieron los medios de comunicaci\u00f3n social y la Sociedad Interamericana  de Prensa (SIP). \u00a0 <br \/>&#13;<br \/>\n<br \/>&#13;<br \/>\nPreguntado  en torno a la aprobaci\u00f3n del proyecto de Ley de Partidos Pol\u00edticos, dio cuenta  que el mismo est\u00e1 siendo ventilado en el seno de la C\u00e1mara de Diputados en  medio de las expectativa e inter\u00e9s de sectores pol\u00edticos nacionales. <\/span><\/p>\n<p>&#13;<\/p>\n<h6> 2007-11-20 22:50:59 <\/h6>\n<p><!--\n<link rel=\"stylesheet\" href=\"css\/bootstrap.min.css\">\n\n\n<ul class=\"pagination\">\n\t    \n\t\n\n<li >\n\t<a href='?page_no=34698'>Previous<\/a>\n\t<\/li>\n\n\n       \n    \n\n<li><a href='?page_no=1'>1<\/a><\/li>\n\n\n\n<li><a href='?page_no=2'>2<\/a><\/li>\n\n\n\n<li><a>...<\/a><\/li>\n\n\n\n<li><a href='?page_no=34697'>34697<\/a><\/li>\n\n\n\n<li><a href='?page_no=34698'>34698<\/a><\/li>\n\n\n\n<li class='active'><a>34699<\/a><\/li>\n\n\n\n<li><a href='?page_no=34700'>34700<\/a><\/li>\n\n\n\n<li><a href='?page_no=34701'>34701<\/a><\/li>\n\n\n\n<li><a>...<\/a><\/li>\n\n\n\n<li><a href='?page_no=36999'>36999<\/a><\/li>\n\n\n\n<li><a href='?page_no=37000'>37000<\/a><\/li>\n\n    \n\t\n\n<li >\n\t<a href='?page_no=34700'>Next<\/a>\n\t<\/li>\n\n\n    \n\n<li><a href='?page_no=37000'>Last &rsaquo;&rsaquo;<\/a><\/li>\n\n<\/ul>\n\n\n--><br \/>\n<\/body><\/p>\n","protected":false},"excerpt":{"rendered":"<p>Reinaldo destaca medidas tomadas por la JCE&#13; &#13; Santo Domingo.- Reinaldo Pared P\u00e9rez, Secretario General del Partido de la Liberaci\u00f3n Dominicana mostr\u00f3 su identificaci\u00f3n \u00a0con la decisi\u00f3n adoptada por el pleno de la Junta Central Electoral (JCE), que desisti\u00f3 de la aprobaci\u00f3n y aplicaci\u00f3n del proyecto de Reglamento de Campa\u00f1a, \u00a0actos de propaganda y uso [&hellip;]<\/p>\n","protected":false},"author":3,"featured_media":0,"comment_status":"open","ping_status":"open","sticky":false,"template":"","format":"standard","meta":{"footnotes":""},"categories":[22],"tags":[],"class_list":["post-191951","post","type-post","status-publish","format-standard","hentry","category-politica"],"_links":{"self":[{"href":"https:\/\/diariodominicano.com\/index.php?rest_route=\/wp\/v2\/posts\/191951","targetHints":{"allow":["GET"]}}],"collection":[{"href":"https:\/\/diariodominicano.com\/index.php?rest_route=\/wp\/v2\/posts"}],"about":[{"href":"https:\/\/diariodominicano.com\/index.php?rest_route=\/wp\/v2\/types\/post"}],"author":[{"embeddable":true,"href":"https:\/\/diariodominicano.com\/index.php?rest_route=\/wp\/v2\/users\/3"}],"replies":[{"embeddable":true,"href":"https:\/\/diariodominicano.com\/index.php?rest_route=%2Fwp%2Fv2%2Fcomments&post=191951"}],"version-history":[{"count":0,"href":"https:\/\/diariodominicano.com\/index.php?rest_route=\/wp\/v2\/posts\/191951\/revisions"}],"wp:attachment":[{"href":"https:\/\/diariodominicano.com\/index.php?rest_route=%2Fwp%2Fv2%2Fmedia&parent=191951"}],"wp:term":[{"taxonomy":"category","embeddable":true,"href":"https:\/\/diariodominicano.com\/index.php?rest_route=%2Fwp%2Fv2%2Fcategories&post=191951"},{"taxonomy":"post_tag","embeddable":true,"href":"https:\/\/diariodominicano.com\/index.php?rest_route=%2Fwp%2Fv2%2Ftags&post=191951"}],"curies":[{"name":"wp","href":"https:\/\/api.w.org\/{rel}","templated":true}]}}