{"id":191947,"date":"2007-11-21T17:07:59","date_gmt":"2007-11-21T17:07:59","guid":{"rendered":"http:\/\/diariodominicano.ddns.net\/?p=191947"},"modified":"2007-11-21T17:07:59","modified_gmt":"2007-11-21T17:07:59","slug":"candelier-lamenta-desicion-de-la-junta-central-electoral","status":"publish","type":"post","link":"https:\/\/diariodominicano.com\/?p=191947","title":{"rendered":"Candelier lamenta desici\u00f3n de la Junta Central Electoral"},"content":{"rendered":"<p><body><\/p>\n<p class=\"titulogrande1\">Candelier lamenta desici\u00f3n de la Junta Central  Electoral<\/p>\n<p>&#13;<\/p>\n<p align=\"justify\" class=\"text1noticias\"><strong>SANTO DOMINGO.-<\/strong> El aspirante presidencial  Pedro de Jes\u00fas Candelier lament\u00f3 este mi\u00e9rcoles que la JCE fuera sometida,  sugestionada y doblegada por los sectores empresariales de los medios de  comunicaci\u00f3n\u00a0 y por las dirigencias de los  partidos tradicionales en desistir de la aplicaci\u00f3n de los reglamentos de la  campa\u00f1a electoral.<\/p>\n<p>&#13;<\/p>\n<p align=\"justify\" class=\"text1noticias\">\u201cSolo aisladas voces nos comprometimos y  dimos nuestro respaldo a la   Junta Central Electoral, en lo que consideramos una seria y buena iniciativa  que podr\u00eda establecer una tendencia m\u00e1s equitativa y justa en la participaci\u00f3n  en los medios\u00a0 entre las fuerzas  emergentes y los partidos que controlan y se llevan la mayor tajada del  presupuesto electoral que asigna la   JCE\u201d, critic\u00f3 Candelier.<\/p>\n<p>&#13;<\/p>\n<p align=\"justify\" class=\"text1noticias\">Manifest\u00f3 que se puso una vez m\u00e1s en  evidencia toda la componenda y la convivencia existente entre los diferentes  sectores de poder, para aislar y poner en situaciones de desventaja a las  fuerzas pol\u00edticas emergentes y minoritarias del pa\u00eds.<\/p>\n<p>&#13;<\/p>\n<p align=\"justify\" class=\"text1noticias\">\u201cExigimos un escenario electoral donde se  garantic\u00e9 la equidad en el acceso a los medios\u00a0  de comunicaci\u00f3n y a los recursos p\u00fablicos para fines de campa\u00f1a y denunciamos  que la publicidad gubernamental es una violaci\u00f3n a los derechos electorales ya  que se basa en el uso masivo de los fondos p\u00fablicos, para promover una  administraci\u00f3n que trata de reelegirse\u201d, concluy\u00f3 Candelier.<\/p>\n<p>&#13;<\/p>\n<h6> 2007-11-21 17:07:59 <\/h6>\n<p><!--\n<link rel=\"stylesheet\" href=\"css\/bootstrap.min.css\">\n\n\n<ul class=\"pagination\">\n\t    \n\t\n\n<li >\n\t<a href='?page_no=34694'>Previous<\/a>\n\t<\/li>\n\n\n       \n    \n\n<li><a href='?page_no=1'>1<\/a><\/li>\n\n\n\n<li><a href='?page_no=2'>2<\/a><\/li>\n\n\n\n<li><a>...<\/a><\/li>\n\n\n\n<li><a href='?page_no=34693'>34693<\/a><\/li>\n\n\n\n<li><a href='?page_no=34694'>34694<\/a><\/li>\n\n\n\n<li class='active'><a>34695<\/a><\/li>\n\n\n\n<li><a href='?page_no=34696'>34696<\/a><\/li>\n\n\n\n<li><a href='?page_no=34697'>34697<\/a><\/li>\n\n\n\n<li><a>...<\/a><\/li>\n\n\n\n<li><a href='?page_no=36999'>36999<\/a><\/li>\n\n\n\n<li><a href='?page_no=37000'>37000<\/a><\/li>\n\n    \n\t\n\n<li >\n\t<a href='?page_no=34696'>Next<\/a>\n\t<\/li>\n\n\n    \n\n<li><a href='?page_no=37000'>Last &rsaquo;&rsaquo;<\/a><\/li>\n\n<\/ul>\n\n\n--><br \/>\n<\/body><\/p>\n","protected":false},"excerpt":{"rendered":"<p>Candelier lamenta desici\u00f3n de la Junta Central Electoral &#13; SANTO DOMINGO.- El aspirante presidencial Pedro de Jes\u00fas Candelier lament\u00f3 este mi\u00e9rcoles que la JCE fuera sometida, sugestionada y doblegada por los sectores empresariales de los medios de comunicaci\u00f3n\u00a0 y por las dirigencias de los partidos tradicionales en desistir de la aplicaci\u00f3n de los reglamentos de [&hellip;]<\/p>\n","protected":false},"author":3,"featured_media":0,"comment_status":"open","ping_status":"open","sticky":false,"template":"","format":"standard","meta":{"footnotes":""},"categories":[22],"tags":[],"class_list":["post-191947","post","type-post","status-publish","format-standard","hentry","category-politica"],"_links":{"self":[{"href":"https:\/\/diariodominicano.com\/index.php?rest_route=\/wp\/v2\/posts\/191947","targetHints":{"allow":["GET"]}}],"collection":[{"href":"https:\/\/diariodominicano.com\/index.php?rest_route=\/wp\/v2\/posts"}],"about":[{"href":"https:\/\/diariodominicano.com\/index.php?rest_route=\/wp\/v2\/types\/post"}],"author":[{"embeddable":true,"href":"https:\/\/diariodominicano.com\/index.php?rest_route=\/wp\/v2\/users\/3"}],"replies":[{"embeddable":true,"href":"https:\/\/diariodominicano.com\/index.php?rest_route=%2Fwp%2Fv2%2Fcomments&post=191947"}],"version-history":[{"count":0,"href":"https:\/\/diariodominicano.com\/index.php?rest_route=\/wp\/v2\/posts\/191947\/revisions"}],"wp:attachment":[{"href":"https:\/\/diariodominicano.com\/index.php?rest_route=%2Fwp%2Fv2%2Fmedia&parent=191947"}],"wp:term":[{"taxonomy":"category","embeddable":true,"href":"https:\/\/diariodominicano.com\/index.php?rest_route=%2Fwp%2Fv2%2Fcategories&post=191947"},{"taxonomy":"post_tag","embeddable":true,"href":"https:\/\/diariodominicano.com\/index.php?rest_route=%2Fwp%2Fv2%2Ftags&post=191947"}],"curies":[{"name":"wp","href":"https:\/\/api.w.org\/{rel}","templated":true}]}}