{"id":191942,"date":"2007-11-23T12:58:56","date_gmt":"2007-11-23T12:58:56","guid":{"rendered":"http:\/\/diariodominicano.ddns.net\/?p=191942"},"modified":"2007-11-23T12:58:56","modified_gmt":"2007-11-23T12:58:56","slug":"senado-aumentara-30-a-sus-empleados-habra-otros-beneficios-para-sus-servidores","status":"publish","type":"post","link":"https:\/\/diariodominicano.com\/?p=191942","title":{"rendered":"Senado aumentar\u00e1 30% a sus empleados; habr\u00e1 otros beneficios para sus servidores"},"content":{"rendered":"<p><body><\/p>\n<p align=\"justify\" class=\"titulogrande1\">Senado aumentar\u00e1 30% a sus  empleados; habr\u00e1 otros beneficios para sus servidores<\/p>\n<p>&#13;<\/p>\n<p align=\"justify\" class=\"text1noticias\"><strong><img loading=\"lazy\" decoding=\"async\" src=\"http:\/\/localhost:8080\/pictures\/charlie mariotti.jpg\" width=\"269\" height=\"181\" hspace=\"4\" align=\"left\" \/>SANTO  DOMINGO.-<\/strong> El Senado de la   Rep\u00fablica contempla un aumento salarial de 30 por ciento a  sus empleados, as\u00ed como la inclusi\u00f3n de un bono vacacional y un nuevo seguro de  salud y de vida en beneficio de estos servidores.<\/p>\n<p>&#13;<\/p>\n<p align=\"justify\" class=\"text1noticias\">La  propuesta est\u00e1 contemplada en el proyecto de presupuesto de ese \u00f3rgano  legislativo para el 2008, que discuten los integrantes de la Comisi\u00f3n de Presupuesto,  y de Modernizaci\u00f3n, que presiden los senadores Dionis S\u00e1nchez y Charlie  Mariotti (de forma interina), respectivamente.<\/p>\n<p>&#13;<\/p>\n<p align=\"justify\" class=\"text1noticias\">La  partida contemplada en el proyecto es de 2 mil 275 millones de pesos.<\/p>\n<p>&#13;<\/p>\n<p align=\"justify\" class=\"text1noticias\">En  la discusi\u00f3n del proyecto, que se lleva a cabo desde el mi\u00e9rcoles y que culmina  este jueves, el licenciado Francisco Cruz Pascual, secretario general  administrativo del Senado, present\u00f3 la propuesta de presupuesto.<\/p>\n<p>&#13;<\/p>\n<p align=\"justify\" class=\"text1noticias\">Acompa\u00f1aron  a Cruz Pascual, en su exposici\u00f3n ante los senadores, los asesores  administrativo y financiero,\u00a0 Ricardo  Saint-Hilaire y Jhonny Garc\u00eda, y la gerente financiera, Maria Eladia Moquete.<br \/>&#13;<br \/>\n\u00a0\u00a0\u00a0\u00a0\u00a0\u00a0\u00a0\u00a0 \u00a0<br \/>&#13;<br \/>\nUna  informaci\u00f3n de la Direcci\u00f3n  de Prensa del Senado, indica que la reuni\u00f3n encabezada por los senadores Dionis  S\u00e1nchez (PLD-Pedernales) y Charlie Mariotti (PLD-Monte Plata), se conoce lo  relativo a la asignaci\u00f3n de fondos para construir un parqueo subterr\u00e1neo y un restaurante  para senadores y empleados en la azotea.<br \/>&#13;<br \/>\n\u00a0\u00a0\u00a0\u00a0\u00a0\u00a0\u00a0\u00a0 <br \/>&#13;<br \/>\nOtras  aspiraciones planteadas en el documento original del nuevo presupuesto  contemplan la adquisici\u00f3n de los veh\u00edculos necesarios para el trabajo  senatorial e institucional, as\u00ed como el equipamiento tecnol\u00f3gico de las \u00e1reas  administrativas.<\/p>\n<p>&#13;<\/p>\n<p align=\"justify\" class=\"text1noticias\">El  presidente de la   Comisi\u00f3n Permanente de Presupuesto, inform\u00f3 que en la reuni\u00f3n  se tom\u00f3 en cuenta la discusi\u00f3n de temas trascendentales relacionados al proceso  de modernizaci\u00f3n y reforma del Senado.<\/p>\n<p>&#13;<\/p>\n<p align=\"justify\" class=\"text1noticias\">\u201cEn la discusi\u00f3n nos interesamos bastante en  la fuente de recursos para apoyar esta modernizaci\u00f3n. <br \/>&#13;<br \/>\n  <br \/>&#13;<br \/>\n  Con el equipo econ\u00f3mico  del Senado analizamos el asunto y ya podemos decir que tenemos, m\u00e1s o menos,  una idea de lo que realmente queremos\u201d, expres\u00f3 el legislador.<br \/>&#13;<br \/>\n\u00a0\u00a0\u00a0\u00a0\u00a0\u00a0\u00a0\u00a0 <br \/>&#13;<br \/>\nTras  explicar que los senadores que participan de las discusiones han apelado a la  asesor\u00eda y explicaciones del equipo\u00a0econ\u00f3mico, manifest\u00f3\u00a0 que ante las  inversiones que se prev\u00e9n, la tendencia ser\u00eda la modificaci\u00f3n de algunos  aspectos del proyecto de presupuesto.<br \/>&#13;<br \/>\n\u00a0\u00a0\u00a0\u00a0\u00a0\u00a0\u00a0\u00a0 <br \/>&#13;<br \/>\n\u201cLo  importante es que los senadores tenemos claro en qu\u00e9 se bas\u00f3 el equipo  financiero para hacer la propuesta que se ha hecho. Las discusiones alrededor  del proyecto contin\u00faan este jueves\u201d, dijo.<\/p>\n<p>&#13;<\/p>\n<h6> 2007-11-23 12:58:56 <\/h6>\n<p><!--\n<link rel=\"stylesheet\" href=\"css\/bootstrap.min.css\">\n\n\n<ul class=\"pagination\">\n\t    \n\t\n\n<li >\n\t<a href='?page_no=34689'>Previous<\/a>\n\t<\/li>\n\n\n       \n    \n\n<li><a href='?page_no=1'>1<\/a><\/li>\n\n\n\n<li><a href='?page_no=2'>2<\/a><\/li>\n\n\n\n<li><a>...<\/a><\/li>\n\n\n\n<li><a href='?page_no=34688'>34688<\/a><\/li>\n\n\n\n<li><a href='?page_no=34689'>34689<\/a><\/li>\n\n\n\n<li class='active'><a>34690<\/a><\/li>\n\n\n\n<li><a href='?page_no=34691'>34691<\/a><\/li>\n\n\n\n<li><a href='?page_no=34692'>34692<\/a><\/li>\n\n\n\n<li><a>...<\/a><\/li>\n\n\n\n<li><a href='?page_no=36999'>36999<\/a><\/li>\n\n\n\n<li><a href='?page_no=37000'>37000<\/a><\/li>\n\n    \n\t\n\n<li >\n\t<a href='?page_no=34691'>Next<\/a>\n\t<\/li>\n\n\n    \n\n<li><a href='?page_no=37000'>Last &rsaquo;&rsaquo;<\/a><\/li>\n\n<\/ul>\n\n\n--><br \/>\n<\/body><\/p>\n","protected":false},"excerpt":{"rendered":"<p>Senado aumentar\u00e1 30% a sus empleados; habr\u00e1 otros beneficios para sus servidores &#13; SANTO DOMINGO.- El Senado de la Rep\u00fablica contempla un aumento salarial de 30 por ciento a sus empleados, as\u00ed como la inclusi\u00f3n de un bono vacacional y un nuevo seguro de salud y de vida en beneficio de estos servidores. &#13; La [&hellip;]<\/p>\n","protected":false},"author":3,"featured_media":0,"comment_status":"open","ping_status":"open","sticky":false,"template":"","format":"standard","meta":{"footnotes":""},"categories":[22],"tags":[],"class_list":["post-191942","post","type-post","status-publish","format-standard","hentry","category-politica"],"_links":{"self":[{"href":"https:\/\/diariodominicano.com\/index.php?rest_route=\/wp\/v2\/posts\/191942","targetHints":{"allow":["GET"]}}],"collection":[{"href":"https:\/\/diariodominicano.com\/index.php?rest_route=\/wp\/v2\/posts"}],"about":[{"href":"https:\/\/diariodominicano.com\/index.php?rest_route=\/wp\/v2\/types\/post"}],"author":[{"embeddable":true,"href":"https:\/\/diariodominicano.com\/index.php?rest_route=\/wp\/v2\/users\/3"}],"replies":[{"embeddable":true,"href":"https:\/\/diariodominicano.com\/index.php?rest_route=%2Fwp%2Fv2%2Fcomments&post=191942"}],"version-history":[{"count":0,"href":"https:\/\/diariodominicano.com\/index.php?rest_route=\/wp\/v2\/posts\/191942\/revisions"}],"wp:attachment":[{"href":"https:\/\/diariodominicano.com\/index.php?rest_route=%2Fwp%2Fv2%2Fmedia&parent=191942"}],"wp:term":[{"taxonomy":"category","embeddable":true,"href":"https:\/\/diariodominicano.com\/index.php?rest_route=%2Fwp%2Fv2%2Fcategories&post=191942"},{"taxonomy":"post_tag","embeddable":true,"href":"https:\/\/diariodominicano.com\/index.php?rest_route=%2Fwp%2Fv2%2Ftags&post=191942"}],"curies":[{"name":"wp","href":"https:\/\/api.w.org\/{rel}","templated":true}]}}