{"id":191939,"date":"2007-11-23T15:06:33","date_gmt":"2007-11-23T15:06:33","guid":{"rendered":"http:\/\/diariodominicano.ddns.net\/?p=191939"},"modified":"2007-11-23T15:06:33","modified_gmt":"2007-11-23T15:06:33","slug":"haiti-tendra-policia-fronteriza","status":"publish","type":"post","link":"https:\/\/diariodominicano.com\/?p=191939","title":{"rendered":"Hait\u00ed tendr\u00e1 Polic\u00eda Fronteriza"},"content":{"rendered":"<p><body><\/p>\n<p class=\"titulogrande1\"><strong>Hait\u00ed tendr\u00e1 Polic\u00eda Fronteriza<\/strong><\/p>\n<p>&#13;<\/p>\n<p align=\"justify\"><strong> El responsable policial  reconoci\u00f3 las dificultades para el control policial de la frontera entre ambos  pa\u00edses, una franja de 400   kil\u00f3metros de longitud considerada zona de contrabando  de mercanc\u00edas, armas y drogas, as\u00ed como de tr\u00e1nsito ilegal de inmigrantes. <\/strong><\/p>\n<p>&#13;<\/p>\n<p align=\"justify\" class=\"text1noticias\"><strong>SANTO DOMINGO.-<\/strong> El jefe de la Polic\u00eda Nacional  de Hait\u00ed (PNH), Mario Andr\u00e9sol, confirm\u00f3 ayer\u00a0 la pr\u00f3xima creaci\u00f3n de la Polic\u00eda Fronteriza  haitiana y dijo que con esta fuerza\u00a0 \u201cel control de la frontera ser\u00e1 mucho  m\u00e1s eficaz\u201d. <br \/>&#13;<br \/>\n  <br \/>&#13;<br \/>\n Andr\u00e9sol hizo este anuncio  a periodistas tras participar, junto al ministro haitiano de Seguridad P\u00fablica,  Joseph Eucher-Luc, en una reuni\u00f3n con el presidente de la Direcci\u00f3n Nacional  de Control de Drogas (DNCD), Rafael Radham\u00e9s Ram\u00edrez Ferreira, con motivo de la  visita que una delegaci\u00f3n de la   PNH realiza a la Rep\u00fablica Dominicana.<br \/>&#13;<br \/>\n<br \/>&#13;<br \/>\n El responsable policial  reconoci\u00f3 las dificultades para el control policial de la frontera entre ambos  pa\u00edses, una franja de 400   kil\u00f3metros de longitud considerada zona de contrabando  de mercanc\u00edas, armas y drogas, as\u00ed como de tr\u00e1nsito ilegal de inmigrantes. <br \/>&#13;<br \/>\n <br \/>&#13;<br \/>\n \u201cEfectivamente, como no  tenemos estructuras muy s\u00f3lidas para controlar la zona fronteriza, la Misi\u00f3n de Naciones Unidas  para la estabilizaci\u00f3n de Hait\u00ed (Minustah) ayuda a la Polic\u00eda Nacional  de Hait\u00ed\u201d, en este cometido, a la espera de que \u201cnosotros podamos instalar la Polic\u00eda Fronteriza  Haitiana\u201d, explic\u00f3. <br \/>&#13;<br \/>\n <br \/>&#13;<br \/>\n El responsable policial  record\u00f3 la reuni\u00f3n entre la PNH  y la Polic\u00eda Nacional  y la Armada  dominicana, que tuvo lugar recientemente en Jiman\u00ed (suroeste) para tratar este  asunto, y se mostr\u00f3 convencido de que \u201cen los pr\u00f3ximos a\u00f1os o meses\u201d, existir\u00e1 la Polic\u00eda Fronteriza.<br \/>&#13;<br \/>\n <br \/>&#13;<br \/>\n  <strong>CESFRONT EN RD<\/strong> <br \/>&#13;<br \/>\n  <br \/>&#13;<br \/>\n  El 27 de septiembre pasado inici\u00f3 sus  operaciones\u00a0 en la frontera por Dajab\u00f3n, el Cuerpo Especializado de  Seguridad Fronteriza\u00a0 (Cesfront), organismo de la Secretar\u00eda de las  Fuerzas Armadas (FFAA) creado por decreto para evitar el tr\u00e1fico de armas,  drogas, mercanc\u00edas e indocumentados. <br \/>&#13;<br \/>\n  <br \/>&#13;<br \/>\n  Este cuerpo est\u00e1 integrado por fuerzas\u00a0combinadas de la Marina  de Guerra, Fuerza A\u00e9rea y el Ej\u00e9rcito Nacional. <br \/>&#13;<br \/>\n  <br \/>&#13;<br \/>\n  Su director es el mayor general Adriano  Silverio Rodr\u00edguez, quien ha informado que de los 500 soldados que integran el  Cesfront, 250 estar\u00e1n exclusivamente en la provincia de Dajab\u00f3n y los dem\u00e1s  diseminados en todas las zonas priorizadas conocidas como puntos vulnerables  para el tr\u00e1fico de drogas, armas y contrabando de mercanc\u00eda y de personas. <br \/>&#13;<br \/>\n  <br \/>&#13;<br \/>\n  Cuentan con armas modernas, entre ellas  pistolas y escopetas. <br \/>&#13;<br \/>\n  <br \/>&#13;<br \/>\nLos miembros del Cesfront\u00a0  reciben instrucci\u00f3n en la   Base A\u00e9rea de San Isidro, donde son entrenados en el aspectos  f\u00edsico para adecuarlos a zonas fuertes como la frontera, adiestramiento en el  \u00e1mbito aduanal, migratorio, armas de fuego, reglamentaci\u00f3n relativa a la droga  y derecho internacional y humanitario.<br \/>&#13;<br \/>\n<strong><br \/>&#13;<br \/>\n  EFE<\/strong><\/p>\n<p>&#13;<\/p>\n<h6> 2007-11-23 15:06:33 <\/h6>\n<p><!--\n<link rel=\"stylesheet\" href=\"css\/bootstrap.min.css\">\n\n\n<ul class=\"pagination\">\n\t    \n\t\n\n<li >\n\t<a href='?page_no=34686'>Previous<\/a>\n\t<\/li>\n\n\n       \n    \n\n<li><a href='?page_no=1'>1<\/a><\/li>\n\n\n\n<li><a href='?page_no=2'>2<\/a><\/li>\n\n\n\n<li><a>...<\/a><\/li>\n\n\n\n<li><a href='?page_no=34685'>34685<\/a><\/li>\n\n\n\n<li><a href='?page_no=34686'>34686<\/a><\/li>\n\n\n\n<li class='active'><a>34687<\/a><\/li>\n\n\n\n<li><a href='?page_no=34688'>34688<\/a><\/li>\n\n\n\n<li><a href='?page_no=34689'>34689<\/a><\/li>\n\n\n\n<li><a>...<\/a><\/li>\n\n\n\n<li><a href='?page_no=36999'>36999<\/a><\/li>\n\n\n\n<li><a href='?page_no=37000'>37000<\/a><\/li>\n\n    \n\t\n\n<li >\n\t<a href='?page_no=34688'>Next<\/a>\n\t<\/li>\n\n\n    \n\n<li><a href='?page_no=37000'>Last &rsaquo;&rsaquo;<\/a><\/li>\n\n<\/ul>\n\n\n--><br \/>\n<\/body><\/p>\n","protected":false},"excerpt":{"rendered":"<p>Hait\u00ed tendr\u00e1 Polic\u00eda Fronteriza &#13; El responsable policial reconoci\u00f3 las dificultades para el control policial de la frontera entre ambos pa\u00edses, una franja de 400 kil\u00f3metros de longitud considerada zona de contrabando de mercanc\u00edas, armas y drogas, as\u00ed como de tr\u00e1nsito ilegal de inmigrantes. &#13; SANTO DOMINGO.- El jefe de la Polic\u00eda Nacional de Hait\u00ed [&hellip;]<\/p>\n","protected":false},"author":3,"featured_media":0,"comment_status":"open","ping_status":"open","sticky":false,"template":"","format":"standard","meta":{"footnotes":""},"categories":[22],"tags":[],"class_list":["post-191939","post","type-post","status-publish","format-standard","hentry","category-politica"],"_links":{"self":[{"href":"https:\/\/diariodominicano.com\/index.php?rest_route=\/wp\/v2\/posts\/191939","targetHints":{"allow":["GET"]}}],"collection":[{"href":"https:\/\/diariodominicano.com\/index.php?rest_route=\/wp\/v2\/posts"}],"about":[{"href":"https:\/\/diariodominicano.com\/index.php?rest_route=\/wp\/v2\/types\/post"}],"author":[{"embeddable":true,"href":"https:\/\/diariodominicano.com\/index.php?rest_route=\/wp\/v2\/users\/3"}],"replies":[{"embeddable":true,"href":"https:\/\/diariodominicano.com\/index.php?rest_route=%2Fwp%2Fv2%2Fcomments&post=191939"}],"version-history":[{"count":0,"href":"https:\/\/diariodominicano.com\/index.php?rest_route=\/wp\/v2\/posts\/191939\/revisions"}],"wp:attachment":[{"href":"https:\/\/diariodominicano.com\/index.php?rest_route=%2Fwp%2Fv2%2Fmedia&parent=191939"}],"wp:term":[{"taxonomy":"category","embeddable":true,"href":"https:\/\/diariodominicano.com\/index.php?rest_route=%2Fwp%2Fv2%2Fcategories&post=191939"},{"taxonomy":"post_tag","embeddable":true,"href":"https:\/\/diariodominicano.com\/index.php?rest_route=%2Fwp%2Fv2%2Ftags&post=191939"}],"curies":[{"name":"wp","href":"https:\/\/api.w.org\/{rel}","templated":true}]}}