{"id":191937,"date":"2007-11-24T01:20:23","date_gmt":"2007-11-24T01:20:23","guid":{"rendered":"http:\/\/diariodominicano.ddns.net\/?p=191937"},"modified":"2007-11-24T01:20:23","modified_gmt":"2007-11-24T01:20:23","slug":"prsc-acusa-al-gobierno-utilizar-medios-intervenidos-para-manipular-informaciones-contra-amable-aristy","status":"publish","type":"post","link":"https:\/\/diariodominicano.com\/?p=191937","title":{"rendered":"PRSC acusa al Gobierno utilizar medios intervenidos para manipular informaciones contra Amable Aristy"},"content":{"rendered":"<p><body><\/p>\n<p align=\"justify\" class=\"titulogrande1\">PRSC acusa al Gobierno utilizar medios intervenidos para manipular informaciones contra Amable Aristy<\/p>\n<p>&#13;<\/p>\n<p align=\"justify\" class=\"text1noticias\"><strong><img loading=\"lazy\" decoding=\"async\" src=\"http:\/\/localhost:8080\/pictures\/prsc.gif\" width=\"269\" height=\"284\" hspace=\"4\" align=\"left\" \/>Santo Domingo.- <\/strong>El Partido Reformista Social Cristiano (PRSC) anunci\u00f3 que  someter\u00e1 una instancia al pleno de la Junta Central Electoral (JCE) reclamando su  intervenci\u00f3n, para evitar que se sigan utilizando los medios de comunicaci\u00f3n  controlados por el Gobierno contra esa organizaci\u00f3n pol\u00edtica opositora.<\/p>\n<p>&#13;<\/p>\n<p align=\"justify\" class=\"text1noticias\">El director ejecutivo de campa\u00f1a del candidato presidencial del PRSC,  diputado Sergio Cede\u00f1o, sostuvo que se trata de una campa\u00f1a medi\u00e1tica dirigida  desde el mismo Palacio Nacional con la intenci\u00f3n de frenar el crecimiento  sostenido que viene experimentando la candidatura de Amable Aristy.<\/p>\n<p>&#13;<\/p>\n<p align=\"justify\" class=\"text1noticias\">Cede\u00f1o afirm\u00f3 en rueda de prensa que los canales intervenidos por el  gobierno por el caso del desaparecido banco Baninter est\u00e1n siendo utilizados en  un ataque sistem\u00e1tico al PRSC y a su candidato presidencial.<\/p>\n<p>&#13;<\/p>\n<p align=\"justify\" class=\"text1noticias\">El legislador y miembro de la Comisi\u00f3n Pol\u00edtica  del Partido Reformista manifest\u00f3 que esa campa\u00f1a medi\u00e1tica de los canales y  emisoras controlados por el Gobierno se ha acrecentado en los \u00faltimos d\u00edas  despu\u00e9s que los estrategas de la campa\u00f1a reeleccionista del presidente Leonel  Fern\u00e1ndez reconocieran los resultados de las \u00faltimas encuestas que demuestran  el crecimiento de Aristy Castro en la preferencia electoral, que ya supera el  20 por ciento.<\/p>\n<p>&#13;<\/p>\n<p align=\"justify\" class=\"text1noticias\">Anunci\u00f3 que en los pr\u00f3ximos d\u00edas dirigir\u00e1n una instancia al tribunal  rector de las elecciones para que tomen las medidas de lugar para evitar esa  practica antidemocr\u00e1tica de aprovechar los medios controlados por el Gobierno  para manipular informaciones en contra de un partido opositor.<\/p>\n<p>&#13;<\/p>\n<p align=\"justify\" class=\"text1noticias\">\u201cHay seria preocupaci\u00f3n en el Gobierno y el PLD por los resultados de  los \u00faltimos sondeos que hablan de un empate t\u00e9cnico en la segunda vuelta  electoral entre Leonel Fern\u00e1ndez y Amable Aristy\u201d, agreg\u00f3.<\/p>\n<p>&#13;<\/p>\n<p align=\"justify\" class=\"text1noticias\">En la rueda de prensa participaron ademas de Sergio Cede\u00f1o, los  dirigentes reformistas Joaqu\u00edn Ricardo, Ram\u00f3n Bona Rivera, Guillermo Caram,  entre otros.<\/p>\n<p>&#13;<\/p>\n<h6> 2007-11-24 01:20:23 <\/h6>\n<p><!--\n<link rel=\"stylesheet\" href=\"css\/bootstrap.min.css\">\n\n\n<ul class=\"pagination\">\n\t    \n\t\n\n<li >\n\t<a href='?page_no=34684'>Previous<\/a>\n\t<\/li>\n\n\n       \n    \n\n<li><a href='?page_no=1'>1<\/a><\/li>\n\n\n\n<li><a href='?page_no=2'>2<\/a><\/li>\n\n\n\n<li><a>...<\/a><\/li>\n\n\n\n<li><a href='?page_no=34683'>34683<\/a><\/li>\n\n\n\n<li><a href='?page_no=34684'>34684<\/a><\/li>\n\n\n\n<li class='active'><a>34685<\/a><\/li>\n\n\n\n<li><a href='?page_no=34686'>34686<\/a><\/li>\n\n\n\n<li><a href='?page_no=34687'>34687<\/a><\/li>\n\n\n\n<li><a>...<\/a><\/li>\n\n\n\n<li><a href='?page_no=36999'>36999<\/a><\/li>\n\n\n\n<li><a href='?page_no=37000'>37000<\/a><\/li>\n\n    \n\t\n\n<li >\n\t<a href='?page_no=34686'>Next<\/a>\n\t<\/li>\n\n\n    \n\n<li><a href='?page_no=37000'>Last &rsaquo;&rsaquo;<\/a><\/li>\n\n<\/ul>\n\n\n--><br \/>\n<\/body><\/p>\n","protected":false},"excerpt":{"rendered":"<p>PRSC acusa al Gobierno utilizar medios intervenidos para manipular informaciones contra Amable Aristy &#13; Santo Domingo.- El Partido Reformista Social Cristiano (PRSC) anunci\u00f3 que someter\u00e1 una instancia al pleno de la Junta Central Electoral (JCE) reclamando su intervenci\u00f3n, para evitar que se sigan utilizando los medios de comunicaci\u00f3n controlados por el Gobierno contra esa organizaci\u00f3n [&hellip;]<\/p>\n","protected":false},"author":3,"featured_media":0,"comment_status":"open","ping_status":"open","sticky":false,"template":"","format":"standard","meta":{"footnotes":""},"categories":[22],"tags":[],"class_list":["post-191937","post","type-post","status-publish","format-standard","hentry","category-politica"],"_links":{"self":[{"href":"https:\/\/diariodominicano.com\/index.php?rest_route=\/wp\/v2\/posts\/191937","targetHints":{"allow":["GET"]}}],"collection":[{"href":"https:\/\/diariodominicano.com\/index.php?rest_route=\/wp\/v2\/posts"}],"about":[{"href":"https:\/\/diariodominicano.com\/index.php?rest_route=\/wp\/v2\/types\/post"}],"author":[{"embeddable":true,"href":"https:\/\/diariodominicano.com\/index.php?rest_route=\/wp\/v2\/users\/3"}],"replies":[{"embeddable":true,"href":"https:\/\/diariodominicano.com\/index.php?rest_route=%2Fwp%2Fv2%2Fcomments&post=191937"}],"version-history":[{"count":0,"href":"https:\/\/diariodominicano.com\/index.php?rest_route=\/wp\/v2\/posts\/191937\/revisions"}],"wp:attachment":[{"href":"https:\/\/diariodominicano.com\/index.php?rest_route=%2Fwp%2Fv2%2Fmedia&parent=191937"}],"wp:term":[{"taxonomy":"category","embeddable":true,"href":"https:\/\/diariodominicano.com\/index.php?rest_route=%2Fwp%2Fv2%2Fcategories&post=191937"},{"taxonomy":"post_tag","embeddable":true,"href":"https:\/\/diariodominicano.com\/index.php?rest_route=%2Fwp%2Fv2%2Ftags&post=191937"}],"curies":[{"name":"wp","href":"https:\/\/api.w.org\/{rel}","templated":true}]}}