{"id":191934,"date":"2007-11-25T23:31:42","date_gmt":"2007-11-25T23:31:42","guid":{"rendered":"http:\/\/diariodominicano.ddns.net\/?p=191934"},"modified":"2007-11-25T23:31:42","modified_gmt":"2007-11-25T23:31:42","slug":"hector-olivo-esta-en-franca-recuperacion","status":"publish","type":"post","link":"https:\/\/diariodominicano.com\/?p=191934","title":{"rendered":"H\u00e9ctor Olivo est\u00e1 en franca recuperaci\u00f3n"},"content":{"rendered":"<p><body><\/p>\n<p class=\"titulogrande1\">H\u00e9ctor Olivo est\u00e1  en franca recuperaci\u00f3n<\/p>\n<p>&#13;<\/p>\n<p align=\"justify\" class=\"text1noticias\"><strong><img loading=\"lazy\" decoding=\"async\" src=\"http:\/\/localhost:8080\/pictures\/hector olivo.jpg\" width=\"269\" height=\"191\" hspace=\"4\" align=\"left\" \/>SANTO DOMINGO.-<\/strong> El Partido de la Liberaci\u00f3n Dominicana  (PLD) inform\u00f3 que el integrante de su Comit\u00e9 Central y titular de la Secretar\u00eda de  Comunicaciones, H\u00e9ctor Olivo, est\u00e1 en franca recuperaci\u00f3n de salud luego de ser  intervenido quir\u00fargicamente. <\/p>\n<p>&#13;<\/p>\n<p align=\"justify\" class=\"text1noticias\">Miembros de la direcci\u00f3n pol\u00edtica, de los \u00f3rganos especializados  del Comit\u00e9 Central, dirigentes nacionales, medios y de base han mostrado por  diferentes medios su inter\u00e9s por la salud de H\u00e9ctor Olivo. <\/p>\n<p>&#13;<\/p>\n<p align=\"justify\" class=\"text1noticias\">Reinaldo Pared P\u00e9rez, Secretario General del PLD y presidente del  Senado; Cristina Lizardo, tambi\u00e9n del Comit\u00e9 Pol\u00edtico y vicepresidenta del Senado;  Lidio Cadet, diputado y miembro del Comit\u00e9 Pol\u00edtico; as\u00ed como los  vicesecretarios generales Chech\u00e9 Luna, Rafael P\u00e9rez Modesto y Juan Carlos  Segura, entre otros, acudieron en actitud solidaria donde su compa\u00f1ero de  partido. <\/p>\n<p>&#13;<\/p>\n<p align=\"justify\" class=\"text1noticias\">Se destaca igualmente la vista de dirigentes peledeistas que al  igual que Olivo se han destacado en la comunicaci\u00f3n y actualmente ostentan  responsabilidades gubernamentales en ese \u00e1mbito; entre los que destacan Henry  Fr\u00edas, director de Radio Educativa Dominicana, Omar Liriano, director del  Centro de Informaci\u00f3n Gubernamental, y Jos\u00e9 Rafael Vargas, presidente del  Instituto Dominicano de las Telecomunicaciones (INDOTEL). <\/p>\n<p>&#13;<\/p>\n<p align=\"justify\" class=\"text1noticias\">Dado el notorio aprecio ganado por H\u00e9ctor Olivo en su vida  pol\u00edtica, personal y profesional, sus m\u00e9dicos ordenaron controlar el acceso de  visitas durante los primeros tres d\u00edas posteriores a la cirug\u00eda. <\/p>\n<p>&#13;<\/p>\n<p align=\"justify\" class=\"text1noticias\">Un parte de la propia Secretar\u00eda de Comunicaciones del partido  morado especifica que Olivo fue ingresado al Centro de Otorrinolaringolog\u00eda y  Especialidades para remover un divert\u00edculo infectado e inflamado. <\/p>\n<p>&#13;<\/p>\n<p align=\"justify\" class=\"text1noticias\">Haciendo referencia a las explicaciones de los facultativos, la  nota agrega que la diverticulitis estaba localizada en el colon sigmoides. <\/p>\n<p>&#13;<\/p>\n<p align=\"justify\" class=\"text1noticias\">La intervenci\u00f3n fue practicada en la ma\u00f1ana del s\u00e1bado por el  cirujano Franklin Hasb\u00fan y el doctor Figuero, cardi\u00f3logo, quienes indicaron  reposo absoluto para agilizar el proceso de recuperaci\u00f3n. <\/p>\n<p>&#13;<\/p>\n<p align=\"justify\" class=\"text1noticias\">En el referido centro de salud destacaron la satisfactoria  evoluci\u00f3n del dirigente pelede\u00edsta que ha estado vinculado por d\u00e9cadas a los  medios de comunicaci\u00f3n y que adem\u00e1s ostenta la Direcci\u00f3n General  de la Corporaci\u00f3n   Estatal de Radio y Televisi\u00f3n (CERTV). <\/p>\n<p>&#13;<\/p>\n<p align=\"justify\" class=\"text1noticias\">H\u00e9ctor Olivo llev\u00f3 a t\u00e9rmino sus estudios universitarios de  Medicina, declin\u00e1ndolos por su pasi\u00f3n hacia los medios de comunicaci\u00f3n, con los  cuales inicia contacto desde su natal Santiago y luego pasa a Santo Domingo  donde lleg\u00f3 a ser una de las m\u00e1s cotizadas voces noticiosas de radio y  televisi\u00f3n durante los a\u00f1os 80\u00b4s y 90\u00b4s. <\/p>\n<p>&#13;<\/p>\n<p align=\"justify\" class=\"text1noticias\">Durante d\u00e9cadas ha estado al frente de la producci\u00f3n del vocero  radial del Partido de la Liberaci\u00f3n Dominicana, La Voz del PLD, y en los \u00faltimos  dos congresos ordinarios de su organizaci\u00f3n ha sido escogido pora dirigir la Secretar\u00eda de  Comunicaciones, como \u00f3rgano especializado del Comit\u00e9 Central. <\/p>\n<p>&#13;<\/p>\n<p align=\"justify\" class=\"text1noticias\">Asimismo ha integrado y dirigido por d\u00e9cadas las producciones  televisivas de campa\u00f1a del PLD y como parte de los respectivos equipos  estrat\u00e9gicos de comunicaci\u00f3n en tiempos de campa\u00f1a. <\/p>\n<p>&#13;<\/p>\n<h6> 2007-11-25 23:31:42 <\/h6>\n<p><!--\n<link rel=\"stylesheet\" href=\"css\/bootstrap.min.css\">\n\n\n<ul class=\"pagination\">\n\t    \n\t\n\n<li >\n\t<a href='?page_no=34681'>Previous<\/a>\n\t<\/li>\n\n\n       \n    \n\n<li><a href='?page_no=1'>1<\/a><\/li>\n\n\n\n<li><a href='?page_no=2'>2<\/a><\/li>\n\n\n\n<li><a>...<\/a><\/li>\n\n\n\n<li><a href='?page_no=34680'>34680<\/a><\/li>\n\n\n\n<li><a href='?page_no=34681'>34681<\/a><\/li>\n\n\n\n<li class='active'><a>34682<\/a><\/li>\n\n\n\n<li><a href='?page_no=34683'>34683<\/a><\/li>\n\n\n\n<li><a href='?page_no=34684'>34684<\/a><\/li>\n\n\n\n<li><a>...<\/a><\/li>\n\n\n\n<li><a href='?page_no=36999'>36999<\/a><\/li>\n\n\n\n<li><a href='?page_no=37000'>37000<\/a><\/li>\n\n    \n\t\n\n<li >\n\t<a href='?page_no=34683'>Next<\/a>\n\t<\/li>\n\n\n    \n\n<li><a href='?page_no=37000'>Last &rsaquo;&rsaquo;<\/a><\/li>\n\n<\/ul>\n\n\n--><br \/>\n<\/body><\/p>\n","protected":false},"excerpt":{"rendered":"<p>H\u00e9ctor Olivo est\u00e1 en franca recuperaci\u00f3n &#13; SANTO DOMINGO.- El Partido de la Liberaci\u00f3n Dominicana (PLD) inform\u00f3 que el integrante de su Comit\u00e9 Central y titular de la Secretar\u00eda de Comunicaciones, H\u00e9ctor Olivo, est\u00e1 en franca recuperaci\u00f3n de salud luego de ser intervenido quir\u00fargicamente. &#13; Miembros de la direcci\u00f3n pol\u00edtica, de los \u00f3rganos especializados del [&hellip;]<\/p>\n","protected":false},"author":3,"featured_media":0,"comment_status":"open","ping_status":"open","sticky":false,"template":"","format":"standard","meta":{"footnotes":""},"categories":[22],"tags":[],"class_list":["post-191934","post","type-post","status-publish","format-standard","hentry","category-politica"],"_links":{"self":[{"href":"https:\/\/diariodominicano.com\/index.php?rest_route=\/wp\/v2\/posts\/191934","targetHints":{"allow":["GET"]}}],"collection":[{"href":"https:\/\/diariodominicano.com\/index.php?rest_route=\/wp\/v2\/posts"}],"about":[{"href":"https:\/\/diariodominicano.com\/index.php?rest_route=\/wp\/v2\/types\/post"}],"author":[{"embeddable":true,"href":"https:\/\/diariodominicano.com\/index.php?rest_route=\/wp\/v2\/users\/3"}],"replies":[{"embeddable":true,"href":"https:\/\/diariodominicano.com\/index.php?rest_route=%2Fwp%2Fv2%2Fcomments&post=191934"}],"version-history":[{"count":0,"href":"https:\/\/diariodominicano.com\/index.php?rest_route=\/wp\/v2\/posts\/191934\/revisions"}],"wp:attachment":[{"href":"https:\/\/diariodominicano.com\/index.php?rest_route=%2Fwp%2Fv2%2Fmedia&parent=191934"}],"wp:term":[{"taxonomy":"category","embeddable":true,"href":"https:\/\/diariodominicano.com\/index.php?rest_route=%2Fwp%2Fv2%2Fcategories&post=191934"},{"taxonomy":"post_tag","embeddable":true,"href":"https:\/\/diariodominicano.com\/index.php?rest_route=%2Fwp%2Fv2%2Ftags&post=191934"}],"curies":[{"name":"wp","href":"https:\/\/api.w.org\/{rel}","templated":true}]}}