{"id":191933,"date":"2007-11-26T12:45:16","date_gmt":"2007-11-26T12:45:16","guid":{"rendered":"http:\/\/diariodominicano.ddns.net\/?p=191933"},"modified":"2007-11-26T12:45:16","modified_gmt":"2007-11-26T12:45:16","slug":"vargas-maldonado-promete-garantizar-los-derechos-sociales-civiles-y-politicos-reitera-criticas-al-presidente-leonel-fernandez","status":"publish","type":"post","link":"https:\/\/diariodominicano.com\/?p=191933","title":{"rendered":"Vargas Maldonado promete garantizar los derechos sociales, civiles y pol\u00edticos; reitera criticas al presidente Leonel Fern\u00e1ndez"},"content":{"rendered":"<p><body><\/p>\n<p align=\"justify\"><span class=\"titulogrande1\">Vargas Maldonado promete garantizar  los derechos sociales, civiles y pol\u00edticos;\u00a0  reitera criticas\u00a0 al presidente  Leonel Fern\u00e1ndez<\/span><br \/>&#13;<br \/>\n  <br \/>&#13;<br \/>\n    <span class=\"text1noticias\"><strong><img loading=\"lazy\" decoding=\"async\" src=\"http:\/\/localhost:8080\/pictures\/maldonado derechos civiles.jpg\" width=\"269\" height=\"668\" hspace=\"4\" align=\"left\" \/>Santo Domingo.-<\/strong> El candidato presidencial del  Partido Revolucionario Dominicano PRD),\u00a0  Miguel Vargas Maldonado considera \u00a0que la democracia dominicana no puede  continuar limitada al ejercicio del voto cada\u00a0  cuatro a\u00f1os, sin que la poblaci\u00f3n tenga la oportunidad de\u00a0 ejercer  sus derechos sociales, civiles y pol\u00edticos, que a su juicio constituyen el verdadero  contenido de una democracia efectiva.<br \/>&#13;<br \/>\n    <br \/>&#13;<br \/>\n    Dijo \u00a0que terminar con los privilegios especiales  de\u00a0 unos pocos en detrimento de las grandes  mayor\u00edas, constituye uno de los elementos cardinales de la democracia para  evitar la injusticia; \u201cpero en la Rep\u00fablica Dominicana,  el gobierno del candidato presidente reeleccionista, exhibe extraordinarios  privilegios, con funcionarios que devengan m\u00e1s de 1 mill\u00f3n de pesos mensuales,  con un derroche en compra de yipetas y en viajes infructuosos\u201d.<br \/>&#13;<br \/>\n    <br \/>&#13;<br \/>\n    La Direcci\u00f3n de Comunicaciones del PRD, inform\u00f3 Vargas Maldonado habl\u00f3  ante centenares de miembros del Sector Externo Victoria Electoral (SEVE), que  preside el doctor Jos\u00e9 Jaquin Puello, en un acto que sirvi\u00f3 de escenario para  la integraci\u00f3n a ese movimiento del ex secretario de la Presidencia y dirigente pol\u00edtico Rafael Flores Estrella,  cuyas condiciones de lucha democr\u00e1tica resalt\u00f3.<br \/>&#13;<br \/>\n    <br \/>&#13;<br \/>\n    Durante su discurso, Vargas Maldonado  puntualiz\u00f3 que no puede haber igualdad de oportunidades en un pa\u00eds como el  nuestro, donde se invierte menos del 2% del Producto Interno Bruto en  educaci\u00f3n, mientras que el promedio en Am\u00e9rica Latina supera el 5%.<br \/>&#13;<br \/>\n    <br \/>&#13;<br \/>\n\u00bfTienen igualdad de oportunidades los  ni\u00f1os que se ven obligados a sentarse en bloques de cemento o en el suelo, por  falta de butacas?, se pregunto.<br \/>&#13;<br \/>\n<br \/>&#13;<br \/>\nSe cuestion\u00f3 adem\u00e1s si goza de  igualdad de oportunidad el estudiante que termina sus estudios universitarios,  y luego no encuentra un empleo.<br \/>&#13;<br \/>\n<br \/>&#13;<br \/>\n Pregunt\u00f3 \u00a0c\u00f3mo es posible que mientras los ni\u00f1os reciben  docencia en funerarias o debajo de un \u00e1rbol, se invierta tanto dinero en  propaganda, viajes y un Metro.<br \/>&#13;<br \/>\n<br \/>&#13;<br \/>\nEn opini\u00f3n del candidato presidencial  del PRD,\u00a0 para tener una idea clara del  inmenso costo social que hemos pagado todos los\u00a0 dominicanos por el  capricho del candidato Presidente reeleccionista, con los m\u00e1s de 35,000  millones de pesos que se terminar\u00e1n hundiendo en el Metro, se habr\u00edan podido  construir 80,000 viviendas econ\u00f3micas, \u00f3140,000 aulas  escolares, \u00f3 160,000 nuevas habitaciones con camas en hospitales, o definitivamente,  haber resuelto el problema del suministro de agua potable en la Rep\u00fablica Dominicana. <br \/>&#13;<br \/>\n<br \/>&#13;<br \/>\nConsider\u00f3 que es imposible hablar de  igualdad de oportunidades en nuestro pa\u00eds, cuando la inversi\u00f3n en salud es  rid\u00edcula, si la comparamos con el promedio latinoamericano de m\u00e1s de un 3% del  Producto Interno Bruto. La situaci\u00f3n de nuestros hospitales no puede ser m\u00e1s  dram\u00e1tica, sin camas para los heridos y los enfermos que terminan acostados en  pasillos;\u00a0 sin medicamentos;\u00a0 y sin pol\u00edticas de prevenci\u00f3n de  enfermedades previsibles y prevenibles, como el\u00a0dengue y la leptospirosis.<br \/>&#13;<br \/>\n<br \/>&#13;<br \/>\nInsisti\u00f3 en preguntarse si disfruta  de igualdad de oportunidades el padre de un ni\u00f1o enfermo en Barahona, que tuvo  que transportar a su hijo en la cola de un motor con un suero puesto, por falta  de una ambulancia.<br \/>&#13;<br \/>\n<br \/>&#13;<br \/>\nLo mismo que, pregunt\u00f3 a los  presentes, si disfrut\u00f3 de igualdad de oportunidades Pedro P\u00e9rez cuando perdi\u00f3  la mano por falta de hilo para suturar en el Hospital Gautier.<br \/>&#13;<br \/>\n<br \/>&#13;<br \/>\nLos y las dominicanas tienen que  preguntarse de manera dolorosa si disfrutaron desigualdad de oportunidades los  cuatro infantes que murieron en el Hospital Cabral y B\u00e1ez de Santiago por falta  de oxigeno.<br \/>&#13;<br \/>\n<br \/>&#13;<br \/>\nY si tuvieron igual \u00a0oportunidad aquellos dominicanos que murieron  infectados por la leptospirosis, como resultado de la deficiencia del sistema  de salud de la Rep\u00fablica   Dominicana.<br \/>&#13;<br \/>\n<br \/>&#13;<br \/>\nTuvieron acaso, cuestion\u00f3, igual  oportunidad los dominicanos y dominicanas que murieron tras el paso de la  tormenta Noel, por el inexplicable descuido del gobierno de informar y prevenir  a tiempo\u00a0 a la poblaci\u00f3n.<\/span><\/p>\n<p>&#13;<\/p>\n<p align=\"justify\" class=\"text1noticias\">\u201cUn empleo para los que pueden  trabajar, es uno de los objetivos fundamentales de una aut\u00e9ntica democracia;  sin embargo, en la   Rep\u00fablica Dominicana, en vez de aplicar una eficiente  pol\u00edtica de empleo, tenemos m\u00e1s de un 16% de desempleo abierto, y una  extraordinaria presencia de la informalidad en el mercado laboral dominicano\u201d.<\/p>\n<p>&#13;<\/p>\n<p align=\"justify\" class=\"text1noticias\"><strong>Crecimiento que no llega a la gente<\/strong> <br \/>&#13;<br \/>\n  <br \/>&#13;<br \/>\n  Advirti\u00f3 que nada invalida m\u00e1s el  supuesto y manipulado crecimiento econ\u00f3mico, que se siente \u00fanicamente en la  propaganda reeleccionista, que la selecci\u00f3n por parte del pueblo dominicano,  del desempleo como el principal problema del pa\u00eds. <br \/>&#13;<br \/>\n  <br \/>&#13;<br \/>\n  Tenemos que convertir las  buenas finanzas nacionales en buena finanzas familiares, eso lo lograremos con  un gobierno que cueste menos y que haga mas, mucho m\u00e1s por todos y todas los  que lo necesitan.<br \/>&#13;<br \/>\n  <br \/>&#13;<br \/>\n\u201cDe alrededor de dos  millones, doscientos mil trabajadores urbanos\u201d, argumento, \u201cm\u00e1s de un mill\u00f3n  labora al margen de la regulaci\u00f3n jur\u00eddica.\u00a0 Eso lo vamos a resolver a  partir del pr\u00f3ximo16 de agosto\u201d.<br \/>&#13;<br \/>\n<br \/>&#13;<br \/>\nDijo \u201caproximadamente un mill\u00f3n quinientos mil trabajadores  urbanos, no tienen garantizada la seguridad social que les proporcione una  vejez digna. Eso lo vamos a resolver a partir del pr\u00f3ximo 16 de agosto.<br \/>&#13;<br \/>\n<br \/>&#13;<br \/>\nIndic\u00f3 que el Programa  del Primer Empleo, consistente en el otorgamiento de incentivos tributarios a  las empresas que contraten a los miles de j\u00f3venes que se encuentran  desempleados, constituir\u00e1 uno de los ejes cardinales de la pol\u00edtica de nuestro  gobierno de reducci\u00f3n de la pobreza y la generaci\u00f3n de empleos. <br \/>&#13;<br \/>\n<br \/>&#13;<br \/>\nPero, aclar\u00f3, que \u201cesta  es solo una de las 11 acciones que tomaremos en el marco de nuestra estrategia  de creaci\u00f3n de empleos que ya presentamos al pa\u00eds\u201d. <br \/>&#13;<br \/>\n<br \/>&#13;<br \/>\n\u201cEl sector empresarial en  nuestro gobierno, debe jugar un papel activo en la construcci\u00f3n del consenso  gobierno-sociedad civil, para la articulaci\u00f3n de planes, programas y proyectos  que vayan a generar beneficios para las mayor\u00eda del pueblo dominicano,  reduciendo la pobreza, creando puestos de trabajo, desarrollo institucional,  seguridad jur\u00eddica, y la implementaci\u00f3n de pol\u00edticas que fomenten un  crecimiento econ\u00f3mico real con equidad social\u201d, alent\u00f3 a los empresarios que  asistieron al acto.<br \/>&#13;<br \/>\n<br \/>&#13;<br \/>\nExpuso que el Sector  Externo es un excelente escenario para que el empresariado, las personas sin  partidos pol\u00edticos, la clase media, participen, discutan y formulen propuestas  que sirvan de soporte al gobierno que encabezaremos a partir del 16 de agosto.<br \/>&#13;<br \/>\n<br \/>&#13;<br \/>\n  <strong>Garantiza seguridad social<\/strong> <br \/>&#13;<br \/>\n  <br \/>&#13;<br \/>\n  La Seguridad Social es indispensable para garantizar una  mejor distribuci\u00f3n de las riquezas y reducir la injusticia social, econ\u00f3mica y  pol\u00edtica; sin embargo, tenemos un sistema de Seguridad Social con serias  dificultades para su funcionamiento, debido a la\u00a0 ausencia deuna pol\u00edtica  correcta por parte del gobierno del candidato presidente reeleccionista.<br \/>&#13;<br \/>\n  <br \/>&#13;<br \/>\n  Contrastando con las limitaciones de  la mayor\u00eda de la poblaci\u00f3n, dijo, el fin de los privilegios especiales para  unos pocos constituye uno de los elementos cardinales de la democracia para  evitar la injusticia; pero en la Rep\u00fablica Dominicana,  el gobierno del candidato presidente reeleccionista, exhibe extraordinarios  privilegios, con funcionarios que devengan m\u00e1s de 1 mill\u00f3n de pesos mensuales,  con un derroche en compra de yipetas y en viajes infructuosos.<br \/>&#13;<br \/>\n  <br \/>&#13;<br \/>\n  Aqu\u00ed entran ustedes,  miembros del Sector Externo Victoria Electoral, dijo a la concurrencia, con una  participaci\u00f3n din\u00e1mica en la actividad pol\u00edtica, asumiendo la extraordinaria  responsabilidad de trabajar sin descansar para derrotar, el pr\u00f3ximo 16 de mayo,  en las urnas a la reelecci\u00f3n del desempleo, del alto costo de la vida, de la  delincuencia rampante, de la falta de transparencia, del irrespeto  institucional, del despilfarro, del incumplimiento y la corrupci\u00f3n. <br \/>&#13;<br \/>\n  <br \/>&#13;<br \/>\n\u201cEste Sector Externo\u201d,  exhorto, \u00a0\u201cconstituye una reserva importante, tanto desde el punto de  vista pol\u00edtico como moral, para mi candidatura, y para cuando asumamos el  gobierno, a partir del pr\u00f3ximos 16 de agosto.<br \/>&#13;<br \/>\n<br \/>&#13;<br \/>\nDijo que junto a todos y  todas los que le acompa\u00f1an tienen el firme compromiso de dar al pueblo lo que  tanto ha anhelado: empleo, reducci\u00f3n en el costo de la vida, seguridad  ciudadana, salud, educaci\u00f3n de calidad, viviendas dignas, agua potable,  acciones efectivas para reducir la pobreza, y una clara y eficiente pol\u00edtica de  competitividad para las empresas industriales, exportadoras y tur\u00edsticas del  Pa\u00eds, m\u00e1s institucionalidad; en fin, m\u00e1s justicia social, m\u00e1s participaci\u00f3n  pol\u00edtica y m\u00e1s seguridad de los derechos civiles.<\/p>\n<p>&#13;<\/p>\n<h6> 2007-11-26 12:45:16 <\/h6>\n<p><!--\n<link rel=\"stylesheet\" href=\"css\/bootstrap.min.css\">\n\n\n<ul class=\"pagination\">\n\t    \n\t\n\n<li >\n\t<a href='?page_no=34680'>Previous<\/a>\n\t<\/li>\n\n\n       \n    \n\n<li><a href='?page_no=1'>1<\/a><\/li>\n\n\n\n<li><a href='?page_no=2'>2<\/a><\/li>\n\n\n\n<li><a>...<\/a><\/li>\n\n\n\n<li><a href='?page_no=34679'>34679<\/a><\/li>\n\n\n\n<li><a href='?page_no=34680'>34680<\/a><\/li>\n\n\n\n<li class='active'><a>34681<\/a><\/li>\n\n\n\n<li><a href='?page_no=34682'>34682<\/a><\/li>\n\n\n\n<li><a href='?page_no=34683'>34683<\/a><\/li>\n\n\n\n<li><a>...<\/a><\/li>\n\n\n\n<li><a href='?page_no=36999'>36999<\/a><\/li>\n\n\n\n<li><a href='?page_no=37000'>37000<\/a><\/li>\n\n    \n\t\n\n<li >\n\t<a href='?page_no=34682'>Next<\/a>\n\t<\/li>\n\n\n    \n\n<li><a href='?page_no=37000'>Last &rsaquo;&rsaquo;<\/a><\/li>\n\n<\/ul>\n\n\n--><br \/>\n<\/body><\/p>\n","protected":false},"excerpt":{"rendered":"<p>Vargas Maldonado promete garantizar los derechos sociales, civiles y pol\u00edticos;\u00a0 reitera criticas\u00a0 al presidente Leonel Fern\u00e1ndez&#13; &#13; Santo Domingo.- El candidato presidencial del Partido Revolucionario Dominicano PRD),\u00a0 Miguel Vargas Maldonado considera \u00a0que la democracia dominicana no puede continuar limitada al ejercicio del voto cada\u00a0 cuatro a\u00f1os, sin que la poblaci\u00f3n tenga la oportunidad de\u00a0 ejercer [&hellip;]<\/p>\n","protected":false},"author":3,"featured_media":0,"comment_status":"open","ping_status":"open","sticky":false,"template":"","format":"standard","meta":{"footnotes":""},"categories":[22],"tags":[],"class_list":["post-191933","post","type-post","status-publish","format-standard","hentry","category-politica"],"_links":{"self":[{"href":"https:\/\/diariodominicano.com\/index.php?rest_route=\/wp\/v2\/posts\/191933","targetHints":{"allow":["GET"]}}],"collection":[{"href":"https:\/\/diariodominicano.com\/index.php?rest_route=\/wp\/v2\/posts"}],"about":[{"href":"https:\/\/diariodominicano.com\/index.php?rest_route=\/wp\/v2\/types\/post"}],"author":[{"embeddable":true,"href":"https:\/\/diariodominicano.com\/index.php?rest_route=\/wp\/v2\/users\/3"}],"replies":[{"embeddable":true,"href":"https:\/\/diariodominicano.com\/index.php?rest_route=%2Fwp%2Fv2%2Fcomments&post=191933"}],"version-history":[{"count":0,"href":"https:\/\/diariodominicano.com\/index.php?rest_route=\/wp\/v2\/posts\/191933\/revisions"}],"wp:attachment":[{"href":"https:\/\/diariodominicano.com\/index.php?rest_route=%2Fwp%2Fv2%2Fmedia&parent=191933"}],"wp:term":[{"taxonomy":"category","embeddable":true,"href":"https:\/\/diariodominicano.com\/index.php?rest_route=%2Fwp%2Fv2%2Fcategories&post=191933"},{"taxonomy":"post_tag","embeddable":true,"href":"https:\/\/diariodominicano.com\/index.php?rest_route=%2Fwp%2Fv2%2Ftags&post=191933"}],"curies":[{"name":"wp","href":"https:\/\/api.w.org\/{rel}","templated":true}]}}