{"id":191932,"date":"2007-11-26T13:10:28","date_gmt":"2007-11-26T13:10:28","guid":{"rendered":"http:\/\/diariodominicano.ddns.net\/?p=191932"},"modified":"2007-11-26T13:10:28","modified_gmt":"2007-11-26T13:10:28","slug":"amable-aristy-deja-abierta-oficialmente-su-campana-en-higuey","status":"publish","type":"post","link":"https:\/\/diariodominicano.com\/?p=191932","title":{"rendered":"Amable Aristy deja abierta oficialmente su campa\u00f1a en Hig\u00fcey"},"content":{"rendered":"<p><body><\/p>\n<p class=\"titulogrande1\">Amable Aristy deja abierta oficialmente su campa\u00f1a en  Hig\u00fcey<\/p>\n<p>&#13;<\/p>\n<p align=\"justify\"><strong>Acus\u00f3 al presidente Fern\u00e1ndez y al PLD de querer  amordazar\u00a0 a la oposici\u00f3n con el retraso  del inicio oficial de la campa\u00f1a electoral para favorecer sus posibilidades  electorales, \u201ccuando todo el mundo sabe que el gobierno est\u00e1 permanentemente en  campa\u00f1a\u201d.<\/strong><\/p>\n<p>&#13;<\/p>\n<p align=\"justify\" class=\"text1noticias\"><strong><img loading=\"lazy\" decoding=\"async\" src=\"http:\/\/localhost:8080\/pictures\/amable aristy en higuey.jpg\" width=\"269\" height=\"181\" hspace=\"4\" align=\"left\" \/>HIGUEY.-<\/strong> El candidato presidencial del Partido  Reformista Social Cristiano (PRSC) declar\u00f3 oficialmente abierta su campa\u00f1a  electoral con una multitudinaria marcha caravana provincial que recorri\u00f3 los  principales barrios de aqu\u00ed,\u00a0 tras  denunciar que el presidente Leonel Fern\u00e1ndez est\u00e1 permanentemente en  actividades proselitistas.<\/p>\n<p>&#13;<\/p>\n<p align=\"justify\" class=\"text1noticias\">Amable Aristy entiende que la posposici\u00f3n de la  campa\u00f1a electoral, como plantea el oficialista Partido de la Liberaci\u00f3n Dominicana (PLD), solo beneficiar\u00eda los planes reeleccionistas del presidente Fern\u00e1ndez,  que dijo utiliza los actos oficiales para promover su candidatura y hacer  criticas a la oposici\u00f3n.<\/p>\n<p>&#13;<\/p>\n<p align=\"justify\" class=\"text1noticias\">Sostuvo que nada ni nadie detendr\u00e1 su triunfo  electoral n\u00famero 16, que es la   Presidencia de la Rep\u00fablica, \u201cpor lo que desde hoy dejo  oficialmente abierta la campa\u00f1a electoral de mi candidatura con esta marcha  caravana que re\u00fane a decenas de miles de personas que recorren a pie, en  caballos, motores, carros y camionetas los barrios m\u00e1s pobres de Higuey\u201d.<\/p>\n<p>&#13;<\/p>\n<p align=\"justify\" class=\"text1noticias\">Acus\u00f3 al presidente Fern\u00e1ndez y al PLD de querer amordazar\u00a0 a la oposici\u00f3n con el retraso del inicio  oficial de la campa\u00f1a electoral para favorecer sus posibilidades electorales, \u201ccuando  todo el mundo sabe que el gobierno est\u00e1 permanentemente en campa\u00f1a\u201d.<\/p>\n<p>&#13;<\/p>\n<p align=\"justify\" class=\"text1noticias\">\u201cSolo hay que ver\u201d \u2013agreg\u00f3- la amplia cartera de  publicidad estatal con la misma divisa de la candidatura: es pa`lante que vamos\u201d.<\/p>\n<p>&#13;<\/p>\n<p align=\"justify\" class=\"text1noticias\">Aristy, quien pronunci\u00f3 un amplio discurso en el que  hizo duras criticas a la administraci\u00f3n del presidente Fern\u00e1ndez, insisti\u00f3 que \u00a0\u201cnada y nadie podr\u00e1 detener lo que  consideramos una guerra santa para evitar la reelecci\u00f3n de leonel o el retorno  de PRD-PPH\u201d.<\/p>\n<p>&#13;<\/p>\n<p align=\"justify\" class=\"text1noticias\">\u201cIniciamos de manera oficial nuestro peregrinar aqu\u00ed  en la tierra que me vio nacer, bajo el amparo de la bendici\u00f3n del Todopoderoso  y el manto protector de la madre espiritual del pueblo dominicano, Nuestra  Se\u00f1ora de La Altagracia.<\/p>\n<p>&#13;<\/p>\n<p align=\"justify\" class=\"text1noticias\">El candidato presidencial reformista asegur\u00f3\u00a0 que Higuey le ha dado siete de sus 15  triunfos electorales, \u201cun pueblo que es un\u00a0pedazo de la Rep\u00fablica Dominicana  donde habitan ciudadanos de todas las regiones del pa\u00eds que laboran en la  industria tur\u00edstica e inmobiliaria por lo que constituye una muestra de  singular valor\u201d.<\/p>\n<p>&#13;<\/p>\n<p align=\"justify\" class=\"text1noticias\">Aristy llam\u00f3 a los jueces de la Junta Central Electoral (JCE) a  no dejarse imponer los caprichos del gobierno y el PLD quienes tratan de que se  posponga la apertura oficial de la campa\u00f1a para favorecer el proyecto  reeleccionista de Fern\u00e1ndez y perjudicar a los partidos de oposici\u00f3n.<\/p>\n<p>&#13;<\/p>\n<p align=\"justify\" class=\"text1noticias\">Dijo que el oficialismo tiene \u201cmiedo y terror\u201d al  crecimiento de su candidatura, ya que tiene pr\u00e1cticamente asegurada la victoria  en las seis provincias de la regi\u00f3n Este.<\/p>\n<p>&#13;<\/p>\n<p align=\"justify\" class=\"text1noticias\">Dijo que las \u00faltimas encuestas elaboradas por firmas  independientes colocan su candidatura presidencial en el primer lugar en la  regi\u00f3n Este con un 36 por ciento, contra un 31% de Leonel Fern\u00e1ndez y un 26% de  Miguel Vargas.<\/p>\n<p>&#13;<\/p>\n<p align=\"justify\" class=\"text1noticias\">\u201cEl gobierno de los pobres y los excluidos va a ser  una realidad, porque as\u00ed como crecimos en el Este para colocarnos en el primer  lugar, as\u00ed mismo estamos creciendo en la regi\u00f3n Sur, en el Cibao y tambi\u00e9n en  la capital y la   Provincia Santo Domingo\u201d, agreg\u00f3.<\/p>\n<p>&#13;<\/p>\n<p align=\"justify\" class=\"text1noticias\">El candidato presidencial reformista estuvo acompa\u00f1ado  de su hija Karina Aristy, quien es la sindica de Higuey; de su esposa Andrea de  Aristy; del senador Germ\u00e1n Castro y los  diputados Sergio Cede\u00f1o, director ejecutivo de campa\u00f1a; Ram\u00f3n Rogelio Genao,  sub-jefe de campa\u00f1a; Guido Cabrera y Ram\u00f3n Ricardo S\u00e1nchez, los dirigentes  locales Ruddy Melanio Hidalgo, Lepido Botello, Jos\u00e9 de Cid, \u00a0y Jes\u00fas de la Rosa, entre otros.<\/p>\n<p>&#13;<\/p>\n<h6> 2007-11-26 13:10:28 <\/h6>\n<p><!--\n<link rel=\"stylesheet\" href=\"css\/bootstrap.min.css\">\n\n\n<ul class=\"pagination\">\n\t    \n\t\n\n<li >\n\t<a href='?page_no=34679'>Previous<\/a>\n\t<\/li>\n\n\n       \n    \n\n<li><a href='?page_no=1'>1<\/a><\/li>\n\n\n\n<li><a href='?page_no=2'>2<\/a><\/li>\n\n\n\n<li><a>...<\/a><\/li>\n\n\n\n<li><a href='?page_no=34678'>34678<\/a><\/li>\n\n\n\n<li><a href='?page_no=34679'>34679<\/a><\/li>\n\n\n\n<li class='active'><a>34680<\/a><\/li>\n\n\n\n<li><a href='?page_no=34681'>34681<\/a><\/li>\n\n\n\n<li><a href='?page_no=34682'>34682<\/a><\/li>\n\n\n\n<li><a>...<\/a><\/li>\n\n\n\n<li><a href='?page_no=36999'>36999<\/a><\/li>\n\n\n\n<li><a href='?page_no=37000'>37000<\/a><\/li>\n\n    \n\t\n\n<li >\n\t<a href='?page_no=34681'>Next<\/a>\n\t<\/li>\n\n\n    \n\n<li><a href='?page_no=37000'>Last &rsaquo;&rsaquo;<\/a><\/li>\n\n<\/ul>\n\n\n--><br \/>\n<\/body><\/p>\n","protected":false},"excerpt":{"rendered":"<p>Amable Aristy deja abierta oficialmente su campa\u00f1a en Hig\u00fcey &#13; Acus\u00f3 al presidente Fern\u00e1ndez y al PLD de querer amordazar\u00a0 a la oposici\u00f3n con el retraso del inicio oficial de la campa\u00f1a electoral para favorecer sus posibilidades electorales, \u201ccuando todo el mundo sabe que el gobierno est\u00e1 permanentemente en campa\u00f1a\u201d. &#13; HIGUEY.- El candidato presidencial [&hellip;]<\/p>\n","protected":false},"author":3,"featured_media":0,"comment_status":"open","ping_status":"open","sticky":false,"template":"","format":"standard","meta":{"footnotes":""},"categories":[22],"tags":[],"class_list":["post-191932","post","type-post","status-publish","format-standard","hentry","category-politica"],"_links":{"self":[{"href":"https:\/\/diariodominicano.com\/index.php?rest_route=\/wp\/v2\/posts\/191932","targetHints":{"allow":["GET"]}}],"collection":[{"href":"https:\/\/diariodominicano.com\/index.php?rest_route=\/wp\/v2\/posts"}],"about":[{"href":"https:\/\/diariodominicano.com\/index.php?rest_route=\/wp\/v2\/types\/post"}],"author":[{"embeddable":true,"href":"https:\/\/diariodominicano.com\/index.php?rest_route=\/wp\/v2\/users\/3"}],"replies":[{"embeddable":true,"href":"https:\/\/diariodominicano.com\/index.php?rest_route=%2Fwp%2Fv2%2Fcomments&post=191932"}],"version-history":[{"count":0,"href":"https:\/\/diariodominicano.com\/index.php?rest_route=\/wp\/v2\/posts\/191932\/revisions"}],"wp:attachment":[{"href":"https:\/\/diariodominicano.com\/index.php?rest_route=%2Fwp%2Fv2%2Fmedia&parent=191932"}],"wp:term":[{"taxonomy":"category","embeddable":true,"href":"https:\/\/diariodominicano.com\/index.php?rest_route=%2Fwp%2Fv2%2Fcategories&post=191932"},{"taxonomy":"post_tag","embeddable":true,"href":"https:\/\/diariodominicano.com\/index.php?rest_route=%2Fwp%2Fv2%2Ftags&post=191932"}],"curies":[{"name":"wp","href":"https:\/\/api.w.org\/{rel}","templated":true}]}}