{"id":191928,"date":"2007-11-27T03:17:26","date_gmt":"2007-11-27T03:17:26","guid":{"rendered":"http:\/\/diariodominicano.ddns.net\/?p=191928"},"modified":"2007-11-27T03:17:26","modified_gmt":"2007-11-27T03:17:26","slug":"jose-tomas-pide-una-tregua-navidena","status":"publish","type":"post","link":"https:\/\/diariodominicano.com\/?p=191928","title":{"rendered":"Jos\u00e9 Tom\u00e1s pide una tregua Navide\u00f1a"},"content":{"rendered":"<p><body><\/p>\n<p class=\"titulogrande1\">Jos\u00e9  Tom\u00e1s pide una tregua Navide\u00f1a<\/p>\n<p>&#13;<\/p>\n<p align=\"justify\" class=\"text1noticias\"><strong><img loading=\"lazy\" decoding=\"async\" src=\"http:\/\/localhost:8080\/pictures\/jose tomas foto.jpg\" width=\"269\" height=\"222\" hspace=\"4\" align=\"left\" \/>Santo Domingo.-<\/strong> El miembro del  Comit\u00e9 Pol\u00edtico del Partido de la Liberaci\u00f3n Dominicana  (PLD), Jos\u00e9 Tom\u00e1s P\u00e9rez, solicit\u00f3 a la dirigencia pol\u00edtica nacional una tregua  en el proselitismo pol\u00edtico a partir del primero de diciembre, a fin de  trabajar en la recuperaci\u00f3n del pa\u00eds, luego de los da\u00f1os causados por la  tormenta Noel.<\/p>\n<p>&#13;<\/p>\n<p align=\"justify\" class=\"text1noticias\">Record\u00f3 tanto a sus  compa\u00f1eros de parcela como a los de la oposici\u00f3n, que el paso inclemente de ese  fen\u00f3meno natural dej\u00f3 el pa\u00eds devastado, y que todos deben hacer esfuerzos por  trabajar en su pronta reconstrucci\u00f3n.<\/p>\n<p>&#13;<\/p>\n<p align=\"justify\" class=\"text1noticias\">\u201cYa tendremos muchos meses  para dedicarnos a hacer campa\u00f1a. Como cristianos, lo m\u00e1s importante ahora, al  menos a partir del primero de diciembre, es que continuemos socorriendo a las  familias afectadas, a los desplazados y refugiados que quedaron desamparados en  todo el territorio nacional\u201d, sugiri\u00f3. <\/p>\n<p>&#13;<\/p>\n<p align=\"justify\" class=\"text1noticias\">P\u00e9rez, director general del  Instituto Dominicano de Aviaci\u00f3n Civil (IDAC) con rango de secretario de  Estado, sostuvo que Rep\u00fablica Dominicana es un pa\u00eds de hombres y mujeres  trabajadoras y emprendedoras, y que sus pol\u00edticos son los principales llamados  a colaborar para que todo sea solucionado en el menor tiempo posible.<\/p>\n<p>&#13;<\/p>\n<p align=\"justify\" class=\"text1noticias\">El funcionario y \u00a0dirigente del PLD se mostr\u00f3 de acuerdo con las  disposiciones del Presidente de la   Rep\u00fablica, doctor Leonel Fern\u00e1ndez, de que todas las  instituciones p\u00fablicas dispongan del dinero que ten\u00edan destinado para la fiesta  de fin de a\u00f1o, para usarlo como aporte para las ayudas a los damnificados de  las inclemencias de la tormenta que maltrat\u00f3 al pa\u00eds a principios de este mes.<\/p>\n<p>&#13;<\/p>\n<p align=\"justify\" class=\"text1noticias\">\u201cConsideramos m\u00e1s que  acertadas, oportunas, las disposiciones del se\u00f1or Presidente de la Rep\u00fablica, doctor Leonel  Fern\u00e1ndez, de que en vez de abocarnos a celebrar fiestas de fin de a\u00f1o, destinemos  esos fondos para ayudas a los m\u00e1s necesitados. Extendemos estas peticiones  tambi\u00e9n a todas las corrientes pol\u00edticas y a las empresas privadas, para que  unidos, recuperemos nuestro pa\u00eds\u201d, indic\u00f3.<\/p>\n<p>&#13;<\/p>\n<p align=\"justify\" class=\"text1noticias\">Inform\u00f3 que ya imparti\u00f3  \u00f3rdenes estrictas en el IDAC para que sean acogidas las disposiciones del  presidente Fern\u00e1ndez, como forma de contribuir con la reconstrucci\u00f3n del pa\u00eds.<\/p>\n<p>&#13;<\/p>\n<p align=\"justify\" class=\"text1noticias\">\u201cCon que cada uno de nosotros  aporte un granito de arena es suficiente para que el pa\u00eds se recupere.<br \/>&#13;<br \/>\n  <br \/> &#13;<br \/>\nD\u00e9monos  un tiempo de recogimiento, de paz, para echar hacia adelante\u201d, a\u00f1adi\u00f3.<\/p>\n<p>&#13;<\/p>\n<h6> 2007-11-27 03:17:26 <\/h6>\n<p><!--\n<link rel=\"stylesheet\" href=\"css\/bootstrap.min.css\">\n\n\n<ul class=\"pagination\">\n\t    \n\t\n\n<li >\n\t<a href='?page_no=34675'>Previous<\/a>\n\t<\/li>\n\n\n       \n    \n\n<li><a href='?page_no=1'>1<\/a><\/li>\n\n\n\n<li><a href='?page_no=2'>2<\/a><\/li>\n\n\n\n<li><a>...<\/a><\/li>\n\n\n\n<li><a href='?page_no=34674'>34674<\/a><\/li>\n\n\n\n<li><a href='?page_no=34675'>34675<\/a><\/li>\n\n\n\n<li class='active'><a>34676<\/a><\/li>\n\n\n\n<li><a href='?page_no=34677'>34677<\/a><\/li>\n\n\n\n<li><a href='?page_no=34678'>34678<\/a><\/li>\n\n\n\n<li><a>...<\/a><\/li>\n\n\n\n<li><a href='?page_no=36999'>36999<\/a><\/li>\n\n\n\n<li><a href='?page_no=37000'>37000<\/a><\/li>\n\n    \n\t\n\n<li >\n\t<a href='?page_no=34677'>Next<\/a>\n\t<\/li>\n\n\n    \n\n<li><a href='?page_no=37000'>Last &rsaquo;&rsaquo;<\/a><\/li>\n\n<\/ul>\n\n\n--><br \/>\n<\/body><\/p>\n","protected":false},"excerpt":{"rendered":"<p>Jos\u00e9 Tom\u00e1s pide una tregua Navide\u00f1a &#13; Santo Domingo.- El miembro del Comit\u00e9 Pol\u00edtico del Partido de la Liberaci\u00f3n Dominicana (PLD), Jos\u00e9 Tom\u00e1s P\u00e9rez, solicit\u00f3 a la dirigencia pol\u00edtica nacional una tregua en el proselitismo pol\u00edtico a partir del primero de diciembre, a fin de trabajar en la recuperaci\u00f3n del pa\u00eds, luego de los da\u00f1os [&hellip;]<\/p>\n","protected":false},"author":3,"featured_media":0,"comment_status":"open","ping_status":"open","sticky":false,"template":"","format":"standard","meta":{"footnotes":""},"categories":[22],"tags":[],"class_list":["post-191928","post","type-post","status-publish","format-standard","hentry","category-politica"],"_links":{"self":[{"href":"https:\/\/diariodominicano.com\/index.php?rest_route=\/wp\/v2\/posts\/191928","targetHints":{"allow":["GET"]}}],"collection":[{"href":"https:\/\/diariodominicano.com\/index.php?rest_route=\/wp\/v2\/posts"}],"about":[{"href":"https:\/\/diariodominicano.com\/index.php?rest_route=\/wp\/v2\/types\/post"}],"author":[{"embeddable":true,"href":"https:\/\/diariodominicano.com\/index.php?rest_route=\/wp\/v2\/users\/3"}],"replies":[{"embeddable":true,"href":"https:\/\/diariodominicano.com\/index.php?rest_route=%2Fwp%2Fv2%2Fcomments&post=191928"}],"version-history":[{"count":0,"href":"https:\/\/diariodominicano.com\/index.php?rest_route=\/wp\/v2\/posts\/191928\/revisions"}],"wp:attachment":[{"href":"https:\/\/diariodominicano.com\/index.php?rest_route=%2Fwp%2Fv2%2Fmedia&parent=191928"}],"wp:term":[{"taxonomy":"category","embeddable":true,"href":"https:\/\/diariodominicano.com\/index.php?rest_route=%2Fwp%2Fv2%2Fcategories&post=191928"},{"taxonomy":"post_tag","embeddable":true,"href":"https:\/\/diariodominicano.com\/index.php?rest_route=%2Fwp%2Fv2%2Ftags&post=191928"}],"curies":[{"name":"wp","href":"https:\/\/api.w.org\/{rel}","templated":true}]}}