{"id":191927,"date":"2007-11-27T03:43:19","date_gmt":"2007-11-27T03:43:19","guid":{"rendered":"http:\/\/diariodominicano.ddns.net\/?p=191927"},"modified":"2007-11-27T03:43:19","modified_gmt":"2007-11-27T03:43:19","slug":"jaime-david-favorece-la-campana-electoral-se-inicie-en-enero","status":"publish","type":"post","link":"https:\/\/diariodominicano.com\/?p=191927","title":{"rendered":"Jaime David favorece la campa\u00f1a electoral se inicie en enero"},"content":{"rendered":"<p><body><\/p>\n<p class=\"titulogrande1\">Jaime David  favorece la campa\u00f1a electoral se inicie  en enero<\/p>\n<p>&#13;<\/p>\n<p align=\"justify\" class=\"text1noticias\"><strong><img loading=\"lazy\" decoding=\"async\" src=\"http:\/\/localhost:8080\/pictures\/jaime david leonel.jpg\" width=\"269\" height=\"200\" hspace=\"4\" align=\"left\" \/>SANTO DOMINGO.- <\/strong>El ex  vicepresidente Jaime David Fern\u00e1ndez Mirabal, miembro del Comit\u00e9 Pol\u00edtico del Partido de la Liberaci\u00f3n Dominicana,  \u00a0considera \u00a0que la campa\u00f1a electoral se debe iniciar a  partir de enero, y que el gobierno y la sociedad puedan seguir trabajando todos  estos d\u00edas por la recuperaci\u00f3n del pa\u00eds. <\/p>\n<p>&#13;<\/p>\n<p align=\"justify\" class=\"text1noticias\">\u00abYo pienso que lo correcto que hubi\u00e9ramos hecho, de aqu\u00ed a  diciembre, es que sigui\u00e9ramos dedic\u00e1ndole tiempo a c\u00f3mo recuperar esas heridas,  que no se recuperan en poco tiempo, y a mostrar la voluntad de eso\u00bb,  enfatiz\u00f3 el dirigente pelede\u00edsta a los entrevistadores de Hoy Mismo y que  rese\u00f1a la Secretar\u00eda  de Comunicaciones del PLD. <\/p>\n<p>&#13;<\/p>\n<p align=\"justify\" class=\"text1noticias\">Fern\u00e1ndez Mirabal manifest\u00f3 que el tema de la campa\u00f1a es  complicado, sobre todo para la oposici\u00f3n, que siempre tendr\u00e1 algo que decir de  un gobierno como el del partido morado que siempre est\u00e1 trabajando. <\/p>\n<p>&#13;<\/p>\n<p align=\"justify\" class=\"text1noticias\">\u00abLos de la oposici\u00f3n dicen, bueno pero el gobierno ya est\u00e1 en  campa\u00f1a, cuando trabaja; sino trabajara, entonces dice que no trabaja\u00bb,  apunt\u00f3 Jaime David, al tiempo de mostrarse en descuerdo con las campa\u00f1as  pol\u00edticas precipitadas. <\/p>\n<p>&#13;<\/p>\n<p align=\"justify\" class=\"text1noticias\">Sostuvo para los partidos que est\u00e1n ejerciendo el poder lo  recomendable es trabajar y abrir la campa\u00f1a tres meses antes de las elecciones  como lo har\u00e1 el PLD con la proclamaci\u00f3n de la candidatura presidencial del  doctor Leonel Fern\u00e1ndez a comienzos del 2008. <\/p>\n<p>&#13;<\/p>\n<p align=\"justify\" class=\"text1noticias\">El dirigente pelede\u00edsta critic\u00f3 asimismo la forma despechada con  que se maneja la oposici\u00f3n a la que inst\u00f3 a hacer proposiciones coherentes. <\/p>\n<p>&#13;<\/p>\n<p align=\"justify\" class=\"text1noticias\">\u00abPorque la oposici\u00f3n no sale de reaccionar como con despecho,  todos los d\u00edas lo que tiran es maldiciones como cuando una mujer o un marido  est\u00e1n despechados\u00bb, refiri\u00f3 el integrante del Comit\u00e9 Pol\u00edtico del PLD y ex  Vicepresidente de la   Rep\u00fablica. <\/p>\n<p>&#13;<\/p>\n<p align=\"justify\" class=\"text1noticias\">Asimismo tild\u00f3 de incoherente la propuesta del candidato del  Partido Revolucionario Dominicano respecto de dar m\u00e1s participaci\u00f3n a las  mujeres en un gobierno suyo, cosa que no promocion\u00f3 desde su importante  posici\u00f3n en el gobierno anterior. <\/p>\n<p>&#13;<\/p>\n<p align=\"justify\" class=\"text1noticias\">\u00abNo parece correcto el planteamiento pero no entendemos por  qu\u00e9 cuando estuvieron en la   Secretar\u00eda de Obras P\u00fablicas no lo aplicaron\u00bb, apunt\u00f3  Fern\u00e1ndez Mirabal. <\/p>\n<p>&#13;<\/p>\n<p align=\"justify\" class=\"text1noticias\">Sin embargo el alto dirigente pelede\u00edsta valor\u00f3 cualquier  propuesta que procure dar oportunidad a las mujeres y que una de las cosas que  lo justifica es el n\u00famero de f\u00e9minas graduandas en las universidades que  superan el 60 % en comparaci\u00f3n a los hombres. <\/p>\n<p>&#13;<\/p>\n<p align=\"justify\" class=\"text1noticias\">\u00abHay que darle a las mujeres mayores puestos de  responsabilidad, eso lo venimos luchando desde el movimiento cooperativo, el  movimiento sindical, en todo\u00bb, sostuvo Jaime David Fern\u00e1ndez Mirabal. <\/p>\n<p>&#13;<\/p>\n<p align=\"justify\" class=\"text1noticias\">Apunt\u00f3 que las propuestas que hace el candidato del PRD dan  muestra de lo mal que se portaron cuando fueron gobierno y que muchas se llevan  satisfactoriamente a cabo por el actual gobierno del PLD. <\/p>\n<p>&#13;<\/p>\n<p align=\"justify\" class=\"text1noticias\">\u00abSon propuestas de campa\u00f1a.\u00a0  Ahora, \u00bfcuando ustedes estaban en el gobierno lo han hecho\u00bb,  reflexion\u00f3 Fern\u00e1ndez Mirabal? <\/p>\n<p>&#13;<\/p>\n<p align=\"justify\" class=\"text1noticias\">En otro orden el  dirigente pelede\u00edsta calific\u00f3 de satisfactoria la gesti\u00f3n que ha hecho el  gobierno en el pa\u00eds hasta el momento, recordando el \u00abfondo de la  olla\u00bb en el que se hallaba en el 2004, al retornar su partido al poder. <\/p>\n<p>&#13;<\/p>\n<p align=\"justify\" class=\"text1noticias\">Dijo que ya que se ha invertido mucha energ\u00eda en recuperar la  econom\u00eda marchita que dej\u00f3 la pasada administraci\u00f3n, ahora lo que sigue es  producir esa reforma social que se requiere para luchar contra la pobreza que  afectan a los pa\u00edses en v\u00eda de desarrollo. <\/p>\n<p>&#13;<\/p>\n<p align=\"justify\" class=\"text1noticias\">\u00abAhora nosotros sabemos, sin descuidar nunca lo fundamental  en las variables macroecon\u00f3micas, c\u00f3mo poder construir el gran proyecto social  y c\u00f3mo garantizar mejores pol\u00edtica p\u00fablica para la redistribuci\u00f3n de esas  riquezas\u00bb, concluy\u00f3 el miembro del Comit\u00e9 Pol\u00edtico del PLD, quien reiter\u00f3 que con la estabilidad de  la econom\u00eda ya est\u00e1n creadas las bases para que el pueblo empiece a ser  beneficiario de la misma. <\/p>\n<p>&#13;<\/p>\n<h6> 2007-11-27 03:43:19 <\/h6>\n<p><!--\n<link rel=\"stylesheet\" href=\"css\/bootstrap.min.css\">\n\n\n<ul class=\"pagination\">\n\t    \n\t\n\n<li >\n\t<a href='?page_no=34674'>Previous<\/a>\n\t<\/li>\n\n\n       \n    \n\n<li><a href='?page_no=1'>1<\/a><\/li>\n\n\n\n<li><a href='?page_no=2'>2<\/a><\/li>\n\n\n\n<li><a>...<\/a><\/li>\n\n\n\n<li><a href='?page_no=34673'>34673<\/a><\/li>\n\n\n\n<li><a href='?page_no=34674'>34674<\/a><\/li>\n\n\n\n<li class='active'><a>34675<\/a><\/li>\n\n\n\n<li><a href='?page_no=34676'>34676<\/a><\/li>\n\n\n\n<li><a href='?page_no=34677'>34677<\/a><\/li>\n\n\n\n<li><a>...<\/a><\/li>\n\n\n\n<li><a href='?page_no=36999'>36999<\/a><\/li>\n\n\n\n<li><a href='?page_no=37000'>37000<\/a><\/li>\n\n    \n\t\n\n<li >\n\t<a href='?page_no=34676'>Next<\/a>\n\t<\/li>\n\n\n    \n\n<li><a href='?page_no=37000'>Last &rsaquo;&rsaquo;<\/a><\/li>\n\n<\/ul>\n\n\n--><br \/>\n<\/body><\/p>\n","protected":false},"excerpt":{"rendered":"<p>Jaime David favorece la campa\u00f1a electoral se inicie en enero &#13; SANTO DOMINGO.- El ex vicepresidente Jaime David Fern\u00e1ndez Mirabal, miembro del Comit\u00e9 Pol\u00edtico del Partido de la Liberaci\u00f3n Dominicana, \u00a0considera \u00a0que la campa\u00f1a electoral se debe iniciar a partir de enero, y que el gobierno y la sociedad puedan seguir trabajando todos estos d\u00edas [&hellip;]<\/p>\n","protected":false},"author":3,"featured_media":0,"comment_status":"open","ping_status":"open","sticky":false,"template":"","format":"standard","meta":{"footnotes":""},"categories":[22],"tags":[],"class_list":["post-191927","post","type-post","status-publish","format-standard","hentry","category-politica"],"_links":{"self":[{"href":"https:\/\/diariodominicano.com\/index.php?rest_route=\/wp\/v2\/posts\/191927","targetHints":{"allow":["GET"]}}],"collection":[{"href":"https:\/\/diariodominicano.com\/index.php?rest_route=\/wp\/v2\/posts"}],"about":[{"href":"https:\/\/diariodominicano.com\/index.php?rest_route=\/wp\/v2\/types\/post"}],"author":[{"embeddable":true,"href":"https:\/\/diariodominicano.com\/index.php?rest_route=\/wp\/v2\/users\/3"}],"replies":[{"embeddable":true,"href":"https:\/\/diariodominicano.com\/index.php?rest_route=%2Fwp%2Fv2%2Fcomments&post=191927"}],"version-history":[{"count":0,"href":"https:\/\/diariodominicano.com\/index.php?rest_route=\/wp\/v2\/posts\/191927\/revisions"}],"wp:attachment":[{"href":"https:\/\/diariodominicano.com\/index.php?rest_route=%2Fwp%2Fv2%2Fmedia&parent=191927"}],"wp:term":[{"taxonomy":"category","embeddable":true,"href":"https:\/\/diariodominicano.com\/index.php?rest_route=%2Fwp%2Fv2%2Fcategories&post=191927"},{"taxonomy":"post_tag","embeddable":true,"href":"https:\/\/diariodominicano.com\/index.php?rest_route=%2Fwp%2Fv2%2Ftags&post=191927"}],"curies":[{"name":"wp","href":"https:\/\/api.w.org\/{rel}","templated":true}]}}