{"id":191924,"date":"2007-11-27T14:33:44","date_gmt":"2007-11-27T14:33:44","guid":{"rendered":"http:\/\/diariodominicano.ddns.net\/?p=191924"},"modified":"2007-11-27T14:33:44","modified_gmt":"2007-11-27T14:33:44","slug":"salcedo-destaca-trabajos-participativos-del-ayuntamiento","status":"publish","type":"post","link":"https:\/\/diariodominicano.com\/?p=191924","title":{"rendered":"Salcedo destaca trabajos participativos del Ayuntamiento"},"content":{"rendered":"<p><body><\/p>\n<p class=\"titulogrande1\">Salcedo  destaca trabajos participativos del Ayuntamiento<\/p>\n<p>&#13;<\/p>\n<p align=\"justify\" class=\"text1noticias\"><strong>SANTO DOMINGO.-<\/strong> El s\u00edndico Roberto  Salcedo consider\u00f3 que como parte de la puesta en pr\u00e1ctica\u00a0del presupuesto  participativo, el Ayuntamiento del Distrito Nacional coordinar\u00e1 esta semana con  las federaciones y la confederaci\u00f3n de Juntas de Vecinos las partidas que se  destinar\u00e1n en la construcci\u00f3n y reconstrucci\u00f3n de obras.<br \/>&#13;<br \/>\n  <br \/>&#13;<br \/>\n  Se inform\u00f3 que entre las obras de  inter\u00e9s comunitario est\u00e1n parques recreativos, plazas y recuperaci\u00f3n del  espacio p\u00fablico en las tres circunscripciones en que est\u00e1 dividida la ciudad de  Santo Domingo.<br \/>&#13;<br \/>\n  <br \/>&#13;<br \/>\n  Dijo que antes de que la nueva  Ley de Municipios contemplara la aplicaci\u00f3n del presupuesto participativo, esa  ha sido una pol\u00edtica constante del cabildo del Distrito Nacional bajo su administraci\u00f3n.<br \/>&#13;<br \/>\n  <br \/>&#13;<br \/>\nAsegur\u00f3 que los m\u00faltiples  trabajos que desarrolla el ADN a lo interno de los sectores deprimidos del  Distrito Nacional as\u00ed lo demuestran.<\/p>\n<p>&#13;<\/p>\n<p align=\"justify\" class=\"text1noticias\">A\u00f1adi\u00f3 que la mayor\u00eda de los  trabajos que el ADN desarrolla al interior de los barrios son fruto del consenso  con los dirigentes comunitarios y de juntas de vecinos, quienes sugieren las  obras prioritarias para sus sectores.<br \/>&#13;<br \/>\n  <br \/>&#13;<br \/>\n\u00abHemos estado aplicando de  manera informal este presupuesto participativo en los barrios, ya que todas las  obras del ADN en los barrios son consultadas con los dirigentes comunitarios\u201d,  dijo.<br \/>&#13;<br \/>\n<br \/>&#13;<br \/>\nAl referirse a los recursos que  reciben los cabildos, Salcedo adelant\u00f3 que esta semana todos los alcaldes del  pa\u00eds sostendr\u00e1n un encuentro con el Presidente Leonel Fern\u00e1ndez, con el  objetivo de iniciar las conversaciones para que a partir del 2008 a los ayuntamientos se  les asigne el 10% del Presupuesto\u00a0 de la naci\u00f3n que les corresponde por  ley.<br \/>&#13;<br \/>\n<br \/>&#13;<br \/>\nDeclar\u00f3 que todas las condiciones  est\u00e1n dadas, partiendo de la receptividad mostrada por el mandatario, para que  a partir del pr\u00f3ximo a\u00f1o los municipios reciban el porcentaje de recursos  estipulado en la ley.<br \/>&#13;<br \/>\n<br \/>&#13;<br \/>\n\u201cYo creo que esto debe producirse  dentro de un marco de conversaci\u00f3n, y creo que se va a producir esta semana, un  marco de conversaci\u00f3n con el se\u00f1or Presidente de la Rep\u00fablica, con el  gobierno central, de forma y manera que la aplicaci\u00f3n de esta ley se haga  efectiva\u201d, declar\u00f3.<br \/>&#13;<br \/>\n<br \/>&#13;<br \/>\nSalcedo manifest\u00f3 que actualmente  la Alcald\u00eda  de la Capital  necesita de unos 300 millones de pesos mensuales adicionales para poder atender  todas las necesidades de los mun\u00edcipes de Santo Domingo.<br \/>&#13;<br \/>\n<br \/>&#13;<br \/>\nEn otro orden, \u00a0declar\u00f3 que el ADN se ha visto compelido a  comprar propiedades en sectores de alta vulnerabilidad en la Ciudad de Santo Domingo,  con el objetivo de generar espacios p\u00fablicos y reducir los niveles de  hacinamiento que se destacan en esas zonas.<br \/>&#13;<br \/>\n<br \/>&#13;<br \/>\nPuso como el ejemplo el sector La Chorrera, en Manganagua,  donde el ADN tuvo que adquirir unas doce humildes casas levantadas en la misma  desembocadura de una ca\u00f1ada, para posibilitar la construcci\u00f3n de un parque  recreativo y mitigar los altos niveles de contaminaci\u00f3n.<br \/>&#13;<br \/>\n<br \/>&#13;<br \/>\n\u201cY hemos tenido que comprar all\u00ed  una cantidad de viviendas para que los ni\u00f1os tengan un \u00e1rea donde recrearse y  los ancianos un espacio donde jugar su domin\u00f3\u201d, manifest\u00f3 el alcalde.<br \/>&#13;<br \/>\n<br \/>&#13;<br \/>\nDijo que constituye un reto para  el Ayuntamiento del Distrito Nacional intervenir las zonas m\u00e1s vulnerables de la Capital, espec\u00edficamente  las riberas de los r\u00edos, con el objetivo de sanear todos esos entornos y elevar  la calidad de vida de esos mun\u00edcipes.<br \/>&#13;<br \/>\n<br \/>&#13;<br \/>\nDijo que adem\u00e1s el cabildo tiene  proyectado para el pr\u00f3ximo a\u00f1o habilitar espacios p\u00fablicos recreativos en esos  puntos de alta sensibilidad, para que esas familias compartan sanamente.<br \/>&#13;<br \/>\n<br \/>&#13;<br \/>\n\u201cDe igual manera estamos  aplicando el programa de recuperaci\u00f3n en La Agustinita, en Cristo  Rey, que tambi\u00e9n tienen \u00e1reas de alta sensibilidad\u201d, dijo.<br \/>&#13;<br \/>\n<br \/>&#13;<br \/>\nSostuvo que la Alcald\u00eda tiene el gran  reto de regular el crecimiento vertical descontrolado en la Ciudad, para lo que dotar\u00e1  a la Direcci\u00f3n  de Planeamiento Urbano de una normativa que le permitir\u00e1 detener la  construcci\u00f3n de torres en lugares inadecuados.<br \/>&#13;<br \/>\n<br \/>&#13;<br \/>\n\u201cQue si usted adquiere una  vivienda de un nivel en un lugar, que usted sepa que a los dos d\u00edas no le van a  construir un edificio, ya que eso producir\u00eda una caos\u201d, subray\u00f3.<br \/>&#13;<br \/>\n<br \/>&#13;<br \/>\nPuntualiz\u00f3 que la Alcald\u00eda procura  establecer una estructura que le permita a la Ciudad continuar con su  proceso de desarrollo, sin que ese crecimiento vertical irregular signifique  una traba para ese avance.<\/p>\n<p>&#13;<\/p>\n<h6> 2007-11-27 14:33:44 <\/h6>\n<p><!--\n<link rel=\"stylesheet\" href=\"css\/bootstrap.min.css\">\n\n\n<ul class=\"pagination\">\n\t    \n\t\n\n<li >\n\t<a href='?page_no=34671'>Previous<\/a>\n\t<\/li>\n\n\n       \n    \n\n<li><a href='?page_no=1'>1<\/a><\/li>\n\n\n\n<li><a href='?page_no=2'>2<\/a><\/li>\n\n\n\n<li><a>...<\/a><\/li>\n\n\n\n<li><a href='?page_no=34670'>34670<\/a><\/li>\n\n\n\n<li><a href='?page_no=34671'>34671<\/a><\/li>\n\n\n\n<li class='active'><a>34672<\/a><\/li>\n\n\n\n<li><a href='?page_no=34673'>34673<\/a><\/li>\n\n\n\n<li><a href='?page_no=34674'>34674<\/a><\/li>\n\n\n\n<li><a>...<\/a><\/li>\n\n\n\n<li><a href='?page_no=36999'>36999<\/a><\/li>\n\n\n\n<li><a href='?page_no=37000'>37000<\/a><\/li>\n\n    \n\t\n\n<li >\n\t<a href='?page_no=34673'>Next<\/a>\n\t<\/li>\n\n\n    \n\n<li><a href='?page_no=37000'>Last &rsaquo;&rsaquo;<\/a><\/li>\n\n<\/ul>\n\n\n--><br \/>\n<\/body><\/p>\n","protected":false},"excerpt":{"rendered":"<p>Salcedo destaca trabajos participativos del Ayuntamiento &#13; SANTO DOMINGO.- El s\u00edndico Roberto Salcedo consider\u00f3 que como parte de la puesta en pr\u00e1ctica\u00a0del presupuesto participativo, el Ayuntamiento del Distrito Nacional coordinar\u00e1 esta semana con las federaciones y la confederaci\u00f3n de Juntas de Vecinos las partidas que se destinar\u00e1n en la construcci\u00f3n y reconstrucci\u00f3n de obras.&#13; &#13; [&hellip;]<\/p>\n","protected":false},"author":3,"featured_media":0,"comment_status":"open","ping_status":"open","sticky":false,"template":"","format":"standard","meta":{"footnotes":""},"categories":[22],"tags":[],"class_list":["post-191924","post","type-post","status-publish","format-standard","hentry","category-politica"],"_links":{"self":[{"href":"https:\/\/diariodominicano.com\/index.php?rest_route=\/wp\/v2\/posts\/191924","targetHints":{"allow":["GET"]}}],"collection":[{"href":"https:\/\/diariodominicano.com\/index.php?rest_route=\/wp\/v2\/posts"}],"about":[{"href":"https:\/\/diariodominicano.com\/index.php?rest_route=\/wp\/v2\/types\/post"}],"author":[{"embeddable":true,"href":"https:\/\/diariodominicano.com\/index.php?rest_route=\/wp\/v2\/users\/3"}],"replies":[{"embeddable":true,"href":"https:\/\/diariodominicano.com\/index.php?rest_route=%2Fwp%2Fv2%2Fcomments&post=191924"}],"version-history":[{"count":0,"href":"https:\/\/diariodominicano.com\/index.php?rest_route=\/wp\/v2\/posts\/191924\/revisions"}],"wp:attachment":[{"href":"https:\/\/diariodominicano.com\/index.php?rest_route=%2Fwp%2Fv2%2Fmedia&parent=191924"}],"wp:term":[{"taxonomy":"category","embeddable":true,"href":"https:\/\/diariodominicano.com\/index.php?rest_route=%2Fwp%2Fv2%2Fcategories&post=191924"},{"taxonomy":"post_tag","embeddable":true,"href":"https:\/\/diariodominicano.com\/index.php?rest_route=%2Fwp%2Fv2%2Ftags&post=191924"}],"curies":[{"name":"wp","href":"https:\/\/api.w.org\/{rel}","templated":true}]}}