{"id":191923,"date":"2007-11-27T14:39:58","date_gmt":"2007-11-27T14:39:58","guid":{"rendered":"http:\/\/diariodominicano.ddns.net\/?p=191923"},"modified":"2007-11-27T14:39:58","modified_gmt":"2007-11-27T14:39:58","slug":"cristina-lizardo-favorece-reforma-constitucional-integral","status":"publish","type":"post","link":"https:\/\/diariodominicano.com\/?p=191923","title":{"rendered":"Cristina Lizardo favorece reforma constitucional integral"},"content":{"rendered":"<p><body><\/p>\n<p class=\"titulogrande1\">Cristina  Lizardo favorece reforma constitucional integral<\/p>\n<p>&#13;<\/p>\n<p align=\"justify\" class=\"text1noticias\"><strong>Santo Domingo.-<\/strong> La Vicepresidenta del  Senado de la Rep\u00fablica\u00a0 se mostr\u00f3 de acuerdo con una reforma  constitucional integral y aclar\u00f3 que en el Senado no se ha depositado ninguna  propuesta sobre el tema.<\/p>\n<p>&#13;<\/p>\n<p align=\"justify\" class=\"text1noticias\">Cristiana LIzardo afirm\u00f3 que  el pa\u00eds est\u00e1 involucrado en otros temas de la agenda nacional que requieren  especial atenci\u00f3n.<\/p>\n<p>&#13;<\/p>\n<p align=\"justify\" class=\"text1noticias\">Lizardo tambi\u00e9n dio a conocer  la realizaci\u00f3n de conferencias sobre Reformas Constitucionales.<\/p>\n<p>&#13;<\/p>\n<p align=\"justify\" class=\"text1noticias\">La apertura y las conferencias  se llevar\u00e1n a cabo a partir de las 10:00 de la ma\u00f1ana en los salones de la Asamblea Nacional.  Las mismas estaban pautadas para\u00a0principios del mes de noviembre, pero fueron aplazadas por el paso de la  tormenta Noe.<\/p>\n<p>&#13;<\/p>\n<p align=\"justify\" class=\"text1noticias\">Estas jornadas incluyen un  debate sobre temas constitucionales con la intervenci\u00f3n del presidente de la  comisi\u00f3n Presidencial de Efem\u00e9rides Patrias, Juan Daniel Balc\u00e1cer, y de los  abogados constitucionalistas Milton Ray Guevara y Eduardo Jorge Prats.<\/p>\n<p>&#13;<\/p>\n<p align=\"justify\" class=\"text1noticias\">Balc\u00e1cer abordar\u00e1 el tema  \u00abEvoluci\u00f3n, Constituci\u00f3n y Planteamiento hacia una Reforma\u00a0 Constitucional\u00bb, mientras que en su  intervenci\u00f3n el doctor hablar\u00e1 sobre \u00abUna Constituci\u00f3n sin Trauma\u00bb. <\/p>\n<p>&#13;<\/p>\n<p align=\"justify\" class=\"text1noticias\">Sobre la participaci\u00f3n en  estas jornadas constitucionales de alumnos pertenecientes a varios planteles escolares,\u00a0 la Vicepresidenta del Senado inform\u00f3 que se pretende  que a lo largo de todo el a\u00f1o 2008 las puertas del Congreso Nacional est\u00e9n  abiertas a los estudiantes dominicanos.<\/p>\n<p>&#13;<\/p>\n<p align=\"justify\" class=\"text1noticias\">\u00abCon esto buscamos que  nuestros estudiantes reciban charlas, folletos y otras expresiones de  reafirmaci\u00f3n y apoyo a nuestra constituci\u00f3n\u00bb, dijo.<\/p>\n<p>&#13;<\/p>\n<h6> 2007-11-27 14:39:58 <\/h6>\n<p><!--\n<link rel=\"stylesheet\" href=\"css\/bootstrap.min.css\">\n\n\n<ul class=\"pagination\">\n\t    \n\t\n\n<li >\n\t<a href='?page_no=34670'>Previous<\/a>\n\t<\/li>\n\n\n       \n    \n\n<li><a href='?page_no=1'>1<\/a><\/li>\n\n\n\n<li><a href='?page_no=2'>2<\/a><\/li>\n\n\n\n<li><a>...<\/a><\/li>\n\n\n\n<li><a href='?page_no=34669'>34669<\/a><\/li>\n\n\n\n<li><a href='?page_no=34670'>34670<\/a><\/li>\n\n\n\n<li class='active'><a>34671<\/a><\/li>\n\n\n\n<li><a href='?page_no=34672'>34672<\/a><\/li>\n\n\n\n<li><a href='?page_no=34673'>34673<\/a><\/li>\n\n\n\n<li><a>...<\/a><\/li>\n\n\n\n<li><a href='?page_no=36999'>36999<\/a><\/li>\n\n\n\n<li><a href='?page_no=37000'>37000<\/a><\/li>\n\n    \n\t\n\n<li >\n\t<a href='?page_no=34672'>Next<\/a>\n\t<\/li>\n\n\n    \n\n<li><a href='?page_no=37000'>Last &rsaquo;&rsaquo;<\/a><\/li>\n\n<\/ul>\n\n\n--><br \/>\n<\/body><\/p>\n","protected":false},"excerpt":{"rendered":"<p>Cristina Lizardo favorece reforma constitucional integral &#13; Santo Domingo.- La Vicepresidenta del Senado de la Rep\u00fablica\u00a0 se mostr\u00f3 de acuerdo con una reforma constitucional integral y aclar\u00f3 que en el Senado no se ha depositado ninguna propuesta sobre el tema. &#13; Cristiana LIzardo afirm\u00f3 que el pa\u00eds est\u00e1 involucrado en otros temas de la agenda [&hellip;]<\/p>\n","protected":false},"author":3,"featured_media":0,"comment_status":"open","ping_status":"open","sticky":false,"template":"","format":"standard","meta":{"footnotes":""},"categories":[22],"tags":[],"class_list":["post-191923","post","type-post","status-publish","format-standard","hentry","category-politica"],"_links":{"self":[{"href":"https:\/\/diariodominicano.com\/index.php?rest_route=\/wp\/v2\/posts\/191923","targetHints":{"allow":["GET"]}}],"collection":[{"href":"https:\/\/diariodominicano.com\/index.php?rest_route=\/wp\/v2\/posts"}],"about":[{"href":"https:\/\/diariodominicano.com\/index.php?rest_route=\/wp\/v2\/types\/post"}],"author":[{"embeddable":true,"href":"https:\/\/diariodominicano.com\/index.php?rest_route=\/wp\/v2\/users\/3"}],"replies":[{"embeddable":true,"href":"https:\/\/diariodominicano.com\/index.php?rest_route=%2Fwp%2Fv2%2Fcomments&post=191923"}],"version-history":[{"count":0,"href":"https:\/\/diariodominicano.com\/index.php?rest_route=\/wp\/v2\/posts\/191923\/revisions"}],"wp:attachment":[{"href":"https:\/\/diariodominicano.com\/index.php?rest_route=%2Fwp%2Fv2%2Fmedia&parent=191923"}],"wp:term":[{"taxonomy":"category","embeddable":true,"href":"https:\/\/diariodominicano.com\/index.php?rest_route=%2Fwp%2Fv2%2Fcategories&post=191923"},{"taxonomy":"post_tag","embeddable":true,"href":"https:\/\/diariodominicano.com\/index.php?rest_route=%2Fwp%2Fv2%2Ftags&post=191923"}],"curies":[{"name":"wp","href":"https:\/\/api.w.org\/{rel}","templated":true}]}}