{"id":191921,"date":"2007-11-27T15:18:40","date_gmt":"2007-11-27T15:18:40","guid":{"rendered":"http:\/\/diariodominicano.ddns.net\/?p=191921"},"modified":"2007-11-27T15:18:40","modified_gmt":"2007-11-27T15:18:40","slug":"podrian-escoger-este-martes-defensor-del-pueblo","status":"publish","type":"post","link":"https:\/\/diariodominicano.com\/?p=191921","title":{"rendered":"Podr\u00edan escoger este martes Defensor del Pueblo"},"content":{"rendered":"<p><body><\/p>\n<p class=\"titulogrande1\">Podr\u00edan  escoger este martes Defensor del Pueblo<\/p>\n<p>&#13;<\/p>\n<p align=\"justify\" class=\"text1noticias\"><strong>Santo Domingo.-<\/strong> El presidente  de la Comisi\u00f3n  de Justicia de la C\u00e1mara  de Diputados inform\u00f3 que la misma fue convocada para este martes, con el  prop\u00f3sito de seleccionar la terna que presentar\u00e1n al hemiciclo para escoger  al Defensor del Pueblo.<br \/>&#13;<br \/>\n  \u00a0<br \/>&#13;<br \/>\n  Julio Horton Espinal explic\u00f3\u00a0 que\u00a0 en la reuni\u00f3n\u00a0 se buscar\u00e1 un  criterio m\u00e1s definido\u00a0 sobre las propuestas que sus miembros ofrecer\u00e1n a la C\u00e1mara de Diputados,  \u00abporque si no es en la actual legislatura que est\u00e1 prorrogada\u00a0 hasta  el mes de enero, estar\u00edamos ya en condiciones a principio de la pr\u00f3xima\u00a0  de presentar el informe\u00bb.<br \/>&#13;<br \/>\n  \u00a0<br \/>&#13;<br \/>\n  La ley 19-01 que instituye al Defensor del Pueblo fue sancionada por el  Congreso Nacional en el\u00a0 2001\u00a0 y establece que este deber\u00e1 ser escogido  por las dos terceras partes de la   C\u00e1mara de Diputaos y el Senado. Indic\u00f3\u00a0 que en la  actualidad hay unas 72 personas que aspiran el cargo.<br \/>&#13;<br \/>\n  \u00a0<br \/>&#13;<br \/>\nTambi\u00e9n resalt\u00f3 la importancia del proyecto de su autor\u00eda que regula las  tarjetas de cr\u00e9dito.<\/p>\n<p>&#13;<\/p>\n<p align=\"justify\" class=\"text1noticias\">Se\u00f1al\u00f3 que fue suscrito por nueve  diputados como coproponentes. Dijo que este proyecto \u00abregular\u00e1 todo  un marco jur\u00eddico\u00bb de la relaci\u00f3n contractual entre usuarios,  proveedores\u00a0 y el tarjeta aviente.<br \/>&#13;<br \/>\n\u00a0\u00a0<br \/>&#13;<br \/>\nHorton Garc\u00eda expres\u00f3 que no favorece la despenalizaci\u00f3n del aborto y manifest\u00f3  que la posici\u00f3n de la   Iglesia Cat\u00f3lica es correcta. Adem\u00e1s, se\u00f1al\u00f3 que\u00a0 se  reunir\u00e1 con el Procurador General de la Rep\u00fablica, Radham\u00e9s Jim\u00e9nez\u00a0\u00a0 y el  presidente de la Suprema   Corte de Justicia, Jorge Subero Isa, para conocer sobre el  aumento del presupuesto de la justicia.<\/p>\n<p>&#13;<\/p>\n<h6> 2007-11-27 15:18:40 <\/h6>\n<p><!--\n<link rel=\"stylesheet\" href=\"css\/bootstrap.min.css\">\n\n\n<ul class=\"pagination\">\n\t    \n\t\n\n<li >\n\t<a href='?page_no=34668'>Previous<\/a>\n\t<\/li>\n\n\n       \n    \n\n<li><a href='?page_no=1'>1<\/a><\/li>\n\n\n\n<li><a href='?page_no=2'>2<\/a><\/li>\n\n\n\n<li><a>...<\/a><\/li>\n\n\n\n<li><a href='?page_no=34667'>34667<\/a><\/li>\n\n\n\n<li><a href='?page_no=34668'>34668<\/a><\/li>\n\n\n\n<li class='active'><a>34669<\/a><\/li>\n\n\n\n<li><a href='?page_no=34670'>34670<\/a><\/li>\n\n\n\n<li><a href='?page_no=34671'>34671<\/a><\/li>\n\n\n\n<li><a>...<\/a><\/li>\n\n\n\n<li><a href='?page_no=36999'>36999<\/a><\/li>\n\n\n\n<li><a href='?page_no=37000'>37000<\/a><\/li>\n\n    \n\t\n\n<li >\n\t<a href='?page_no=34670'>Next<\/a>\n\t<\/li>\n\n\n    \n\n<li><a href='?page_no=37000'>Last &rsaquo;&rsaquo;<\/a><\/li>\n\n<\/ul>\n\n\n--><br \/>\n<\/body><\/p>\n","protected":false},"excerpt":{"rendered":"<p>Podr\u00edan escoger este martes Defensor del Pueblo &#13; Santo Domingo.- El presidente de la Comisi\u00f3n de Justicia de la C\u00e1mara de Diputados inform\u00f3 que la misma fue convocada para este martes, con el prop\u00f3sito de seleccionar la terna que presentar\u00e1n al hemiciclo para escoger al Defensor del Pueblo.&#13; \u00a0&#13; Julio Horton Espinal explic\u00f3\u00a0 que\u00a0 en [&hellip;]<\/p>\n","protected":false},"author":3,"featured_media":0,"comment_status":"open","ping_status":"open","sticky":false,"template":"","format":"standard","meta":{"footnotes":""},"categories":[22],"tags":[],"class_list":["post-191921","post","type-post","status-publish","format-standard","hentry","category-politica"],"_links":{"self":[{"href":"https:\/\/diariodominicano.com\/index.php?rest_route=\/wp\/v2\/posts\/191921","targetHints":{"allow":["GET"]}}],"collection":[{"href":"https:\/\/diariodominicano.com\/index.php?rest_route=\/wp\/v2\/posts"}],"about":[{"href":"https:\/\/diariodominicano.com\/index.php?rest_route=\/wp\/v2\/types\/post"}],"author":[{"embeddable":true,"href":"https:\/\/diariodominicano.com\/index.php?rest_route=\/wp\/v2\/users\/3"}],"replies":[{"embeddable":true,"href":"https:\/\/diariodominicano.com\/index.php?rest_route=%2Fwp%2Fv2%2Fcomments&post=191921"}],"version-history":[{"count":0,"href":"https:\/\/diariodominicano.com\/index.php?rest_route=\/wp\/v2\/posts\/191921\/revisions"}],"wp:attachment":[{"href":"https:\/\/diariodominicano.com\/index.php?rest_route=%2Fwp%2Fv2%2Fmedia&parent=191921"}],"wp:term":[{"taxonomy":"category","embeddable":true,"href":"https:\/\/diariodominicano.com\/index.php?rest_route=%2Fwp%2Fv2%2Fcategories&post=191921"},{"taxonomy":"post_tag","embeddable":true,"href":"https:\/\/diariodominicano.com\/index.php?rest_route=%2Fwp%2Fv2%2Ftags&post=191921"}],"curies":[{"name":"wp","href":"https:\/\/api.w.org\/{rel}","templated":true}]}}