{"id":191920,"date":"2007-11-27T15:23:27","date_gmt":"2007-11-27T15:23:27","guid":{"rendered":"http:\/\/diariodominicano.ddns.net\/?p=191920"},"modified":"2007-11-27T15:23:27","modified_gmt":"2007-11-27T15:23:27","slug":"jaime-david-dice-leonel-ha-reducido-los-niveles-de-pobreza","status":"publish","type":"post","link":"https:\/\/diariodominicano.com\/?p=191920","title":{"rendered":"Jaime David dice Leonel ha reducido los niveles de pobreza"},"content":{"rendered":"<p><body><\/p>\n<p class=\"titulogrande1\">Jaime  David dice Leonel ha reducido los niveles de pobreza<\/p>\n<p>&#13;<\/p>\n<p align=\"justify\" class=\"text1noticias\"><strong>Santo Domingo.-<\/strong> El ex  vicepresidente Jaime David Fern\u00e1ndez Mirabal\u00a0afirm\u00f3 que el Gobierno del presidente Leonel Fern\u00e1ndez\u00a0 ha reducido los niveles de pobreza que  encontr\u00f3 en el pa\u00eds en el 2004.<\/p>\n<p>&#13;<\/p>\n<p align=\"justify\" class=\"text1noticias\">Fern\u00e1ndez Mirabal \u00a0hizo la aseveraci\u00f3n tras aclarar que la  pobreza dejada al descubierto por la pasada tormenta tropical no ha sido  provocada por esta gesti\u00f3n de gobierno.<\/p>\n<p>&#13;<\/p>\n<p align=\"justify\" class=\"text1noticias\">Consider\u00f3 que los sectores de  la sociedad dominicana deben trabajar mancomunadamente para mejorar la  situaci\u00f3n de los empobrecidos.<\/p>\n<p>&#13;<\/p>\n<p align=\"justify\" class=\"text1noticias\">Propuso que los partidos  pol\u00edticos, conjuntamente con la Junta Central Electoral, a\u00fanen esfuerzos para  dotar de identidad a miles de dominicanos que no tienen acta de nacimiento, por  lo que no pueden ejercer ninguna actividad p\u00fablica ni econ\u00f3mica.<\/p>\n<p>&#13;<\/p>\n<p align=\"justify\" class=\"text1noticias\">Inform\u00f3 que trabaja en su  provincia, Hermanas Mirabal, para conseguir esa\u00a0  documentaci\u00f3n a diez mil habitantes que carecen de ella.<\/p>\n<p>&#13;<\/p>\n<h6> 2007-11-27 15:23:27 <\/h6>\n<p><!--\n<link rel=\"stylesheet\" href=\"css\/bootstrap.min.css\">\n\n\n<ul class=\"pagination\">\n\t    \n\t\n\n<li >\n\t<a href='?page_no=34667'>Previous<\/a>\n\t<\/li>\n\n\n       \n    \n\n<li><a href='?page_no=1'>1<\/a><\/li>\n\n\n\n<li><a href='?page_no=2'>2<\/a><\/li>\n\n\n\n<li><a>...<\/a><\/li>\n\n\n\n<li><a href='?page_no=34666'>34666<\/a><\/li>\n\n\n\n<li><a href='?page_no=34667'>34667<\/a><\/li>\n\n\n\n<li class='active'><a>34668<\/a><\/li>\n\n\n\n<li><a href='?page_no=34669'>34669<\/a><\/li>\n\n\n\n<li><a href='?page_no=34670'>34670<\/a><\/li>\n\n\n\n<li><a>...<\/a><\/li>\n\n\n\n<li><a href='?page_no=36999'>36999<\/a><\/li>\n\n\n\n<li><a href='?page_no=37000'>37000<\/a><\/li>\n\n    \n\t\n\n<li >\n\t<a href='?page_no=34669'>Next<\/a>\n\t<\/li>\n\n\n    \n\n<li><a href='?page_no=37000'>Last &rsaquo;&rsaquo;<\/a><\/li>\n\n<\/ul>\n\n\n--><br \/>\n<\/body><\/p>\n","protected":false},"excerpt":{"rendered":"<p>Jaime David dice Leonel ha reducido los niveles de pobreza &#13; Santo Domingo.- El ex vicepresidente Jaime David Fern\u00e1ndez Mirabal\u00a0afirm\u00f3 que el Gobierno del presidente Leonel Fern\u00e1ndez\u00a0 ha reducido los niveles de pobreza que encontr\u00f3 en el pa\u00eds en el 2004. &#13; Fern\u00e1ndez Mirabal \u00a0hizo la aseveraci\u00f3n tras aclarar que la pobreza dejada al descubierto [&hellip;]<\/p>\n","protected":false},"author":3,"featured_media":0,"comment_status":"open","ping_status":"open","sticky":false,"template":"","format":"standard","meta":{"footnotes":""},"categories":[22],"tags":[],"class_list":["post-191920","post","type-post","status-publish","format-standard","hentry","category-politica"],"_links":{"self":[{"href":"https:\/\/diariodominicano.com\/index.php?rest_route=\/wp\/v2\/posts\/191920","targetHints":{"allow":["GET"]}}],"collection":[{"href":"https:\/\/diariodominicano.com\/index.php?rest_route=\/wp\/v2\/posts"}],"about":[{"href":"https:\/\/diariodominicano.com\/index.php?rest_route=\/wp\/v2\/types\/post"}],"author":[{"embeddable":true,"href":"https:\/\/diariodominicano.com\/index.php?rest_route=\/wp\/v2\/users\/3"}],"replies":[{"embeddable":true,"href":"https:\/\/diariodominicano.com\/index.php?rest_route=%2Fwp%2Fv2%2Fcomments&post=191920"}],"version-history":[{"count":0,"href":"https:\/\/diariodominicano.com\/index.php?rest_route=\/wp\/v2\/posts\/191920\/revisions"}],"wp:attachment":[{"href":"https:\/\/diariodominicano.com\/index.php?rest_route=%2Fwp%2Fv2%2Fmedia&parent=191920"}],"wp:term":[{"taxonomy":"category","embeddable":true,"href":"https:\/\/diariodominicano.com\/index.php?rest_route=%2Fwp%2Fv2%2Fcategories&post=191920"},{"taxonomy":"post_tag","embeddable":true,"href":"https:\/\/diariodominicano.com\/index.php?rest_route=%2Fwp%2Fv2%2Ftags&post=191920"}],"curies":[{"name":"wp","href":"https:\/\/api.w.org\/{rel}","templated":true}]}}