{"id":191919,"date":"2007-11-27T15:37:51","date_gmt":"2007-11-27T15:37:51","guid":{"rendered":"http:\/\/diariodominicano.ddns.net\/?p=191919"},"modified":"2007-11-27T15:37:51","modified_gmt":"2007-11-27T15:37:51","slug":"dirigente-peledeista-afirma-pld-sigue-firme-en-las-preferencias-de-la-poblacion","status":"publish","type":"post","link":"https:\/\/diariodominicano.com\/?p=191919","title":{"rendered":"Dirigente peledeista afirma PLD sigue firme en las preferencias de la poblaci\u00f3n"},"content":{"rendered":"<p><body><\/p>\n<p align=\"justify\" class=\"titulogrande1\"><strong>Dirigente peledeista afirma PLD sigue firme en las  preferencias de la poblaci\u00f3n<\/strong><\/p>\n<p>&#13;<\/p>\n<p align=\"justify\" class=\"text1noticias\"><strong><img loading=\"lazy\" decoding=\"async\" src=\"http:\/\/localhost:8080\/pictures\/felucho jimenez.jpg\" width=\"269\" height=\"292\" hspace=\"4\" align=\"left\" \/>SANTO  DOMINGO.-<\/strong> El dirigente peledeista, F\u00e9lix Jim\u00e9nez afirm\u00f3 este martes que la candidatura  del presidente del Partido de la Liberaci\u00f3n Dominicana,  (PLD), Leonel Fern\u00e1ndez sigue puntera en la preferencia del electorado, ante el  declive o estancamiento de las dem\u00e1s aspiraciones de la oposici\u00f3n, en especial  la del PRD, que seg\u00fan \u00e9l, a pesar de m\u00e1s de un a\u00f1o en campa\u00f1a no ha logrado la  m\u00e1s m\u00ednima reacci\u00f3n a su favor.<\/p>\n<p>&#13;<\/p>\n<p align=\"justify\" class=\"text1noticias\">Jim\u00e9nez,  asegur\u00f3 que igual ritmo lleva el PLD a pesar de la tregua que se ha tomado ante  el paso de la tormenta Noel y la llegada de las festividades de fin de a\u00f1o.<\/p>\n<p>&#13;<\/p>\n<p align=\"justify\" class=\"text1noticias\">Dijo  que a\u00fan as\u00ed el partido oficialista mantiene la simpat\u00eda en la poblaci\u00f3n, a  pesar de la crisis a nivel mundial del petr\u00f3leo y los da\u00f1os ocasionados por las  constantes lluvias, que han afectado a miles de dominicanos.<\/p>\n<p>&#13;<\/p>\n<p align=\"justify\" class=\"text1noticias\">Asegur\u00f3  que el PLD va bien, ya que el candidato presidencial del PRD se mantiene  estacado, a pesar de ser el primero en salir en campa\u00f1a, desde mediados del a\u00f1o  pasado.<\/p>\n<p>&#13;<\/p>\n<p align=\"justify\" class=\"text1noticias\">Jim\u00e9nez  agreg\u00f3 que a pesar de las constantes declaraciones sin sentido del pasado  candidato blanco, Hip\u00f3lito Mej\u00eda, y de su desastre econ\u00f3mico como presidente de  la rep\u00fablica, \u00e9ste mantuvo un \u00edndice de preferencia mayor que el actual  aspirante del PRD.<\/p>\n<p>&#13;<\/p>\n<p align=\"justify\" class=\"text1noticias\">Entrevistado  en el programa de televisi\u00f3n Hoy Mismo, reiter\u00f3 que el partido del jacho  prendio no es m\u00e1s que un fuc\u00fa para la Rep\u00fablica Dominicana,  pues s\u00f3lo hace subir al poder para dejar a su paso crisis econ\u00f3mica y desestabilizad  a todos los niveles.<\/p>\n<p>&#13;<\/p>\n<h6> 2007-11-27 15:37:51 <\/h6>\n<p><!--\n<link rel=\"stylesheet\" href=\"css\/bootstrap.min.css\">\n\n\n<ul class=\"pagination\">\n\t    \n\t\n\n<li >\n\t<a href='?page_no=34666'>Previous<\/a>\n\t<\/li>\n\n\n       \n    \n\n<li><a href='?page_no=1'>1<\/a><\/li>\n\n\n\n<li><a href='?page_no=2'>2<\/a><\/li>\n\n\n\n<li><a>...<\/a><\/li>\n\n\n\n<li><a href='?page_no=34665'>34665<\/a><\/li>\n\n\n\n<li><a href='?page_no=34666'>34666<\/a><\/li>\n\n\n\n<li class='active'><a>34667<\/a><\/li>\n\n\n\n<li><a href='?page_no=34668'>34668<\/a><\/li>\n\n\n\n<li><a href='?page_no=34669'>34669<\/a><\/li>\n\n\n\n<li><a>...<\/a><\/li>\n\n\n\n<li><a href='?page_no=36999'>36999<\/a><\/li>\n\n\n\n<li><a href='?page_no=37000'>37000<\/a><\/li>\n\n    \n\t\n\n<li >\n\t<a href='?page_no=34668'>Next<\/a>\n\t<\/li>\n\n\n    \n\n<li><a href='?page_no=37000'>Last &rsaquo;&rsaquo;<\/a><\/li>\n\n<\/ul>\n\n\n--><br \/>\n<\/body><\/p>\n","protected":false},"excerpt":{"rendered":"<p>Dirigente peledeista afirma PLD sigue firme en las preferencias de la poblaci\u00f3n &#13; SANTO DOMINGO.- El dirigente peledeista, F\u00e9lix Jim\u00e9nez afirm\u00f3 este martes que la candidatura del presidente del Partido de la Liberaci\u00f3n Dominicana, (PLD), Leonel Fern\u00e1ndez sigue puntera en la preferencia del electorado, ante el declive o estancamiento de las dem\u00e1s aspiraciones de la [&hellip;]<\/p>\n","protected":false},"author":3,"featured_media":0,"comment_status":"open","ping_status":"open","sticky":false,"template":"","format":"standard","meta":{"footnotes":""},"categories":[22],"tags":[],"class_list":["post-191919","post","type-post","status-publish","format-standard","hentry","category-politica"],"_links":{"self":[{"href":"https:\/\/diariodominicano.com\/index.php?rest_route=\/wp\/v2\/posts\/191919","targetHints":{"allow":["GET"]}}],"collection":[{"href":"https:\/\/diariodominicano.com\/index.php?rest_route=\/wp\/v2\/posts"}],"about":[{"href":"https:\/\/diariodominicano.com\/index.php?rest_route=\/wp\/v2\/types\/post"}],"author":[{"embeddable":true,"href":"https:\/\/diariodominicano.com\/index.php?rest_route=\/wp\/v2\/users\/3"}],"replies":[{"embeddable":true,"href":"https:\/\/diariodominicano.com\/index.php?rest_route=%2Fwp%2Fv2%2Fcomments&post=191919"}],"version-history":[{"count":0,"href":"https:\/\/diariodominicano.com\/index.php?rest_route=\/wp\/v2\/posts\/191919\/revisions"}],"wp:attachment":[{"href":"https:\/\/diariodominicano.com\/index.php?rest_route=%2Fwp%2Fv2%2Fmedia&parent=191919"}],"wp:term":[{"taxonomy":"category","embeddable":true,"href":"https:\/\/diariodominicano.com\/index.php?rest_route=%2Fwp%2Fv2%2Fcategories&post=191919"},{"taxonomy":"post_tag","embeddable":true,"href":"https:\/\/diariodominicano.com\/index.php?rest_route=%2Fwp%2Fv2%2Ftags&post=191919"}],"curies":[{"name":"wp","href":"https:\/\/api.w.org\/{rel}","templated":true}]}}