{"id":191918,"date":"2007-11-27T23:16:03","date_gmt":"2007-11-27T23:16:03","guid":{"rendered":"http:\/\/diariodominicano.ddns.net\/?p=191918"},"modified":"2007-11-27T23:16:03","modified_gmt":"2007-11-27T23:16:03","slug":"antun-acusa-gobierno-usar-medios-intervenidos-contra-amable-aristy","status":"publish","type":"post","link":"https:\/\/diariodominicano.com\/?p=191918","title":{"rendered":"Ant\u00fan acusa Gobierno usar medios intervenidos contra Amable Aristy"},"content":{"rendered":"<p><body><\/p>\n<p align=\"justify\" class=\"titulogrande1\"><strong>Ant\u00fan acusa Gobierno usar  medios<\/strong> <strong>intervenidos contra Amable  Aristy <\/strong><\/p>\n<p>&#13;<\/p>\n<p align=\"justify\" class=\"text1noticias\"><strong><img loading=\"lazy\" decoding=\"async\" src=\"http:\/\/localhost:8080\/pictures\/quique antun.jpg\" width=\"269\" height=\"196\" hspace=\"4\" align=\"left\" \/>Santo Domingo.-<\/strong> El  presidente del Partido Reformista Social Cristiano (PRSC), Federico Ant\u00fan  Batlle, denunci\u00f3 que el gobierno desesperado por el descenso de la popularidad  del presidente Leonel Fern\u00e1ndez\u00a0 utiliza  de manera abusiva los medios de comunicaci\u00f3n intervenidos por el caso Baninter  en prejuicio del candidato Amable Aristy Castro.<\/p>\n<p>&#13;<\/p>\n<p align=\"justify\" class=\"text1noticias\">Afirm\u00f3 que esos  medios de comunicaci\u00f3n cometen \u201ctodo tipo de agresi\u00f3n\u201d contra las  organizaciones de oposici\u00f3n y de manera grosera contra el PRSC.<\/p>\n<p>&#13;<\/p>\n<p align=\"justify\" class=\"text1noticias\">&#13;<br \/>\nAgreg\u00f3 que \u201cel  gobierno y el Partido de la Liberaci\u00f3n   Dominicana (PLD) no soportan el ascenso vertiginoso de la  candidatura de Amable Aristy, por lo que est\u00e1n reaccionando con actitudes  antidemocr\u00e1ticas como utilizar canales de televisi\u00f3n y emisoras bajo su control  para confundir al electorado y a la militancia de nuestro partido\u201d.<\/p>\n<p>&#13;<\/p>\n<p align=\"justify\" class=\"text1noticias\">Sostuvo que en  esta acci\u00f3n provocadora su principal objetivo es desnaturalizar la realidad del  Partido Reformista Social Cristiano, \u201cintentando vanamente frenar lo que todas  las encuestas indican, y es que el 16 de mayo ser\u00e1n derrotados por el PRSC\u201d.<\/p>\n<p>&#13;<\/p>\n<p align=\"justify\" class=\"text1noticias\">Explic\u00f3 que el  caso m\u00e1s reciente de este tipo de atropello lo constituye la informaci\u00f3n  difundidas por \u201cNoticentro\u201d, del canal 13, RNN, canal 27, y otros medios  controlados por el gobierno de que el senador por El\u00edas Pi\u00f1a, Adriano S\u00e1nchez  Roa, y el ex pre-candidato presidencial Lu\u00eds Toral hab\u00edan renunciado del  Partido Reformista para apoyar la reelecci\u00f3n de Leonel Fern\u00e1ndez.<\/p>\n<p>&#13;<\/p>\n<p align=\"justify\" class=\"text1noticias\">\u201cY se trata de  una noticia totalmente falsa, que a todas luces solo busca perjudicar a nuestra  organizaci\u00f3n\u201d, dijo.<\/p>\n<p>&#13;<\/p>\n<p align=\"justify\" class=\"text1noticias\">Afirm\u00f3 que tanto  S\u00e1nchez Roa, vocero de la bancada reformista en el Senado, como el ex  precandidato presidencial Toral C\u00f3rdova se mantienen en el PRSC.<\/p>\n<p>&#13;<\/p>\n<p align=\"justify\" class=\"text1noticias\">El l\u00edder  reformista garantiz\u00f3 que la propagaci\u00f3n de esta y otras falsedades son  orquestadas por sectores del gobierno que utilizan esos medios para difundir  falsas informaciones que crean confusi\u00f3n y distorsionan la verdad.<\/p>\n<p>&#13;<\/p>\n<p align=\"justify\" class=\"text1noticias\">Ant\u00fan Batlle  hizo un llamado a la Junta Central  Electoral a que ponga sus ojos en estas acciones antidemocr\u00e1ticas y tome las  medidas de lugar a los fines de que sean descontinuadas.<\/p>\n<p>&#13;<\/p>\n<p align=\"justify\" class=\"text1noticias\">Adelant\u00f3  asimismo que esa organizaci\u00f3n opositora est\u00e1 elaborando un documento para ser  entregado al pleno del tribunal de elecciones reclamando que cesen esas  practicas \u201cabusivas y antidemocr\u00e1ticas\u201d del gobierno del presidente Leonel  Fern\u00e1ndez.<\/p>\n<p>&#13;<\/p>\n<h6> 2007-11-27 23:16:03 <\/h6>\n<p><!--\n<link rel=\"stylesheet\" href=\"css\/bootstrap.min.css\">\n\n\n<ul class=\"pagination\">\n\t    \n\t\n\n<li >\n\t<a href='?page_no=34665'>Previous<\/a>\n\t<\/li>\n\n\n       \n    \n\n<li><a href='?page_no=1'>1<\/a><\/li>\n\n\n\n<li><a href='?page_no=2'>2<\/a><\/li>\n\n\n\n<li><a>...<\/a><\/li>\n\n\n\n<li><a href='?page_no=34664'>34664<\/a><\/li>\n\n\n\n<li><a href='?page_no=34665'>34665<\/a><\/li>\n\n\n\n<li class='active'><a>34666<\/a><\/li>\n\n\n\n<li><a href='?page_no=34667'>34667<\/a><\/li>\n\n\n\n<li><a href='?page_no=34668'>34668<\/a><\/li>\n\n\n\n<li><a>...<\/a><\/li>\n\n\n\n<li><a href='?page_no=36999'>36999<\/a><\/li>\n\n\n\n<li><a href='?page_no=37000'>37000<\/a><\/li>\n\n    \n\t\n\n<li >\n\t<a href='?page_no=34667'>Next<\/a>\n\t<\/li>\n\n\n    \n\n<li><a href='?page_no=37000'>Last &rsaquo;&rsaquo;<\/a><\/li>\n\n<\/ul>\n\n\n--><br \/>\n<\/body><\/p>\n","protected":false},"excerpt":{"rendered":"<p>Ant\u00fan acusa Gobierno usar medios intervenidos contra Amable Aristy &#13; Santo Domingo.- El presidente del Partido Reformista Social Cristiano (PRSC), Federico Ant\u00fan Batlle, denunci\u00f3 que el gobierno desesperado por el descenso de la popularidad del presidente Leonel Fern\u00e1ndez\u00a0 utiliza de manera abusiva los medios de comunicaci\u00f3n intervenidos por el caso Baninter en prejuicio del candidato [&hellip;]<\/p>\n","protected":false},"author":3,"featured_media":0,"comment_status":"open","ping_status":"open","sticky":false,"template":"","format":"standard","meta":{"footnotes":""},"categories":[22],"tags":[],"class_list":["post-191918","post","type-post","status-publish","format-standard","hentry","category-politica"],"_links":{"self":[{"href":"https:\/\/diariodominicano.com\/index.php?rest_route=\/wp\/v2\/posts\/191918","targetHints":{"allow":["GET"]}}],"collection":[{"href":"https:\/\/diariodominicano.com\/index.php?rest_route=\/wp\/v2\/posts"}],"about":[{"href":"https:\/\/diariodominicano.com\/index.php?rest_route=\/wp\/v2\/types\/post"}],"author":[{"embeddable":true,"href":"https:\/\/diariodominicano.com\/index.php?rest_route=\/wp\/v2\/users\/3"}],"replies":[{"embeddable":true,"href":"https:\/\/diariodominicano.com\/index.php?rest_route=%2Fwp%2Fv2%2Fcomments&post=191918"}],"version-history":[{"count":0,"href":"https:\/\/diariodominicano.com\/index.php?rest_route=\/wp\/v2\/posts\/191918\/revisions"}],"wp:attachment":[{"href":"https:\/\/diariodominicano.com\/index.php?rest_route=%2Fwp%2Fv2%2Fmedia&parent=191918"}],"wp:term":[{"taxonomy":"category","embeddable":true,"href":"https:\/\/diariodominicano.com\/index.php?rest_route=%2Fwp%2Fv2%2Fcategories&post=191918"},{"taxonomy":"post_tag","embeddable":true,"href":"https:\/\/diariodominicano.com\/index.php?rest_route=%2Fwp%2Fv2%2Ftags&post=191918"}],"curies":[{"name":"wp","href":"https:\/\/api.w.org\/{rel}","templated":true}]}}