{"id":191917,"date":"2007-11-28T00:05:51","date_gmt":"2007-11-28T00:05:51","guid":{"rendered":"http:\/\/diariodominicano.ddns.net\/?p=191917"},"modified":"2007-11-28T00:05:51","modified_gmt":"2007-11-28T00:05:51","slug":"obispo-san-francisco-de-macoris-pide-partidos-ajustarse-a-ley-electoral","status":"publish","type":"post","link":"https:\/\/diariodominicano.com\/?p=191917","title":{"rendered":"Obispo San Francisco de Macor\u00eds pide partidos ajustarse a ley electoral"},"content":{"rendered":"<p><body><\/p>\n<p class=\"titulogrande1\">Obispo  San Francisco de Macor\u00eds pide partidos ajustarse a ley electoral<\/p>\n<p>&#13;<\/p>\n<p align=\"justify\" class=\"text1noticias\"><strong>Santo Domingo.-<\/strong> El obispo de la Di\u00f3cesis de la di\u00f3cesis  de San Francisco de Macor\u00eds, Jes\u00fas Mar\u00eda de Jes\u00fas Moya, exhort\u00f3 \u00a0a los partidos pol\u00edticos ajustarse a la ley  electoral y realizar sus actividades proselitistas en el tiempo establecido. <\/p>\n<p>&#13;<\/p>\n<p align=\"justify\" class=\"text1noticias\">Pidi\u00f3 a los candidatos  presidenciales acogerse a una tregua durante las festividades navide\u00f1as y  entrar en un periodo de reflexi\u00f3n. <\/p>\n<p>&#13;<\/p>\n<p align=\"justify\" class=\"text1noticias\">Consider\u00f3 necesario que se  modifique la ley electoral a fin de que el Estado se descargue del  financiamiento a las organizaciones pol\u00edticas.<\/p>\n<p>&#13;<\/p>\n<p align=\"justify\" class=\"text1noticias\">Moya se expres\u00f3 en esos  t\u00e9rminos previo a recibir un reconocimiento por parte de la C\u00e1mara de Diputados por sus  47 a\u00f1os de labor pastoral.\u00a0 <\/p>\n<p>&#13;<\/p>\n<h6> 2007-11-28 00:05:51 <\/h6>\n<p><!--\n<link rel=\"stylesheet\" href=\"css\/bootstrap.min.css\">\n\n\n<ul class=\"pagination\">\n\t    \n\t\n\n<li >\n\t<a href='?page_no=34664'>Previous<\/a>\n\t<\/li>\n\n\n       \n    \n\n<li><a href='?page_no=1'>1<\/a><\/li>\n\n\n\n<li><a href='?page_no=2'>2<\/a><\/li>\n\n\n\n<li><a>...<\/a><\/li>\n\n\n\n<li><a href='?page_no=34663'>34663<\/a><\/li>\n\n\n\n<li><a href='?page_no=34664'>34664<\/a><\/li>\n\n\n\n<li class='active'><a>34665<\/a><\/li>\n\n\n\n<li><a href='?page_no=34666'>34666<\/a><\/li>\n\n\n\n<li><a href='?page_no=34667'>34667<\/a><\/li>\n\n\n\n<li><a>...<\/a><\/li>\n\n\n\n<li><a href='?page_no=36999'>36999<\/a><\/li>\n\n\n\n<li><a href='?page_no=37000'>37000<\/a><\/li>\n\n    \n\t\n\n<li >\n\t<a href='?page_no=34666'>Next<\/a>\n\t<\/li>\n\n\n    \n\n<li><a href='?page_no=37000'>Last &rsaquo;&rsaquo;<\/a><\/li>\n\n<\/ul>\n\n\n--><br \/>\n<\/body><\/p>\n","protected":false},"excerpt":{"rendered":"<p>Obispo San Francisco de Macor\u00eds pide partidos ajustarse a ley electoral &#13; Santo Domingo.- El obispo de la Di\u00f3cesis de la di\u00f3cesis de San Francisco de Macor\u00eds, Jes\u00fas Mar\u00eda de Jes\u00fas Moya, exhort\u00f3 \u00a0a los partidos pol\u00edticos ajustarse a la ley electoral y realizar sus actividades proselitistas en el tiempo establecido. &#13; Pidi\u00f3 a los [&hellip;]<\/p>\n","protected":false},"author":3,"featured_media":0,"comment_status":"open","ping_status":"open","sticky":false,"template":"","format":"standard","meta":{"footnotes":""},"categories":[22],"tags":[],"class_list":["post-191917","post","type-post","status-publish","format-standard","hentry","category-politica"],"_links":{"self":[{"href":"https:\/\/diariodominicano.com\/index.php?rest_route=\/wp\/v2\/posts\/191917","targetHints":{"allow":["GET"]}}],"collection":[{"href":"https:\/\/diariodominicano.com\/index.php?rest_route=\/wp\/v2\/posts"}],"about":[{"href":"https:\/\/diariodominicano.com\/index.php?rest_route=\/wp\/v2\/types\/post"}],"author":[{"embeddable":true,"href":"https:\/\/diariodominicano.com\/index.php?rest_route=\/wp\/v2\/users\/3"}],"replies":[{"embeddable":true,"href":"https:\/\/diariodominicano.com\/index.php?rest_route=%2Fwp%2Fv2%2Fcomments&post=191917"}],"version-history":[{"count":0,"href":"https:\/\/diariodominicano.com\/index.php?rest_route=\/wp\/v2\/posts\/191917\/revisions"}],"wp:attachment":[{"href":"https:\/\/diariodominicano.com\/index.php?rest_route=%2Fwp%2Fv2%2Fmedia&parent=191917"}],"wp:term":[{"taxonomy":"category","embeddable":true,"href":"https:\/\/diariodominicano.com\/index.php?rest_route=%2Fwp%2Fv2%2Fcategories&post=191917"},{"taxonomy":"post_tag","embeddable":true,"href":"https:\/\/diariodominicano.com\/index.php?rest_route=%2Fwp%2Fv2%2Ftags&post=191917"}],"curies":[{"name":"wp","href":"https:\/\/api.w.org\/{rel}","templated":true}]}}