{"id":191916,"date":"2007-11-28T12:27:05","date_gmt":"2007-11-28T12:27:05","guid":{"rendered":"http:\/\/diariodominicano.ddns.net\/?p=191916"},"modified":"2007-11-28T12:27:05","modified_gmt":"2007-11-28T12:27:05","slug":"el-senado-convierte-en-ley-el-proyecto-de-competitividad-e-innovacion-industrial","status":"publish","type":"post","link":"https:\/\/diariodominicano.com\/?p=191916","title":{"rendered":"El Senado convierte en Ley el proyecto de Competitividad e Innovaci\u00f3n Industrial"},"content":{"rendered":"<p><body><\/p>\n<p align=\"justify\" class=\"titulogrande1\">El Senado  convierte en Ley el proyecto de Competitividad e Innovaci\u00f3n Industrial<\/p>\n<p>&#13;<\/p>\n<p align=\"justify\" class=\"text1noticias\"><strong><img loading=\"lazy\" decoding=\"async\" src=\"http:\/\/localhost:8080\/pictures\/senado 1.jpg\" width=\"269\" height=\"184\" hspace=\"4\" align=\"left\" \/>SANTO DOMINGO.-<\/strong> El  Senado convirti\u00f3 este martes en Ley el proyecto de Competitividad e Innovaci\u00f3n  Industrial, al acoger las modificaciones que le hizo la C\u00e1mara de Diputados en la  sesi\u00f3n del 15 de noviembre.<\/p>\n<p>&#13;<\/p>\n<p align=\"justify\" class=\"text1noticias\">La Ley de Competitividad e Innovaci\u00f3n Industrial  tiene por objeto crear un marco institucional y un cuerpo normativo que permita  el desarrollo competitivo de la industria manufacturera del pa\u00eds, transformando  el aparato productivo nacional en un escenario abierto y de alta competencia. <\/p>\n<p>&#13;<\/p>\n<p align=\"justify\" class=\"text1noticias\">En su informe, la  comisi\u00f3n especial que conoc\u00eda las modificaciones destaca que esta iniciativa  es, adem\u00e1s, un instrumento necesario para que Rep\u00fablica Dominicana profundice  su inserci\u00f3n en el comercio mundial y satisfaga las expectativas econ\u00f3micas y  sociales del pueblo. <\/p>\n<p>&#13;<\/p>\n<p align=\"justify\" class=\"text1noticias\">\u00abEsta  comisi\u00f3n ha resuelto rendir informe favorable a este proyecto, tal como fue  remitido por la C\u00e1mara  de Diputados\u00bb, expresa. <\/p>\n<p>&#13;<\/p>\n<p align=\"justify\" class=\"text1noticias\">Asimismo, los senadores  aprobaron una resoluci\u00f3n que solicita al Poder Ejecutivo incluir un aumento en  la partida presupuestaria correspondiente a la Secretar\u00edaa \u00a0de la   Mujer para el 2008, sugerida por la senadoras Cristina  Lizardo y Amarilis Santana. <\/p>\n<p>&#13;<\/p>\n<p align=\"justify\" class=\"text1noticias\">El senado tambi\u00e9n rechaz\u00f3 el proyecto de modificaci\u00f3n a la Ley no. 218-07 de Amnist\u00ed\u00ada de  Declaraci\u00f3n Tard\u00ed\u00ada de Nacimiento, sometido por la Junta Central  Electoral. <\/p>\n<p>&#13;<\/p>\n<p align=\"justify\" class=\"text1noticias\">Rechaz\u00f3,  igualmente, el proyecto de Ley que modifica el procedimiento para la  declaraci\u00f3n de utilidad p\u00fablica de un inmueble. <\/p>\n<p>&#13;<\/p>\n<p align=\"justify\" class=\"text1noticias\">En la sesi\u00f3n de  este martes, los legisladores aprobaron en primera lectura el proyecto de ley  de Sociedades Comerciales y Empresas Individuales de Responsabilidad Limitada. <\/p>\n<p>&#13;<\/p>\n<p align=\"justify\" class=\"text1noticias\">Sancionaron  adem\u00e1s una resoluci\u00f3n mediante la cual se exhorta al Presidente de la Rep\u00fablica a declarar el  22 de marzo de cada a\u00f1o como D\u00eda Nacional del Agua. <\/p>\n<p>&#13;<\/p>\n<p align=\"justify\" class=\"text1noticias\">Asimismo, aprob\u00f3  en segunda lectura el proyecto de ley que concede una pensi\u00f3n de 40 mil pesos a  la se\u00f1ora Luz Hayd\u00e9e Rivas Carrasco. <\/p>\n<p>&#13;<\/p>\n<p align=\"justify\" class=\"text1noticias\">Tambi\u00e9n aprob\u00f3 el  proyecto de ley que divide en dos C\u00e1maras el Distrito Judicial de Dajab\u00f3n.<\/p>\n<p>&#13;<\/p>\n<p align=\"justify\" class=\"text1noticias\"><strong>A comisi\u00f3n<\/strong><\/p>\n<p>&#13;<\/p>\n<p align=\"justify\" class=\"text1noticias\">Los senadores  enviaron a comisi\u00f3n varios proyectos de leyes, incluido\u00a0 el que busca regular el tr\u00e1nsito y  construcciones en las isletas de las autopistas e introduce otras disposiciones,  del senador Francisco Dom\u00ed\u00adnguez Brito. <\/p>\n<p>&#13;<\/p>\n<p align=\"justify\" class=\"text1noticias\">Tambi\u00e9n, enviaron  a comisi\u00f3n 34 contratos de pr\u00e9stamos entre el Estado y particulares; as\u00ed\u00ad como  el nombramiento diplom\u00e1tico del doctor Pedro Blandino, como embajador de la Rep\u00fablica Dominicana,  ante el Gobierno de la Rep\u00fablica  de Nicaragua. <\/p>\n<p>&#13;<\/p>\n<p align=\"justify\" class=\"text1noticias\">Asimismo, el  acuerdo de cooperaci\u00f3n t\u00e9cnica y econ\u00f3mica entre el gobierno de la Rep\u00fablica Dominicana  y el Gobierno de Belice, del 30 de julio de 2007; contrato de donaci\u00f3n de  terreno suscrito entre el Estado Dominicano y la se\u00f1ora Kaysis Amparo Villalona  Beranbel, de un solar con una extensi\u00f3n superficial de 244.00 metros cuadrados,  ubicadas dentro del \u00e1mbito de la parcela no.9 parte del Distrito Catastral no.  21, del Distrito Nacional, dentro del proyecto de lotificaci\u00f3n los casabes II.<\/p>\n<p>&#13;<\/p>\n<p align=\"justify\" class=\"text1noticias\">Asimismo, el \u00a0Protocolo Adicional al acuerdo entre el  gobierno de la   Rep\u00fablica Dominicana y el Organismos Internacional de Energ\u00eda  At\u00f3mica para la aplicaci\u00f3n de salvaguardias en relaci\u00f3n con el tratado para la  proscripci\u00f3n de las armas nucleares en la Am\u00e9rica Latina y el  Tratado sobre la No   Proliferaci\u00f3n de las Armas Nucleares, suscrito por la Rep\u00fablica Dominicana,  el 20 de septiembre del 2007. <\/p>\n<p>&#13;<\/p>\n<p align=\"justify\" class=\"text1noticias\">Tambi\u00e9n fue a  comisi\u00f3n, el proyecto de Ley que designa la Escuela de Educaci\u00f3n Especial de San Jos\u00e9 de  Ocoa, con el nombre \u00abEscuela de Educaci\u00f3n Especial profesor Jos\u00e9 Francisco  Mateo\u00bb.<\/p>\n<p>&#13;<\/p>\n<h6> 2007-11-28 12:27:05 <\/h6>\n<p><!--\n<link rel=\"stylesheet\" href=\"css\/bootstrap.min.css\">\n\n\n<ul class=\"pagination\">\n\t    \n\t\n\n<li >\n\t<a href='?page_no=34663'>Previous<\/a>\n\t<\/li>\n\n\n       \n    \n\n<li><a href='?page_no=1'>1<\/a><\/li>\n\n\n\n<li><a href='?page_no=2'>2<\/a><\/li>\n\n\n\n<li><a>...<\/a><\/li>\n\n\n\n<li><a href='?page_no=34662'>34662<\/a><\/li>\n\n\n\n<li><a href='?page_no=34663'>34663<\/a><\/li>\n\n\n\n<li class='active'><a>34664<\/a><\/li>\n\n\n\n<li><a href='?page_no=34665'>34665<\/a><\/li>\n\n\n\n<li><a href='?page_no=34666'>34666<\/a><\/li>\n\n\n\n<li><a>...<\/a><\/li>\n\n\n\n<li><a href='?page_no=36999'>36999<\/a><\/li>\n\n\n\n<li><a href='?page_no=37000'>37000<\/a><\/li>\n\n    \n\t\n\n<li >\n\t<a href='?page_no=34665'>Next<\/a>\n\t<\/li>\n\n\n    \n\n<li><a href='?page_no=37000'>Last &rsaquo;&rsaquo;<\/a><\/li>\n\n<\/ul>\n\n\n--><br \/>\n<\/body><\/p>\n","protected":false},"excerpt":{"rendered":"<p>El Senado convierte en Ley el proyecto de Competitividad e Innovaci\u00f3n Industrial &#13; SANTO DOMINGO.- El Senado convirti\u00f3 este martes en Ley el proyecto de Competitividad e Innovaci\u00f3n Industrial, al acoger las modificaciones que le hizo la C\u00e1mara de Diputados en la sesi\u00f3n del 15 de noviembre. &#13; La Ley de Competitividad e Innovaci\u00f3n Industrial [&hellip;]<\/p>\n","protected":false},"author":3,"featured_media":0,"comment_status":"open","ping_status":"open","sticky":false,"template":"","format":"standard","meta":{"footnotes":""},"categories":[22],"tags":[],"class_list":["post-191916","post","type-post","status-publish","format-standard","hentry","category-politica"],"_links":{"self":[{"href":"https:\/\/diariodominicano.com\/index.php?rest_route=\/wp\/v2\/posts\/191916","targetHints":{"allow":["GET"]}}],"collection":[{"href":"https:\/\/diariodominicano.com\/index.php?rest_route=\/wp\/v2\/posts"}],"about":[{"href":"https:\/\/diariodominicano.com\/index.php?rest_route=\/wp\/v2\/types\/post"}],"author":[{"embeddable":true,"href":"https:\/\/diariodominicano.com\/index.php?rest_route=\/wp\/v2\/users\/3"}],"replies":[{"embeddable":true,"href":"https:\/\/diariodominicano.com\/index.php?rest_route=%2Fwp%2Fv2%2Fcomments&post=191916"}],"version-history":[{"count":0,"href":"https:\/\/diariodominicano.com\/index.php?rest_route=\/wp\/v2\/posts\/191916\/revisions"}],"wp:attachment":[{"href":"https:\/\/diariodominicano.com\/index.php?rest_route=%2Fwp%2Fv2%2Fmedia&parent=191916"}],"wp:term":[{"taxonomy":"category","embeddable":true,"href":"https:\/\/diariodominicano.com\/index.php?rest_route=%2Fwp%2Fv2%2Fcategories&post=191916"},{"taxonomy":"post_tag","embeddable":true,"href":"https:\/\/diariodominicano.com\/index.php?rest_route=%2Fwp%2Fv2%2Ftags&post=191916"}],"curies":[{"name":"wp","href":"https:\/\/api.w.org\/{rel}","templated":true}]}}