{"id":191915,"date":"2007-11-28T13:09:08","date_gmt":"2007-11-28T13:09:08","guid":{"rendered":"http:\/\/diariodominicano.ddns.net\/?p=191915"},"modified":"2007-11-28T13:09:08","modified_gmt":"2007-11-28T13:09:08","slug":"vargas-maldonado-promete-transparencia-en-la-ejecucion-de-obras-y-compra-de-bienes-del-estado","status":"publish","type":"post","link":"https:\/\/diariodominicano.com\/?p=191915","title":{"rendered":"Vargas Maldonado promete transparencia en la ejecuci\u00f3n de obras y compra de bienes del Estado"},"content":{"rendered":"<p><body><\/p>\n<p align=\"justify\" class=\"titulogrande1\">Vargas Maldonado promete  transparencia en la ejecuci\u00f3n de obras y compra de bienes del Estado<\/p>\n<p>&#13;<\/p>\n<p align=\"justify\" class=\"text1noticias\"><strong><img loading=\"lazy\" decoding=\"async\" src=\"http:\/\/localhost:8080\/pictures\/vargas maldonado y cesar mella.jpg\" width=\"269\" height=\"550\" hspace=\"4\" align=\"left\" \/>SANTO  DOMINGO.- <\/strong>El candidato presidencial del Partido Revolucionario Dominicano (PRD)  Miguel Vargas Maldonado prometi\u00f3 \u00a0que de  llegar a la Presidencia  de la Rep\u00fablica  administrar\u00eda con transparencia las licitaciones y sorteos para la ejecuci\u00f3n de  obras o la adquisici\u00f3n de los bienes requeridos por el Estado.<\/p>\n<p>&#13;<\/p>\n<p align=\"justify\" class=\"text1noticias\">La Direcci\u00f3n de Comunicaciones del candidato presidencial del PRD  inform\u00f3 que Vargas Maldonado emiti\u00f3 sus  declaraciones al juramentar a centenares de ingenieros, arquitectos,  agrimensores y profesionales afines al \u00e1rea de la construcci\u00f3n en el Sector  Externo por la Victoria Electoral  (SEVE), que preside Jos\u00e9 Joaqu\u00edn Puello Herrera.<\/p>\n<p>&#13;<\/p>\n<p align=\"justify\" class=\"text1noticias\"> Indica  que \u00a0prometi\u00f3 tambi\u00e9n apoyar un cambio de  perfil del Colegio Dominicano de Ingenieros, Arquitectos y Agrimensores  (CODIA), \u201cde manera que deje de ser utilizado de manera pol\u00edtica por los  gobiernos\u201d.<\/p>\n<p>&#13;<\/p>\n<p align=\"justify\" class=\"text1noticias\">En  el acto, que cont\u00f3 con una disertaci\u00f3n del doctor Cesar Mella, Co-presidente  del SEVE, Vargas Maldonado dijo que los t\u00e9cnicos del \u00e1rea de la construcci\u00f3n  tendr\u00e1n un rol determinante en\u00a0 el  proyecto de incrementar la generaci\u00f3n de empleos, toda vez que ser\u00e1n erigidas  centenares de viviendas y otras obras en las provincias.<\/p>\n<p>&#13;<\/p>\n<p align=\"justify\" class=\"text1noticias\">Prometi\u00f3  \u00a0que de llegar al gobierno habilitar\u00e1 una  ventanilla \u00fanica para evitar la burocracia, de manera que se pueda agilizar la  aprobaci\u00f3n de los proyectos y la posterior ejecuci\u00f3n de las obras.<br \/>&#13;<br \/>\n  \u00a0<br \/>&#13;<br \/>\n  Vargas  Maldonado declar\u00f3 que aplicar\u00e1 programas de mantenimiento y supervisi\u00f3n  permanentes de las obras e infraestructuras del Estado, de manera que no  ocurran situaciones como las ocurridas con la tormenta Noel con el derribe de puentes  por el descuido oficial.<\/p>\n<p>&#13;<\/p>\n<p align=\"justify\" class=\"text1noticias\">El  psiquiatra \u00a0Cesar Mella felicit\u00f3 a los  profesionales de la construcci\u00f3n por su decisi\u00f3n de integrarse al SEVE para  apoyar a Miguel Vargas Maldonado, al cual consider\u00f3 como una candidatura  \u201cfresca\u201d y \u201climpia\u201d.<\/p>\n<p>&#13;<\/p>\n<p align=\"justify\" class=\"text1noticias\">El  director general de la   Sectorial de Ingenieros del SEVE, Gilberto Rojas, denunci\u00f3 que en el actual gobierno s\u00f3lo un grupo de  profesionales del \u00e1rea de la construcci\u00f3n tiene acceso a los contratos.<\/p>\n<p>&#13;<\/p>\n<p align=\"justify\" class=\"text1noticias\">Rojas  abog\u00f3 por un desarrollo no virtual, sino real, para lo cual prometi\u00f3 que el  equipo que preside haga efectivamente de asistente t\u00e9cnico al gobierno \u201cque de  seguro encabezar\u00e1 el ingeniero Miguel Vargas Maldonado\u201d.<\/p>\n<p>&#13;<\/p>\n<p align=\"justify\" class=\"text1noticias\">Adem\u00e1s  de Cesar Mella y Gilberto Rojas, al acto acudieron los ex presidentes del CODIA  Jos\u00e9 Fr\u00edas Constanzo y Ram\u00f3n Cruz, as\u00ed como los vicepresidentes del SEVE  Orlando Pimentel, Luis Pina, Roberto Torres, Alejandra Alvarez, Makey Calzada y  el general retirado Nelson Florentino.<\/p>\n<p>&#13;<\/p>\n<h6> 2007-11-28 13:09:08 <\/h6>\n<p><!--\n<link rel=\"stylesheet\" href=\"css\/bootstrap.min.css\">\n\n\n<ul class=\"pagination\">\n\t    \n\t\n\n<li >\n\t<a href='?page_no=34662'>Previous<\/a>\n\t<\/li>\n\n\n       \n    \n\n<li><a href='?page_no=1'>1<\/a><\/li>\n\n\n\n<li><a href='?page_no=2'>2<\/a><\/li>\n\n\n\n<li><a>...<\/a><\/li>\n\n\n\n<li><a href='?page_no=34661'>34661<\/a><\/li>\n\n\n\n<li><a href='?page_no=34662'>34662<\/a><\/li>\n\n\n\n<li class='active'><a>34663<\/a><\/li>\n\n\n\n<li><a href='?page_no=34664'>34664<\/a><\/li>\n\n\n\n<li><a href='?page_no=34665'>34665<\/a><\/li>\n\n\n\n<li><a>...<\/a><\/li>\n\n\n\n<li><a href='?page_no=36999'>36999<\/a><\/li>\n\n\n\n<li><a href='?page_no=37000'>37000<\/a><\/li>\n\n    \n\t\n\n<li >\n\t<a href='?page_no=34664'>Next<\/a>\n\t<\/li>\n\n\n    \n\n<li><a href='?page_no=37000'>Last &rsaquo;&rsaquo;<\/a><\/li>\n\n<\/ul>\n\n\n--><br \/>\n<\/body><\/p>\n","protected":false},"excerpt":{"rendered":"<p>Vargas Maldonado promete transparencia en la ejecuci\u00f3n de obras y compra de bienes del Estado &#13; SANTO DOMINGO.- El candidato presidencial del Partido Revolucionario Dominicano (PRD) Miguel Vargas Maldonado prometi\u00f3 \u00a0que de llegar a la Presidencia de la Rep\u00fablica administrar\u00eda con transparencia las licitaciones y sorteos para la ejecuci\u00f3n de obras o la adquisici\u00f3n de [&hellip;]<\/p>\n","protected":false},"author":3,"featured_media":0,"comment_status":"open","ping_status":"open","sticky":false,"template":"","format":"standard","meta":{"footnotes":""},"categories":[22],"tags":[],"class_list":["post-191915","post","type-post","status-publish","format-standard","hentry","category-politica"],"_links":{"self":[{"href":"https:\/\/diariodominicano.com\/index.php?rest_route=\/wp\/v2\/posts\/191915","targetHints":{"allow":["GET"]}}],"collection":[{"href":"https:\/\/diariodominicano.com\/index.php?rest_route=\/wp\/v2\/posts"}],"about":[{"href":"https:\/\/diariodominicano.com\/index.php?rest_route=\/wp\/v2\/types\/post"}],"author":[{"embeddable":true,"href":"https:\/\/diariodominicano.com\/index.php?rest_route=\/wp\/v2\/users\/3"}],"replies":[{"embeddable":true,"href":"https:\/\/diariodominicano.com\/index.php?rest_route=%2Fwp%2Fv2%2Fcomments&post=191915"}],"version-history":[{"count":0,"href":"https:\/\/diariodominicano.com\/index.php?rest_route=\/wp\/v2\/posts\/191915\/revisions"}],"wp:attachment":[{"href":"https:\/\/diariodominicano.com\/index.php?rest_route=%2Fwp%2Fv2%2Fmedia&parent=191915"}],"wp:term":[{"taxonomy":"category","embeddable":true,"href":"https:\/\/diariodominicano.com\/index.php?rest_route=%2Fwp%2Fv2%2Fcategories&post=191915"},{"taxonomy":"post_tag","embeddable":true,"href":"https:\/\/diariodominicano.com\/index.php?rest_route=%2Fwp%2Fv2%2Ftags&post=191915"}],"curies":[{"name":"wp","href":"https:\/\/api.w.org\/{rel}","templated":true}]}}