{"id":191914,"date":"2007-11-28T13:39:05","date_gmt":"2007-11-28T13:39:05","guid":{"rendered":"http:\/\/diariodominicano.ddns.net\/?p=191914"},"modified":"2007-11-28T13:39:05","modified_gmt":"2007-11-28T13:39:05","slug":"confia-proceso-electoral-no-afecte-el-ano-escolar","status":"publish","type":"post","link":"https:\/\/diariodominicano.com\/?p=191914","title":{"rendered":"Conf\u00eda proceso electoral no afecte el a\u00f1o escolar"},"content":{"rendered":"<p><body><\/p>\n<p class=\"titulogrande1\">Conf\u00eda proceso electoral no  afecte el a\u00f1o escolar<\/p>\n<p>&#13;<\/p>\n<p align=\"justify\" class=\"text1noticias\"><strong>SANTO DOMINGO.- <\/strong>Alejandrina Germ\u00e1n, miembro del Comit\u00e9 Pol\u00edtico del Partido de la Liberaci\u00f3n Dominicana  y secretaria de Estado de Educaci\u00f3n, consider\u00f3 que el pueblo dominicano ha  alcanzado un grado de madurez pol\u00edtica muy alto, por lo que el proceso  electoral de mayo de 2008 no afectar\u00e1 el a\u00f1o escolar. <\/p>\n<p>&#13;<\/p>\n<p align=\"justify\" class=\"text1noticias\">Dijo que las elecciones normalmente no afectan la  docencia\u00a0 por m\u00e1s de una semana, ya que las escuelas que se utilizan como  centros de votaci\u00f3n se entregan un d\u00eda antes y luego se desocupan un d\u00eda  despu\u00e9s. <\/p>\n<p>&#13;<\/p>\n<p align=\"justify\" class=\"text1noticias\">La dirigente pol\u00edtico y funcionaria estatal puso mayor  inter\u00e9s en la recuperaci\u00f3n de la docencia perdida a causa de la tormenta Noel,  planteando que las actividades culturales que tienen como p\u00fablico cautivo al  estudiantado dominicano deben reducirse al m\u00ednimo. <\/p>\n<p>&#13;<\/p>\n<p align=\"justify\" class=\"text1noticias\">En otro orden , Alejandrina Germ\u00e1n anunci\u00f3 que las secretar\u00edas de Educaci\u00f3n y\u00a0 Salud  P\u00fablica iniciar\u00e1n un programa de educaci\u00f3n a nivel nacional para la prevenci\u00f3n  de enfermedades como el dengue y la leptospirosis. <\/p>\n<p>&#13;<\/p>\n<p align=\"justify\" class=\"text1noticias\">La actividad ser\u00e1  formalmente inaugurada en la escuela Damas Diplom\u00e1ticas, ubicada en la ribera  oriental del r\u00edo Ozama. <br \/>&#13;<br \/>\n  \u00a0 <br \/>&#13;<br \/>\n  Indic\u00f3 que la escuela es el mejor espacio para poder  operar cualquier tipo de educaci\u00f3n preventiva, ya que tanto los maestros como  los estudiantes tienen el compromiso de extender a sus familias los  conocimientos que adquieran para evitar afecciones de salud. <\/p>\n<p>&#13;<\/p>\n<p align=\"justify\" class=\"text1noticias\">Al referirse al Consejo de Gobierno realizado  recientemente en San Crist\u00f3bal, manifest\u00f3 \u00a0que el presidente Leonel  Fern\u00e1ndez \u00a0ha cumplido con los compromisos hechos con la comunidad sure\u00f1a  luego del paso de la tormenta Noel. <\/p>\n<p>&#13;<\/p>\n<p align=\"justify\" class=\"text1noticias\">Germ\u00e1n inform\u00f3 que Educaci\u00f3n tiene en San Crist\u00f3bal 23  escuelas terminadas, 40 en construcci\u00f3n y ocho contratadas, las cuales forman  parte de lo prometido por el presidente Leonel Fern\u00e1ndez a las diferentes  organizaciones sancristobalenses. <\/p>\n<p>&#13;<\/p>\n<p align=\"justify\" class=\"text1noticias\">Alejandrina Germ\u00e1n dijo que ning\u00fan pa\u00eds del mundo ha logrado su desarrollo si  no tiene una alta inversi\u00f3n en educaci\u00f3n, pero que dadas las condiciones en que  el actual gobierno encontr\u00f3 el pa\u00eds no se ha podido lograr que el \u00a04 por  ciento del presupuesto de la naci\u00f3n sea destinado para esos fines. <\/p>\n<p>&#13;<\/p>\n<p align=\"justify\" class=\"text1noticias\">Asegur\u00f3 que en los \u00faltimos dos a\u00f1os se han logrado  inversiones r\u00e9cords en libros de textos, mobiliario y reparaci\u00f3n de  infraestructuras escolares; as\u00ed como en mochilas, uniformes, calzados, desayuno  escolar y capacitaci\u00f3n de los profesores. <\/p>\n<p>&#13;<\/p>\n<p align=\"justify\" class=\"text1noticias\">\u00abPuedo decir que nosotros en esta gesti\u00f3n hemos  conseguido, lo que ninguna gesti\u00f3n en Educaci\u00f3n hab\u00eda conseguido: destinar m\u00e1s  del 40 por ciento del presupuesto de la cartera a programas y proyectos  dirigidos a elevar la calidad de la educaci\u00f3n\u00bb, precis\u00f3 Alejandrina Germ\u00e1n  en declaraciones rese\u00f1adas por la   Secretar\u00eda de Comunicaciones del PLD. <\/p>\n<p>&#13;<\/p>\n<p align=\"justify\" class=\"text1noticias\">Manifest\u00f3 que anteriormente el presupuesto de  Educaci\u00f3n se iba en el pago de n\u00f3mina y gastos corrientes, pero que  en\u00a0 los \u00faltimos tres a\u00f1os se ha podido optimizar al m\u00e1ximo. <\/p>\n<p>&#13;<\/p>\n<h6> 2007-11-28 13:39:05 <\/h6>\n<p><!--\n<link rel=\"stylesheet\" href=\"css\/bootstrap.min.css\">\n\n\n<ul class=\"pagination\">\n\t    \n\t\n\n<li >\n\t<a href='?page_no=34661'>Previous<\/a>\n\t<\/li>\n\n\n       \n    \n\n<li><a href='?page_no=1'>1<\/a><\/li>\n\n\n\n<li><a href='?page_no=2'>2<\/a><\/li>\n\n\n\n<li><a>...<\/a><\/li>\n\n\n\n<li><a href='?page_no=34660'>34660<\/a><\/li>\n\n\n\n<li><a href='?page_no=34661'>34661<\/a><\/li>\n\n\n\n<li class='active'><a>34662<\/a><\/li>\n\n\n\n<li><a href='?page_no=34663'>34663<\/a><\/li>\n\n\n\n<li><a href='?page_no=34664'>34664<\/a><\/li>\n\n\n\n<li><a>...<\/a><\/li>\n\n\n\n<li><a href='?page_no=36999'>36999<\/a><\/li>\n\n\n\n<li><a href='?page_no=37000'>37000<\/a><\/li>\n\n    \n\t\n\n<li >\n\t<a href='?page_no=34663'>Next<\/a>\n\t<\/li>\n\n\n    \n\n<li><a href='?page_no=37000'>Last &rsaquo;&rsaquo;<\/a><\/li>\n\n<\/ul>\n\n\n--><br \/>\n<\/body><\/p>\n","protected":false},"excerpt":{"rendered":"<p>Conf\u00eda proceso electoral no afecte el a\u00f1o escolar &#13; SANTO DOMINGO.- Alejandrina Germ\u00e1n, miembro del Comit\u00e9 Pol\u00edtico del Partido de la Liberaci\u00f3n Dominicana y secretaria de Estado de Educaci\u00f3n, consider\u00f3 que el pueblo dominicano ha alcanzado un grado de madurez pol\u00edtica muy alto, por lo que el proceso electoral de mayo de 2008 no afectar\u00e1 [&hellip;]<\/p>\n","protected":false},"author":3,"featured_media":0,"comment_status":"open","ping_status":"open","sticky":false,"template":"","format":"standard","meta":{"footnotes":""},"categories":[22],"tags":[],"class_list":["post-191914","post","type-post","status-publish","format-standard","hentry","category-politica"],"_links":{"self":[{"href":"https:\/\/diariodominicano.com\/index.php?rest_route=\/wp\/v2\/posts\/191914","targetHints":{"allow":["GET"]}}],"collection":[{"href":"https:\/\/diariodominicano.com\/index.php?rest_route=\/wp\/v2\/posts"}],"about":[{"href":"https:\/\/diariodominicano.com\/index.php?rest_route=\/wp\/v2\/types\/post"}],"author":[{"embeddable":true,"href":"https:\/\/diariodominicano.com\/index.php?rest_route=\/wp\/v2\/users\/3"}],"replies":[{"embeddable":true,"href":"https:\/\/diariodominicano.com\/index.php?rest_route=%2Fwp%2Fv2%2Fcomments&post=191914"}],"version-history":[{"count":0,"href":"https:\/\/diariodominicano.com\/index.php?rest_route=\/wp\/v2\/posts\/191914\/revisions"}],"wp:attachment":[{"href":"https:\/\/diariodominicano.com\/index.php?rest_route=%2Fwp%2Fv2%2Fmedia&parent=191914"}],"wp:term":[{"taxonomy":"category","embeddable":true,"href":"https:\/\/diariodominicano.com\/index.php?rest_route=%2Fwp%2Fv2%2Fcategories&post=191914"},{"taxonomy":"post_tag","embeddable":true,"href":"https:\/\/diariodominicano.com\/index.php?rest_route=%2Fwp%2Fv2%2Ftags&post=191914"}],"curies":[{"name":"wp","href":"https:\/\/api.w.org\/{rel}","templated":true}]}}