{"id":191913,"date":"2007-11-28T13:43:03","date_gmt":"2007-11-28T13:43:03","guid":{"rendered":"http:\/\/diariodominicano.ddns.net\/?p=191913"},"modified":"2007-11-28T13:43:03","modified_gmt":"2007-11-28T13:43:03","slug":"movimiento-independentista-nacional-hostosiano-minh","status":"publish","type":"post","link":"https:\/\/diariodominicano.com\/?p=191913","title":{"rendered":"Movimiento Independentista Nacional Hostosiano (MINH)"},"content":{"rendered":"<p><body><\/p>\n<p align=\"justify\"><span class=\"titulogrande1\">Movimiento  Independentista Nacional Hostosiano (MINH) <\/span><br \/>&#13;<br \/>\n  <br \/>&#13;<br \/>\n    <strong>Comunicado de  prensa \u00a0\u00a0\u00a0\u00a0\u00a0\u00a0\u00a0\u00a0\u00a0\u00a0\u00a0\u00a0\u00a0\u00a0\u00a0\u00a0\u00a0 <\/strong><br \/>&#13;<br \/>\n    <strong>\u00a0\u00a0\u00a0\u00a0\u00a0\u00a0\u00a0\u00a0\u00a0\u00a0\u00a0\u00a0\u00a0\u00a0\u00a0\u00a0\u00a0\u00a0\u00a0\u00a0\u00a0\u00a0\u00a0\u00a0\u00a0\u00a0\u00a0 <\/strong><strong> <\/strong><br \/>&#13;<br \/>\n    <span class=\"text1noticias\"><strong>SAN JUAN.\u2013<\/strong> \u201cEs cuesti\u00f3n de clases, pero el Gobierno  privilegia a la clase equivocada\u201d, \u00a0fueron las palabras con que Hector Pesquera,  copresidente del Movimiento Independentista Nacional Hostosiano (MINH),  contest\u00f3 a la defensa que hizo ayer Anibal Acevedo Vila ante la pregunta de una  periodista, de su propuesto subsidio p\u00fablico de $200 millones a la banca y la  industria de la construcci\u00f3n para agilizar la venta de doce mil residencias  nuevas construidas y no vendidas .<\/span><\/p>\n<p>&#13;<\/p>\n<p align=\"justify\" class=\"text1noticias\">El Gobernador, rodeado de altos ejecutivos bancarios e  industriales de la construcci\u00f3n, despacho la oposici\u00f3n a su proyecto, alegando  que hay que superar el discurso de clases, a lo que Pesquera contest\u00f3 que las  clases sociales existen independientemente del deseo de unos y otros. Si una  iniciativa p\u00fablica va dirigida a privilegiar a los ya privilegiados, la misma  debe ser denunciada como un regalo que se hace a una clase social en detrimento  de las otras.<\/p>\n<p>&#13;<\/p>\n<p align=\"justify\" class=\"text1noticias\">Para la organizaci\u00f3n independentista, que preside Pesquera, el efecto de  la medida es premiar los errores de la banca hipotecaria y de las empresas  dedicadas a la construcci\u00f3n de residencias.<\/p>\n<p>&#13;<\/p>\n<p align=\"justify\" class=\"text1noticias\">Seg\u00fan el copresidente del MINH, la crisis econ\u00f3mica de Puerto Rico requiere  cirug\u00eda mayor, para la cual la administracion actual carece de un plan y de los  medios para implantarlo, dijo. <\/p>\n<p>&#13;<\/p>\n<p align=\"justify\" class=\"text1noticias\">A\u00f1adi\u00f3 que el problema del exceso de inventario de residencias tiene  varias dimensiones que esa medida no va a corregir, por el contrario, lo puede  agravar al favorecer unos precios que el mercado no aguanta, asegur\u00f3.<\/p>\n<p>&#13;<\/p>\n<p align=\"justify\" class=\"text1noticias\">Es una acci\u00f3n equivocada e inmoral, afirm\u00f3 Pesquera y pregunt\u00f3:\u00a0 \u00bfPor  que no se utilizan esos $200 millones para rehabilitar las miles de residencias  dilapidadas en las comunidades especiales y en los centros urbanos?\u00a0 Con ello, el lider del MINH asegur\u00f3 que se  favorecer\u00eda la venta de materiales de construcci\u00f3n y se generar\u00edan empleos, a  la vez que se atiende un asunto de justicia social.<\/p>\n<p>&#13;<\/p>\n<p><strong>27 de noviembre de  2007<\/strong><strong> <\/strong><\/p>\n<p>&#13;<\/p>\n<p><span class=\"textogrande\">Pedro Mu\u00f1iz <\/span><strong><br \/>&#13;<br \/>\n  Secretario de Comunicacion Social <br \/>&#13;<br \/>\n787-765-6437,  fax 787-765-6453 <\/strong><\/p>\n<p>&#13;<\/p>\n<h6> 2007-11-28 13:43:03 <\/h6>\n<p><!--\n<link rel=\"stylesheet\" href=\"css\/bootstrap.min.css\">\n\n\n<ul class=\"pagination\">\n\t    \n\t\n\n<li >\n\t<a href='?page_no=34660'>Previous<\/a>\n\t<\/li>\n\n\n       \n    \n\n<li><a href='?page_no=1'>1<\/a><\/li>\n\n\n\n<li><a href='?page_no=2'>2<\/a><\/li>\n\n\n\n<li><a>...<\/a><\/li>\n\n\n\n<li><a href='?page_no=34659'>34659<\/a><\/li>\n\n\n\n<li><a href='?page_no=34660'>34660<\/a><\/li>\n\n\n\n<li class='active'><a>34661<\/a><\/li>\n\n\n\n<li><a href='?page_no=34662'>34662<\/a><\/li>\n\n\n\n<li><a href='?page_no=34663'>34663<\/a><\/li>\n\n\n\n<li><a>...<\/a><\/li>\n\n\n\n<li><a href='?page_no=36999'>36999<\/a><\/li>\n\n\n\n<li><a href='?page_no=37000'>37000<\/a><\/li>\n\n    \n\t\n\n<li >\n\t<a href='?page_no=34662'>Next<\/a>\n\t<\/li>\n\n\n    \n\n<li><a href='?page_no=37000'>Last &rsaquo;&rsaquo;<\/a><\/li>\n\n<\/ul>\n\n\n--><br \/>\n<\/body><\/p>\n","protected":false},"excerpt":{"rendered":"<p>Movimiento Independentista Nacional Hostosiano (MINH) &#13; &#13; Comunicado de prensa \u00a0\u00a0\u00a0\u00a0\u00a0\u00a0\u00a0\u00a0\u00a0\u00a0\u00a0\u00a0\u00a0\u00a0\u00a0\u00a0\u00a0 &#13; \u00a0\u00a0\u00a0\u00a0\u00a0\u00a0\u00a0\u00a0\u00a0\u00a0\u00a0\u00a0\u00a0\u00a0\u00a0\u00a0\u00a0\u00a0\u00a0\u00a0\u00a0\u00a0\u00a0\u00a0\u00a0\u00a0\u00a0 &#13; SAN JUAN.\u2013 \u201cEs cuesti\u00f3n de clases, pero el Gobierno privilegia a la clase equivocada\u201d, \u00a0fueron las palabras con que Hector Pesquera, copresidente del Movimiento Independentista Nacional Hostosiano (MINH), contest\u00f3 a la defensa que hizo ayer Anibal Acevedo Vila ante la pregunta [&hellip;]<\/p>\n","protected":false},"author":3,"featured_media":0,"comment_status":"open","ping_status":"open","sticky":false,"template":"","format":"standard","meta":{"footnotes":""},"categories":[22],"tags":[],"class_list":["post-191913","post","type-post","status-publish","format-standard","hentry","category-politica"],"_links":{"self":[{"href":"https:\/\/diariodominicano.com\/index.php?rest_route=\/wp\/v2\/posts\/191913","targetHints":{"allow":["GET"]}}],"collection":[{"href":"https:\/\/diariodominicano.com\/index.php?rest_route=\/wp\/v2\/posts"}],"about":[{"href":"https:\/\/diariodominicano.com\/index.php?rest_route=\/wp\/v2\/types\/post"}],"author":[{"embeddable":true,"href":"https:\/\/diariodominicano.com\/index.php?rest_route=\/wp\/v2\/users\/3"}],"replies":[{"embeddable":true,"href":"https:\/\/diariodominicano.com\/index.php?rest_route=%2Fwp%2Fv2%2Fcomments&post=191913"}],"version-history":[{"count":0,"href":"https:\/\/diariodominicano.com\/index.php?rest_route=\/wp\/v2\/posts\/191913\/revisions"}],"wp:attachment":[{"href":"https:\/\/diariodominicano.com\/index.php?rest_route=%2Fwp%2Fv2%2Fmedia&parent=191913"}],"wp:term":[{"taxonomy":"category","embeddable":true,"href":"https:\/\/diariodominicano.com\/index.php?rest_route=%2Fwp%2Fv2%2Fcategories&post=191913"},{"taxonomy":"post_tag","embeddable":true,"href":"https:\/\/diariodominicano.com\/index.php?rest_route=%2Fwp%2Fv2%2Ftags&post=191913"}],"curies":[{"name":"wp","href":"https:\/\/api.w.org\/{rel}","templated":true}]}}