{"id":191911,"date":"2007-11-28T13:54:13","date_gmt":"2007-11-28T13:54:13","guid":{"rendered":"http:\/\/diariodominicano.ddns.net\/?p=191911"},"modified":"2007-11-28T13:54:13","modified_gmt":"2007-11-28T13:54:13","slug":"trajano-vidal-lanza-candidatura","status":"publish","type":"post","link":"https:\/\/diariodominicano.com\/?p=191911","title":{"rendered":"Trajano Vidal lanza candidatura"},"content":{"rendered":"<p><body><\/p>\n<p class=\"titulogrande1\">Trajano Vidal lanza  candidatura<\/p>\n<p>&#13;<\/p>\n<p align=\"justify\" class=\"text1noticias\"><strong>SANTO DOMINGO.-<\/strong> Despolitizar el Colegio de Abogados, ampliar los servicios gremiales    y comunitarios, lograr la participaci\u00f3n activa en los procesos de reforma,    fortalecer la integraci\u00f3n profesional, propiciar la defensa del estado de    derecho, el establecimiento de un sistema de seguridad social que contemple    la creaci\u00f3n de una ARS, son algunos de los objetivos de la plancha    Integraci\u00f3n Jur\u00eddica que, encabezada Trajano Vidal Potentini Adames, quien se    propone ganar las elecciones del Colegio Dominicano de Abogados el pr\u00f3ximo    primero de diciembre.<br \/>&#13;<br \/>\n  <br \/>&#13;<br \/>\n  Al presentar su Junta Directiva, durante una rueda    de prensa, Potentini Adames expres\u00f3 que es momento de priorizar la educaci\u00f3n    y formaci\u00f3n de los abogados haciendo especial \u00e9nfasis en las \u00e1reas emergentes    del derecho como son Derecho Tributario, Medio Ambiente, Protecci\u00f3n al    Consumidor, Migratorio, Propiedad Intelectual e Industrial. Del mismo modo,    el fortalecimiento, desarrollo y ampliaci\u00f3n del mercado laboral de los    abogados, garantiz\u00e1ndoles nuevos espacios de trabajo y el derecho a optar por    una notar\u00eda.<br \/>&#13;<br \/>\n  <br \/>&#13;<br \/>\n  Signific\u00f3 que es momento de sacar la pol\u00edtica del    gremio que agrupa a los abogados y constituir as\u00ed el partido de la toga y el    birrete que luche por las reivindicaciones de una clase que actualmente no    tiene una buena imagen p\u00fablica debido a que cada grupo que asume el gremio va    con\u00a0 una etiqueta partidaria.<br \/>&#13;<br \/>\n  <br \/>&#13;<br \/>\n  No obstante, reconoci\u00f3 el rol fundamental que juegan    los partidos pol\u00edticos en la canalizaci\u00f3n y ejercicio del sentir democr\u00e1tico    en la Rep\u00fablica     Dominicana, toda vez que son depositarios de la esperanza    de un pueblo \u00e1vido de justicia social en el escenario partidista que se    verifica cada dos a\u00f1os los 16 de mayo en la arena pol\u00edtica, diferente al    s\u00e1bado primero de diciembre que es el escenario de los abogados para los    abogados, de donde emergeremos victoriosos como el seguro presidente de los    abogados.<br \/>&#13;<br \/>\n  <br \/>&#13;<br \/>\n  Al presentar la plancha Integraci\u00f3n Jur\u00eddica,    marcada con el n\u00famero 7,\u00a0 Potentini destac\u00f3 que es hora de rescatar el    orgullo de ser abogado, levantando el autoestima de ese profesional que es    vejado y desconsiderado en todos los espacios donde le corresponde ejercer su    ministerio, tales como Impuestos Internos, Fiscal\u00eda, Polic\u00eda Nacional,    Direcci\u00f3n Nacional de Control de Drogas, Tribunales, Registro de T\u00edtulos,    llegando al extremo de que en Promipyme dictaran una resoluci\u00f3n consignando    que el abogado no es objeto de cr\u00e9dito. <br \/>&#13;<br \/>\n  <br \/>&#13;<br \/>\n\u201cHemos elaborado una propuesta gremial que recoge    las aspiraciones m\u00e1s sentidas de todos los togados de la Rep\u00fablica Dominicana,    para que juntos avancemos hacia la conquista de nuevos espacios de poder    social, mediante los cuales se proyecte una imagen respetable y fuerte de los    profesionales del derecho, desde los diferentes \u00e1mbitos jur\u00eddicos en los    cuales intervenimos, como son la abogac\u00eda, judicatura,\u00a0 ministerios    p\u00fablico, defensor\u00eda p\u00fablica, notaria, consultor\u00eda y docencia\u201d, expres\u00f3    Trajano Potentini, quien tambi\u00e9n es presidente de la Fundaci\u00f3n Justicia    y Transparencia.<br \/>&#13;<br \/>\n<br \/>&#13;<br \/>\nAdem\u00e1s de\u00a0 su presidente, Integraci\u00f3n Jur\u00eddica    est\u00e1 conformada por Manuel Guichardo Alonzo, Primer vicepresidente; Marcos    Antonio Cruz Garc\u00eda, Segundo vicepresidente; Nelson Rudys Castillo Ogando,    Secretario General; Julio C\u00e9sar de la Rosa Tiburcio,    Tesorero; Pedro Jos\u00e9 Duarte Cana\u00e1n, Fiscal; Ursina A. Anico Guzm\u00e1n,    secretaria de Organizaci\u00f3n y Asuntos Integremiales; Norberto Yamyr Rond\u00f3n    Reyes, Secretario de Educaci\u00f3n y Cultura; Fabio Caminero, Secretario de Actas    y Correspondencias;\u00a0 Ram\u00f3n Antonio Reyes Reyes, Secretario de Relaciones    P\u00fablicas;\u00a0 Santo Miguel Roman, Secretario de Asuntos Internacionales;    Miguel Arc\u00e1ngel Soto Presinal, Secretario de Asistencia Social; y Tony L\u00f3pez,    Secretario de Deportes y Recreaci\u00f3n,\u00a0 entre otros miembros integrantes    del Comit\u00e9 Disciplinario compuesto por Angel Estepan, Freddy Alexander    Ram\u00edrez, Fausto Florentino, Erasmo Duran y salvador Potentini.<br \/>&#13;<br \/>\n<br \/>&#13;<br \/>\n<strong>List\u00edn Diario<\/strong><\/p>\n<p>&#13;<\/p>\n<h6> 2007-11-28 13:54:13 <\/h6>\n<p><!--\n<link rel=\"stylesheet\" href=\"css\/bootstrap.min.css\">\n\n\n<ul class=\"pagination\">\n\t    \n\t\n\n<li >\n\t<a href='?page_no=34658'>Previous<\/a>\n\t<\/li>\n\n\n       \n    \n\n<li><a href='?page_no=1'>1<\/a><\/li>\n\n\n\n<li><a href='?page_no=2'>2<\/a><\/li>\n\n\n\n<li><a>...<\/a><\/li>\n\n\n\n<li><a href='?page_no=34657'>34657<\/a><\/li>\n\n\n\n<li><a href='?page_no=34658'>34658<\/a><\/li>\n\n\n\n<li class='active'><a>34659<\/a><\/li>\n\n\n\n<li><a href='?page_no=34660'>34660<\/a><\/li>\n\n\n\n<li><a href='?page_no=34661'>34661<\/a><\/li>\n\n\n\n<li><a>...<\/a><\/li>\n\n\n\n<li><a href='?page_no=36999'>36999<\/a><\/li>\n\n\n\n<li><a href='?page_no=37000'>37000<\/a><\/li>\n\n    \n\t\n\n<li >\n\t<a href='?page_no=34660'>Next<\/a>\n\t<\/li>\n\n\n    \n\n<li><a href='?page_no=37000'>Last &rsaquo;&rsaquo;<\/a><\/li>\n\n<\/ul>\n\n\n--><br \/>\n<\/body><\/p>\n","protected":false},"excerpt":{"rendered":"<p>Trajano Vidal lanza candidatura &#13; SANTO DOMINGO.- Despolitizar el Colegio de Abogados, ampliar los servicios gremiales y comunitarios, lograr la participaci\u00f3n activa en los procesos de reforma, fortalecer la integraci\u00f3n profesional, propiciar la defensa del estado de derecho, el establecimiento de un sistema de seguridad social que contemple la creaci\u00f3n de una ARS, son algunos [&hellip;]<\/p>\n","protected":false},"author":3,"featured_media":0,"comment_status":"open","ping_status":"open","sticky":false,"template":"","format":"standard","meta":{"footnotes":""},"categories":[22],"tags":[],"class_list":["post-191911","post","type-post","status-publish","format-standard","hentry","category-politica"],"_links":{"self":[{"href":"https:\/\/diariodominicano.com\/index.php?rest_route=\/wp\/v2\/posts\/191911","targetHints":{"allow":["GET"]}}],"collection":[{"href":"https:\/\/diariodominicano.com\/index.php?rest_route=\/wp\/v2\/posts"}],"about":[{"href":"https:\/\/diariodominicano.com\/index.php?rest_route=\/wp\/v2\/types\/post"}],"author":[{"embeddable":true,"href":"https:\/\/diariodominicano.com\/index.php?rest_route=\/wp\/v2\/users\/3"}],"replies":[{"embeddable":true,"href":"https:\/\/diariodominicano.com\/index.php?rest_route=%2Fwp%2Fv2%2Fcomments&post=191911"}],"version-history":[{"count":0,"href":"https:\/\/diariodominicano.com\/index.php?rest_route=\/wp\/v2\/posts\/191911\/revisions"}],"wp:attachment":[{"href":"https:\/\/diariodominicano.com\/index.php?rest_route=%2Fwp%2Fv2%2Fmedia&parent=191911"}],"wp:term":[{"taxonomy":"category","embeddable":true,"href":"https:\/\/diariodominicano.com\/index.php?rest_route=%2Fwp%2Fv2%2Fcategories&post=191911"},{"taxonomy":"post_tag","embeddable":true,"href":"https:\/\/diariodominicano.com\/index.php?rest_route=%2Fwp%2Fv2%2Ftags&post=191911"}],"curies":[{"name":"wp","href":"https:\/\/api.w.org\/{rel}","templated":true}]}}