{"id":191909,"date":"2007-11-28T18:32:31","date_gmt":"2007-11-28T18:32:31","guid":{"rendered":"http:\/\/diariodominicano.ddns.net\/?p=191909"},"modified":"2007-11-28T18:32:31","modified_gmt":"2007-11-28T18:32:31","slug":"alma-fernandez-destaca-mistica-de-trabajo-y-solidaridad-en-plan-nacional-de-recuperacion-que-implementa-el-gobierno","status":"publish","type":"post","link":"https:\/\/diariodominicano.com\/?p=191909","title":{"rendered":"Alma Fern\u00e1ndez destaca m\u00edstica de trabajo y solidaridad en Plan Nacional de Recuperaci\u00f3n que implementa el gobierno"},"content":{"rendered":"<p><body><\/p>\n<p align=\"justify\" class=\"titulogrande1\"><strong>Alma Fern\u00e1ndez destaca m\u00edstica de  trabajo y solidaridad en Plan Nacional de Recuperaci\u00f3n que implementa el  gobierno <\/strong><\/p>\n<p>&#13;<\/p>\n<p align=\"justify\" class=\"text1noticias\"><strong>SANTO  DOMINGO.-<\/strong> La integrante del Comit\u00e9 Pol\u00edtico del Partido de la\u00a0 Liberaci\u00f3n Dominicana  (PLD), Alma Fern\u00e1ndez destac\u00f3 este mi\u00e9rcoles la m\u00edstica de trabajo y  solidaridad con el pueblo de esa organizaci\u00f3n ha brillado con todo esplendor en  el Plan Nacional de Recuperaci\u00f3n implementado por el gobierno tras el paso de  la tormenta Noel. <\/p>\n<p>&#13;<\/p>\n<p align=\"justify\" class=\"text1noticias\">En  su condici\u00f3n de directora general del Instituto Nacional de la Vivienda (INVI), Alma  Fern\u00e1ndez se\u00f1al\u00f3 que ha distribuido 210 mil planchas de zinc, casi dos millones  de pies de madera y 373 quintales de clavos. <\/p>\n<p>&#13;<\/p>\n<p align=\"justify\" class=\"text1noticias\">Dijo  que esos materiales han sido utilizados en todos los sectores afectados por la  tormenta Noel para un total de siete mil reparaciones y construcciones de  soluciones habitacionales en todo el territorio nacional. <\/p>\n<p>&#13;<\/p>\n<p align=\"justify\" class=\"text1noticias\">La  dirigente pelede\u00edsta se\u00f1al\u00f3 que se trabaja aceleradamente en la ubicaci\u00f3n de  terrenos para la construcci\u00f3n de viviendas dignas y seguras para aquellas  familias cuyas viviendas fueron destruidas por el fen\u00f3meno atmosf\u00e9rico. <\/p>\n<p>&#13;<\/p>\n<p align=\"justify\" class=\"text1noticias\">Alma  Fern\u00e1ndez agreg\u00f3 que el proyecto de vivienda que se inici\u00f3 el pasado lunes en  San Crist\u00f3bal forma parte del plan integral gubernamental de dotar de una vivienda  segura a todos los damnificados de la tormenta Noel y del cicl\u00f3n George. <\/p>\n<p>&#13;<\/p>\n<p align=\"justify\" class=\"text1noticias\">Inform\u00f3  que este mi\u00e9rcoles inici\u00f3 en Villa Altagracia un proyecto habitacional de 138  unidades para las personas que viv\u00edan cerca del r\u00edo Duey. <\/p>\n<p>&#13;<\/p>\n<p align=\"justify\" class=\"text1noticias\">La  integrante de la direcci\u00f3n pol\u00edtica del Partido de la Liberaci\u00f3n Dominicana  explic\u00f3 que esas viviendas al igual que otras que se iniciar\u00e1n en Bonao, Villa  Altagracia, Piedra Blanca, Ocoa, Sabana Larga y Rancho Arriba, tienen dos  dormitorios, su ba\u00f1o, cocina, sala-comedor, con todos los servicios p\u00fablicos y  \u00e1reas verdes para la recreaci\u00f3n de los ocupantes. <\/p>\n<p>&#13;<\/p>\n<p align=\"justify\" class=\"text1noticias\">Alma  Fern\u00e1ndez asegur\u00f3 que esas viviendas estar\u00e1n construidas en el plazo record de  cuatro meses. <\/p>\n<p>&#13;<\/p>\n<p align=\"justify\" class=\"text1noticias\">\u00abPero  el gobierno no solo le ha reparado las viviendas a aquellas personas que viven  en lugares que ofrecen mayores peligros, sino que adem\u00e1s, se le han regalado  camas, estufas, mosquiteros, s\u00e1banas y un tanque de gas\u00bb\u00b4, sostuvo la  funcionaria gubernamental y dirigente del PLD. <\/p>\n<p>&#13;<\/p>\n<h6> 2007-11-28 18:32:31 <\/h6>\n<p><!--\n<link rel=\"stylesheet\" href=\"css\/bootstrap.min.css\">\n\n\n<ul class=\"pagination\">\n\t    \n\t\n\n<li >\n\t<a href='?page_no=34656'>Previous<\/a>\n\t<\/li>\n\n\n       \n    \n\n<li><a href='?page_no=1'>1<\/a><\/li>\n\n\n\n<li><a href='?page_no=2'>2<\/a><\/li>\n\n\n\n<li><a>...<\/a><\/li>\n\n\n\n<li><a href='?page_no=34655'>34655<\/a><\/li>\n\n\n\n<li><a href='?page_no=34656'>34656<\/a><\/li>\n\n\n\n<li class='active'><a>34657<\/a><\/li>\n\n\n\n<li><a href='?page_no=34658'>34658<\/a><\/li>\n\n\n\n<li><a href='?page_no=34659'>34659<\/a><\/li>\n\n\n\n<li><a>...<\/a><\/li>\n\n\n\n<li><a href='?page_no=36999'>36999<\/a><\/li>\n\n\n\n<li><a href='?page_no=37000'>37000<\/a><\/li>\n\n    \n\t\n\n<li >\n\t<a href='?page_no=34658'>Next<\/a>\n\t<\/li>\n\n\n    \n\n<li><a href='?page_no=37000'>Last &rsaquo;&rsaquo;<\/a><\/li>\n\n<\/ul>\n\n\n--><br \/>\n<\/body><\/p>\n","protected":false},"excerpt":{"rendered":"<p>Alma Fern\u00e1ndez destaca m\u00edstica de trabajo y solidaridad en Plan Nacional de Recuperaci\u00f3n que implementa el gobierno &#13; SANTO DOMINGO.- La integrante del Comit\u00e9 Pol\u00edtico del Partido de la\u00a0 Liberaci\u00f3n Dominicana (PLD), Alma Fern\u00e1ndez destac\u00f3 este mi\u00e9rcoles la m\u00edstica de trabajo y solidaridad con el pueblo de esa organizaci\u00f3n ha brillado con todo esplendor en [&hellip;]<\/p>\n","protected":false},"author":3,"featured_media":0,"comment_status":"open","ping_status":"open","sticky":false,"template":"","format":"standard","meta":{"footnotes":""},"categories":[22],"tags":[],"class_list":["post-191909","post","type-post","status-publish","format-standard","hentry","category-politica"],"_links":{"self":[{"href":"https:\/\/diariodominicano.com\/index.php?rest_route=\/wp\/v2\/posts\/191909","targetHints":{"allow":["GET"]}}],"collection":[{"href":"https:\/\/diariodominicano.com\/index.php?rest_route=\/wp\/v2\/posts"}],"about":[{"href":"https:\/\/diariodominicano.com\/index.php?rest_route=\/wp\/v2\/types\/post"}],"author":[{"embeddable":true,"href":"https:\/\/diariodominicano.com\/index.php?rest_route=\/wp\/v2\/users\/3"}],"replies":[{"embeddable":true,"href":"https:\/\/diariodominicano.com\/index.php?rest_route=%2Fwp%2Fv2%2Fcomments&post=191909"}],"version-history":[{"count":0,"href":"https:\/\/diariodominicano.com\/index.php?rest_route=\/wp\/v2\/posts\/191909\/revisions"}],"wp:attachment":[{"href":"https:\/\/diariodominicano.com\/index.php?rest_route=%2Fwp%2Fv2%2Fmedia&parent=191909"}],"wp:term":[{"taxonomy":"category","embeddable":true,"href":"https:\/\/diariodominicano.com\/index.php?rest_route=%2Fwp%2Fv2%2Fcategories&post=191909"},{"taxonomy":"post_tag","embeddable":true,"href":"https:\/\/diariodominicano.com\/index.php?rest_route=%2Fwp%2Fv2%2Ftags&post=191909"}],"curies":[{"name":"wp","href":"https:\/\/api.w.org\/{rel}","templated":true}]}}