{"id":191907,"date":"2007-11-28T19:02:50","date_gmt":"2007-11-28T19:02:50","guid":{"rendered":"http:\/\/diariodominicano.ddns.net\/?p=191907"},"modified":"2007-11-28T19:02:50","modified_gmt":"2007-11-28T19:02:50","slug":"pared-perez-garantiza-la-forma-en-que-el-gobierno-del-pld-procede-con-las-donaciones-internacionales","status":"publish","type":"post","link":"https:\/\/diariodominicano.com\/?p=191907","title":{"rendered":"Pared P\u00e9rez garantiza la forma en que el gobierno del PLD procede con las donaciones internacionales"},"content":{"rendered":"<p><body><\/p>\n<p align=\"justify\" class=\"titulogrande1\"><strong>Pared P\u00e9rez garantiza la forma en que el  gobierno del PLD procede con las donaciones internacionales\u00a0 <\/strong><\/p>\n<p>&#13;<\/p>\n<p align=\"justify\" class=\"text1noticias\"><strong><img loading=\"lazy\" decoding=\"async\" src=\"http:\/\/localhost:8080\/pictures\/reinaldo pared11.jpg\" width=\"269\" height=\"242\" hspace=\"4\" align=\"left\" \/>SANTO  DOMINGO.-<\/strong> El secretario general del Partido de la Liberaci\u00f3n Dominicana  (PLD), garantiz\u00f3 este mi\u00e9rcoles la forma efectiva y transparente con que el  gobierno de esa organizaci\u00f3n pol\u00edtica est\u00e1 procediendo con las ayudas  internacionales donadas al pa\u00eds tras el paso de la tormenta Noel por el  territorio nacional. <\/p>\n<p>&#13;<\/p>\n<p align=\"justify\" class=\"text1noticias\">El  portavoz del partido morado y presidente del Senado de la Rep\u00fablica endilg\u00f3 el  calificativo de destemplados a quienes tratan de cuestionar dicho procedimiento  con el \u00fanico objetivo de favorecer al candidato del PRD. <\/p>\n<p>&#13;<\/p>\n<p align=\"justify\" class=\"text1noticias\">Pared  P\u00e9rez agreg\u00f3 que carecen de todo tipo de base los estrategas de la oposici\u00f3n  que critican por criticar y tratar de posicionar a su candidato, sin  importarles para nada el drama humano que representa una tragedia como la  generada por Noel. <\/p>\n<p>&#13;<\/p>\n<p align=\"justify\" class=\"text1noticias\">Insisti\u00f3  el dirigente pol\u00edtico y senador por el Distrito Nacional que las ayudas a los  m\u00e1s afectados por el fen\u00f3meno natural est\u00e1n llegando a las iglesias para ser  distribuidas. <\/p>\n<p>&#13;<\/p>\n<p align=\"justify\" class=\"text1noticias\">\u00abEsa  es otra mentira, de las que tiene la dirigencia del PRD acostumbrados a este  pa\u00eds, porque si hay algo en lo que instruy\u00f3 de manera expresa el Presidente de la Rep\u00fablica fue de que las  ayudas fueran canalizadas a trav\u00e9s de las iglesias y entidades de reconocido  aval social, y as\u00ed se ha estado haciendo\u00bb, enfatiz\u00f3 Reinaldo Pared P\u00e9rez  en rese\u00f1a divulgada por la   Secretar\u00eda de Comunicaciones del PLD. <\/p>\n<p>&#13;<\/p>\n<p align=\"justify\" class=\"text1noticias\">Dijo  que pudiera ser que se d\u00e9 un caso aislado, pero que no se puede generalizar,  como pretende el PRD al hacer \u00abpronunciamientos destemplados y sin ning\u00fan  tipo de base\u00bb. <\/p>\n<p>&#13;<\/p>\n<p align=\"justify\" class=\"text1noticias\">Precis\u00f3  que si las ayudas no estuvieran llegando a los damnificados, todas las  provincias que fueron afectadas por la tormenta Noel estuvieran protestando  \u00aba una sola voz\u00bb. <\/p>\n<p>&#13;<\/p>\n<p align=\"justify\" class=\"text1noticias\">\u00abPor  eso, decir que esas ayudas se est\u00e1n utilizando para fines proselitistas es mentira, mentira y mentira\u00bb, exclam\u00f3  Pared P\u00e9rez. <\/p>\n<p>&#13;<\/p>\n<p align=\"justify\" class=\"text1noticias\"><strong>Est\u00e1 de acuerdo con tregua pol\u00edtica en  tiempo de navidad <\/strong><\/p>\n<p>&#13;<\/p>\n<p align=\"justify\" class=\"text1noticias\">Pared  P\u00e9rez consider\u00f3 prudente que se  produzca una tregua pol\u00edtica con motivo de la Navidad y se redoblen las  acciones de solidaridad con las personas afectadas por la tormenta Noel. <\/p>\n<p>&#13;<\/p>\n<p align=\"justify\" class=\"text1noticias\">Manifest\u00f3  que el PLD respalda la posici\u00f3n del vocero de la Conferencia Episcopal  en torno a que los partidos pol\u00edticos hagan una tregua durante el asueto de  navidad. <\/p>\n<p>&#13;<\/p>\n<p align=\"justify\" class=\"text1noticias\">Refiri\u00f3  que su compa\u00f1ero del Comit\u00e9 Pol\u00edtico C\u00e9sar Pina Toribio, delegado del PLD ante la Junta Central  Electoral, someti\u00f3 ante ese organismo una petici\u00f3n para que se declare una  tregua pol\u00edtica, sobre todo luego del paso de la Tormenta Noel. <\/p>\n<p>&#13;<\/p>\n<p align=\"justify\" class=\"text1noticias\">Pared  P\u00e9rez indic\u00f3 que la campa\u00f1a ha iniciado a destiempo y que debe ser la JCE quien determine el inicio  formal de la campa\u00f1a para las elecciones presidenciales del 2008, como  acostumbra a hacerlo entre el 15 de enero y 15 de febrero durante los a\u00f1os  electorales. <\/p>\n<p>&#13;<\/p>\n<p align=\"justify\" class=\"text1noticias\">Dijo  que la Ley Electoral  establece que el proselitismo electoral inicie\u00a0tres meses antes del d\u00eda de las elecciones y que es la JCE quien debe emitir una  resoluci\u00f3n para que los partidos pol\u00edticos  se ajusten a la misma. <\/p>\n<p>&#13;<\/p>\n<h6> 2007-11-28 19:02:50 <\/h6>\n<p><!--\n<link rel=\"stylesheet\" href=\"css\/bootstrap.min.css\">\n\n\n<ul class=\"pagination\">\n\t    \n\t\n\n<li >\n\t<a href='?page_no=34654'>Previous<\/a>\n\t<\/li>\n\n\n       \n    \n\n<li><a href='?page_no=1'>1<\/a><\/li>\n\n\n\n<li><a href='?page_no=2'>2<\/a><\/li>\n\n\n\n<li><a>...<\/a><\/li>\n\n\n\n<li><a href='?page_no=34653'>34653<\/a><\/li>\n\n\n\n<li><a href='?page_no=34654'>34654<\/a><\/li>\n\n\n\n<li class='active'><a>34655<\/a><\/li>\n\n\n\n<li><a href='?page_no=34656'>34656<\/a><\/li>\n\n\n\n<li><a href='?page_no=34657'>34657<\/a><\/li>\n\n\n\n<li><a>...<\/a><\/li>\n\n\n\n<li><a href='?page_no=36999'>36999<\/a><\/li>\n\n\n\n<li><a href='?page_no=37000'>37000<\/a><\/li>\n\n    \n\t\n\n<li >\n\t<a href='?page_no=34656'>Next<\/a>\n\t<\/li>\n\n\n    \n\n<li><a href='?page_no=37000'>Last &rsaquo;&rsaquo;<\/a><\/li>\n\n<\/ul>\n\n\n--><br \/>\n<\/body><\/p>\n","protected":false},"excerpt":{"rendered":"<p>Pared P\u00e9rez garantiza la forma en que el gobierno del PLD procede con las donaciones internacionales\u00a0 &#13; SANTO DOMINGO.- El secretario general del Partido de la Liberaci\u00f3n Dominicana (PLD), garantiz\u00f3 este mi\u00e9rcoles la forma efectiva y transparente con que el gobierno de esa organizaci\u00f3n pol\u00edtica est\u00e1 procediendo con las ayudas internacionales donadas al pa\u00eds tras [&hellip;]<\/p>\n","protected":false},"author":3,"featured_media":0,"comment_status":"open","ping_status":"open","sticky":false,"template":"","format":"standard","meta":{"footnotes":""},"categories":[22],"tags":[],"class_list":["post-191907","post","type-post","status-publish","format-standard","hentry","category-politica"],"_links":{"self":[{"href":"https:\/\/diariodominicano.com\/index.php?rest_route=\/wp\/v2\/posts\/191907","targetHints":{"allow":["GET"]}}],"collection":[{"href":"https:\/\/diariodominicano.com\/index.php?rest_route=\/wp\/v2\/posts"}],"about":[{"href":"https:\/\/diariodominicano.com\/index.php?rest_route=\/wp\/v2\/types\/post"}],"author":[{"embeddable":true,"href":"https:\/\/diariodominicano.com\/index.php?rest_route=\/wp\/v2\/users\/3"}],"replies":[{"embeddable":true,"href":"https:\/\/diariodominicano.com\/index.php?rest_route=%2Fwp%2Fv2%2Fcomments&post=191907"}],"version-history":[{"count":0,"href":"https:\/\/diariodominicano.com\/index.php?rest_route=\/wp\/v2\/posts\/191907\/revisions"}],"wp:attachment":[{"href":"https:\/\/diariodominicano.com\/index.php?rest_route=%2Fwp%2Fv2%2Fmedia&parent=191907"}],"wp:term":[{"taxonomy":"category","embeddable":true,"href":"https:\/\/diariodominicano.com\/index.php?rest_route=%2Fwp%2Fv2%2Fcategories&post=191907"},{"taxonomy":"post_tag","embeddable":true,"href":"https:\/\/diariodominicano.com\/index.php?rest_route=%2Fwp%2Fv2%2Ftags&post=191907"}],"curies":[{"name":"wp","href":"https:\/\/api.w.org\/{rel}","templated":true}]}}