{"id":191906,"date":"2007-11-28T19:06:42","date_gmt":"2007-11-28T19:06:42","guid":{"rendered":"http:\/\/diariodominicano.ddns.net\/?p=191906"},"modified":"2007-11-28T19:06:42","modified_gmt":"2007-11-28T19:06:42","slug":"reinaldo-pared-perez-aclara-milagros-ricardo-es-la-candidata-que-el-pld-respalda-en-elecciones-del-colegio-de-abogados","status":"publish","type":"post","link":"https:\/\/diariodominicano.com\/?p=191906","title":{"rendered":"Reinaldo Pared P\u00e9rez aclara Milagros Ricardo es la candidata que el PLD respalda en elecciones del Colegio de Abogados"},"content":{"rendered":"<p><body><\/p>\n<p align=\"justify\" class=\"titulogrande1\"><strong>Reinaldo Pared  P\u00e9rez aclara Milagros Ricardo es la candidata que el PLD respalda en elecciones  del Colegio de Abogados<\/strong> <\/p>\n<p>&#13;<\/p>\n<p align=\"justify\" class=\"text1noticias\"><strong>SANTO DOMINGO.-<\/strong> El presidente del Senado aclar\u00f3 este  mi\u00e9rcoles que el Partido de la Liberaci\u00f3n Dominicana apoya Milagros Ricardo, candidata del Movimiento  Dignidad Jur\u00eddica, para ocupar la presidencia del Colegio de Abogados de la Rep\u00fablica Dominicana  (CARD). <\/p>\n<p>&#13;<\/p>\n<p align=\"justify\" class=\"text1noticias\">Reinaldo Pared P\u00e9rez, quien tambi\u00e9n es secretario  general del PLD, sostuvo que el partido de gobierno instruy\u00f3 a los abogados que  siguen sus ideas pol\u00ed\u00adticas para que voten a favor de Ricardo. <\/p>\n<p>&#13;<\/p>\n<p align=\"justify\" class=\"text1noticias\">Sostuvo que Ricardo representar\u00e1 mejor los intereses de  los profesionales del Derecho e indic\u00f3 que por tal raz\u00f3n, los peledeistas, que  apoyan la gesti\u00f3n de gobierno y los abogados en sentido general, deben apoyarla  para presidir el CARD. <\/p>\n<p>&#13;<\/p>\n<p align=\"justify\" class=\"text1noticias\">\u00abLa licenciada Ricardo es la candidata que  estamos apoyando. Es importante la aclaraci\u00f3n que hacemos para evitar  confusiones entre los pelede\u00edistas y quienes apoyan la buena gesti\u00f3n del  Presidente Leonel Fern\u00e1ndez\u00bb, sostuvo. <\/p>\n<p>&#13;<\/p>\n<h6> 2007-11-28 19:06:42 <\/h6>\n<p><!--\n<link rel=\"stylesheet\" href=\"css\/bootstrap.min.css\">\n\n\n<ul class=\"pagination\">\n\t    \n\t\n\n<li >\n\t<a href='?page_no=34653'>Previous<\/a>\n\t<\/li>\n\n\n       \n    \n\n<li><a href='?page_no=1'>1<\/a><\/li>\n\n\n\n<li><a href='?page_no=2'>2<\/a><\/li>\n\n\n\n<li><a>...<\/a><\/li>\n\n\n\n<li><a href='?page_no=34652'>34652<\/a><\/li>\n\n\n\n<li><a href='?page_no=34653'>34653<\/a><\/li>\n\n\n\n<li class='active'><a>34654<\/a><\/li>\n\n\n\n<li><a href='?page_no=34655'>34655<\/a><\/li>\n\n\n\n<li><a href='?page_no=34656'>34656<\/a><\/li>\n\n\n\n<li><a>...<\/a><\/li>\n\n\n\n<li><a href='?page_no=36999'>36999<\/a><\/li>\n\n\n\n<li><a href='?page_no=37000'>37000<\/a><\/li>\n\n    \n\t\n\n<li >\n\t<a href='?page_no=34655'>Next<\/a>\n\t<\/li>\n\n\n    \n\n<li><a href='?page_no=37000'>Last &rsaquo;&rsaquo;<\/a><\/li>\n\n<\/ul>\n\n\n--><br \/>\n<\/body><\/p>\n","protected":false},"excerpt":{"rendered":"<p>Reinaldo Pared P\u00e9rez aclara Milagros Ricardo es la candidata que el PLD respalda en elecciones del Colegio de Abogados &#13; SANTO DOMINGO.- El presidente del Senado aclar\u00f3 este mi\u00e9rcoles que el Partido de la Liberaci\u00f3n Dominicana apoya Milagros Ricardo, candidata del Movimiento Dignidad Jur\u00eddica, para ocupar la presidencia del Colegio de Abogados de la Rep\u00fablica [&hellip;]<\/p>\n","protected":false},"author":3,"featured_media":0,"comment_status":"open","ping_status":"open","sticky":false,"template":"","format":"standard","meta":{"footnotes":""},"categories":[22],"tags":[],"class_list":["post-191906","post","type-post","status-publish","format-standard","hentry","category-politica"],"_links":{"self":[{"href":"https:\/\/diariodominicano.com\/index.php?rest_route=\/wp\/v2\/posts\/191906","targetHints":{"allow":["GET"]}}],"collection":[{"href":"https:\/\/diariodominicano.com\/index.php?rest_route=\/wp\/v2\/posts"}],"about":[{"href":"https:\/\/diariodominicano.com\/index.php?rest_route=\/wp\/v2\/types\/post"}],"author":[{"embeddable":true,"href":"https:\/\/diariodominicano.com\/index.php?rest_route=\/wp\/v2\/users\/3"}],"replies":[{"embeddable":true,"href":"https:\/\/diariodominicano.com\/index.php?rest_route=%2Fwp%2Fv2%2Fcomments&post=191906"}],"version-history":[{"count":0,"href":"https:\/\/diariodominicano.com\/index.php?rest_route=\/wp\/v2\/posts\/191906\/revisions"}],"wp:attachment":[{"href":"https:\/\/diariodominicano.com\/index.php?rest_route=%2Fwp%2Fv2%2Fmedia&parent=191906"}],"wp:term":[{"taxonomy":"category","embeddable":true,"href":"https:\/\/diariodominicano.com\/index.php?rest_route=%2Fwp%2Fv2%2Fcategories&post=191906"},{"taxonomy":"post_tag","embeddable":true,"href":"https:\/\/diariodominicano.com\/index.php?rest_route=%2Fwp%2Fv2%2Ftags&post=191906"}],"curies":[{"name":"wp","href":"https:\/\/api.w.org\/{rel}","templated":true}]}}