{"id":191902,"date":"2007-11-29T18:38:47","date_gmt":"2007-11-29T18:38:47","guid":{"rendered":"http:\/\/diariodominicano.ddns.net\/?p=191902"},"modified":"2007-11-29T18:38:47","modified_gmt":"2007-11-29T18:38:47","slug":"estrella-se-reune-con-empresarios","status":"publish","type":"post","link":"https:\/\/diariodominicano.com\/?p=191902","title":{"rendered":"Estrella se re\u00fane con empresarios"},"content":{"rendered":"<p><body><\/p>\n<p class=\"titulogrande1\">Estrella  se re\u00fane con empresarios<\/p>\n<p>&#13;<\/p>\n<p align=\"justify\" class=\"text1noticias\"><strong>SANTO DOMINGO.-<\/strong> El candidato  de la coalici\u00f3n de partidos La   Cuarta V\u00eda, Eduardo Estrella, se reuni\u00f3 con representantes  del Consejo Nacional de la   Empresa Privada (Conep),\u00a0  para intercambiar ideas sobre la situaci\u00f3n econ\u00f3mica del pa\u00eds.<\/p>\n<p>&#13;<\/p>\n<p align=\"justify\" class=\"text1noticias\">Lisandro Macarulla,  presidente del CONEP dijo que \u201cse trata de una iniciativa del Conep ante los  procesos electorales generales, ya que el funcionamiento de la econom\u00eda puede,  y de hecho as\u00ed ha transcurrido, ser obstaculizada por las inadecuadas pol\u00edticas  y una precaria gesti\u00f3n de Estado\u201d.<\/p>\n<p>&#13;<\/p>\n<p align=\"justify\" class=\"text1noticias\">Resalt\u00f3 que estas reuniones  con\u00a0 los candidatos presidenciales se  realizan para conocer los planteamientos y puntos de vistas que conforman la  agenda de propuestas de los dirigentes pol\u00edticos.<\/p>\n<p>&#13;<\/p>\n<p align=\"justify\" class=\"text1noticias\">Estrella estuvo acompa\u00f1ado de  la jefa de campa\u00f1a de Eduardo Estrella, Sergia Elena de S\u00e9liman, el presidente  del Partido Revolucionario Social Dem\u00f3crata (PRSD), Hatuey D\u00b4Camps, el  presidente del Partido Nacional de Veteranos y Civiles, Juan Coh\u00e9n, el diputado  Carlos Mart\u00ednez, entre otros.<\/p>\n<p>&#13;<\/p>\n<p align=\"justify\" class=\"text1noticias\">Por el sector empresaria  estuvieron presentes, adem\u00e1s de Macarrulla, Mar\u00eda Isabel Gass\u00f3, Elena Viyella  de Paliza, Ernesto Izquierdo, Oliveiro Espaillat, Luis Manuel Pellerano, Manuel  D\u00edez Cabral, entre otros.<\/p>\n<p>&#13;<\/p>\n<h6> 2007-11-29 18:38:47 <\/h6>\n<p><!--\n<link rel=\"stylesheet\" href=\"css\/bootstrap.min.css\">\n\n\n<ul class=\"pagination\">\n\t    \n\t\n\n<li >\n\t<a href='?page_no=34649'>Previous<\/a>\n\t<\/li>\n\n\n       \n    \n\n<li><a href='?page_no=1'>1<\/a><\/li>\n\n\n\n<li><a href='?page_no=2'>2<\/a><\/li>\n\n\n\n<li><a>...<\/a><\/li>\n\n\n\n<li><a href='?page_no=34648'>34648<\/a><\/li>\n\n\n\n<li><a href='?page_no=34649'>34649<\/a><\/li>\n\n\n\n<li class='active'><a>34650<\/a><\/li>\n\n\n\n<li><a href='?page_no=34651'>34651<\/a><\/li>\n\n\n\n<li><a href='?page_no=34652'>34652<\/a><\/li>\n\n\n\n<li><a>...<\/a><\/li>\n\n\n\n<li><a href='?page_no=36999'>36999<\/a><\/li>\n\n\n\n<li><a href='?page_no=37000'>37000<\/a><\/li>\n\n    \n\t\n\n<li >\n\t<a href='?page_no=34651'>Next<\/a>\n\t<\/li>\n\n\n    \n\n<li><a href='?page_no=37000'>Last &rsaquo;&rsaquo;<\/a><\/li>\n\n<\/ul>\n\n\n--><br \/>\n<\/body><\/p>\n","protected":false},"excerpt":{"rendered":"<p>Estrella se re\u00fane con empresarios &#13; SANTO DOMINGO.- El candidato de la coalici\u00f3n de partidos La Cuarta V\u00eda, Eduardo Estrella, se reuni\u00f3 con representantes del Consejo Nacional de la Empresa Privada (Conep),\u00a0 para intercambiar ideas sobre la situaci\u00f3n econ\u00f3mica del pa\u00eds. &#13; Lisandro Macarulla, presidente del CONEP dijo que \u201cse trata de una iniciativa del [&hellip;]<\/p>\n","protected":false},"author":3,"featured_media":0,"comment_status":"open","ping_status":"open","sticky":false,"template":"","format":"standard","meta":{"footnotes":""},"categories":[22],"tags":[],"class_list":["post-191902","post","type-post","status-publish","format-standard","hentry","category-politica"],"_links":{"self":[{"href":"https:\/\/diariodominicano.com\/index.php?rest_route=\/wp\/v2\/posts\/191902","targetHints":{"allow":["GET"]}}],"collection":[{"href":"https:\/\/diariodominicano.com\/index.php?rest_route=\/wp\/v2\/posts"}],"about":[{"href":"https:\/\/diariodominicano.com\/index.php?rest_route=\/wp\/v2\/types\/post"}],"author":[{"embeddable":true,"href":"https:\/\/diariodominicano.com\/index.php?rest_route=\/wp\/v2\/users\/3"}],"replies":[{"embeddable":true,"href":"https:\/\/diariodominicano.com\/index.php?rest_route=%2Fwp%2Fv2%2Fcomments&post=191902"}],"version-history":[{"count":0,"href":"https:\/\/diariodominicano.com\/index.php?rest_route=\/wp\/v2\/posts\/191902\/revisions"}],"wp:attachment":[{"href":"https:\/\/diariodominicano.com\/index.php?rest_route=%2Fwp%2Fv2%2Fmedia&parent=191902"}],"wp:term":[{"taxonomy":"category","embeddable":true,"href":"https:\/\/diariodominicano.com\/index.php?rest_route=%2Fwp%2Fv2%2Fcategories&post=191902"},{"taxonomy":"post_tag","embeddable":true,"href":"https:\/\/diariodominicano.com\/index.php?rest_route=%2Fwp%2Fv2%2Ftags&post=191902"}],"curies":[{"name":"wp","href":"https:\/\/api.w.org\/{rel}","templated":true}]}}