{"id":191901,"date":"2007-11-30T14:06:46","date_gmt":"2007-11-30T14:06:46","guid":{"rendered":"http:\/\/diariodominicano.ddns.net\/?p=191901"},"modified":"2007-11-30T14:06:46","modified_gmt":"2007-11-30T14:06:46","slug":"aristy-castro-dice-que-instaurara-el-gobierno-de-los-pobres","status":"publish","type":"post","link":"https:\/\/diariodominicano.com\/?p=191901","title":{"rendered":"Aristy Castro dice que instaurar\u00e1 el gobierno de los pobres"},"content":{"rendered":"<p><body><\/p>\n<p class=\"titulogrande1\">Aristy Castro dice que instaurar\u00e1 el gobierno de los pobres<\/p>\n<p>&#13;<\/p>\n<p align=\"justify\" class=\"text1noticias\"><strong><img loading=\"lazy\" decoding=\"async\" src=\"http:\/\/localhost:8080\/pictures\/amable aristy gobierno pobres.jpg\" width=\"269\" height=\"180\" hspace=\"4\" align=\"left\" \/>SANTIAGO.-<\/strong>  El candidato presidencial del Partido Reformista Social Cristiano (PRSC) pidi\u00f3  a la juventud que se integre al trabajo pol\u00edtico a favor de su candidatura para  ayudar a instaurar el \u201cgobierno de los pobres\u201d, que asegur\u00f3 ser\u00e1 tambi\u00e9n el  \u201cgobierno de los j\u00f3venes\u201d por las oportunidades que tendr\u00e1n de desarrollarse  econ\u00f3mica y socialmente.<br \/>&#13;<br \/>\n  <br \/>&#13;<br \/>\n  Amable  Aristy Castro sostuvo que la juventud dominicana tiene la energ\u00eda, la ilusi\u00f3n y  el deseo de trabajar por un gobierno que se preocupe por crear m\u00e1s y mejores  empleos, especialmente para los nuevos profesionales que se sienten frustrados  por no encontrar trabajo.<br \/>&#13;<br \/>\n  <br \/>&#13;<br \/>\n  Dijo  que el\u00a0 gobierno del presidente Leonel  Fern\u00e1ndez ni tampoco los del Partido Revolucionario Dominicano (PRD) se han  preocupado por ese segmento de la poblaci\u00f3n, muchos de los cuales se ven  obligados a emigrar a otros pa\u00edses buscando un mejor futuro, en algunos casos  arriesgando sus vidas en fr\u00e1giles embarcaciones o de polizones.<br \/>&#13;<br \/>\n  <br \/>&#13;<br \/>\n  Explic\u00f3  que esas administraciones hicieron m\u00faltiples promesas a los j\u00f3venes y nunca  cumplieron, por lo que la mayor\u00eda se encuentra desempleada y frustrada por la  falta de oportunidades de\u00a0 crecer econ\u00f3mica y socialmente.<br \/>&#13;<br \/>\n  <br \/>&#13;<br \/>\n  Resalt\u00f3  que \u201c eso se acabar\u00e1 en el gobierno de los pobres que nosotros vamos a  encabezar a partir del 16 de agosto del pr\u00f3ximo a\u00f1o cuando salgamos triunfante  de la consulta c\u00edvica de mayo venidero, porque vamos a dar atenci\u00f3n especial a  la juventud, la que jugar\u00e1 un papel preponderante en nuestra administraci\u00f3n\u201d,  resalt\u00f3.<br \/>&#13;<br \/>\n  <br \/>&#13;<br \/>\n  Dijo  que los j\u00f3venes tendr\u00e1n en un gobierno del Partido Reformista Social Cristiano  la oportunidad conseguir trabajos bien remunerados y realizar el sue\u00f1o de tener  un techo propio.<br \/>&#13;<br \/>\n  <br \/>&#13;<br \/>\n  El  aspirante a la Presidencia  de la Rep\u00fablica  habl\u00f3 en esos t\u00e9rminos en el marco de un encuentro de m\u00e1s de mil quinientos  j\u00f3venes, donde jurament\u00f3 el movimiento \u201cNuevo Amanecer con Amable Aristy\u201d,  encabezado por el ingeniero Ernesto Rodr\u00edguez y Clara Luz P\u00e9rez, presidente y  secretaria general, respectivamente.<br \/>&#13;<br \/>\n  <br \/>&#13;<br \/>\n\u201cSon  muchos los j\u00f3venes graduados que deambulan por las calles de los pueblos y las  grandes ciudades por falta de trabajo, despu\u00e9s de pasarse cuatro y cinco a\u00f1os  en una universidad\u201d, agreg\u00f3.<\/p>\n<p>&#13;<\/p>\n<p align=\"justify\" class=\"text1noticias\">Acus\u00f3  a los malos gobiernos de Leonel Fern\u00e1ndez y del PRD de frustrar a esa juventud,  que padece el alto \u00edndice de desempleo que vive el pa\u00eds, \u201cdonde tener un empleo  es pr\u00e1cticamente un privilegio\u201d.<br \/>&#13;<br \/>\n  <br \/>&#13;<br \/>\n  A  la actividad, celebrada en el Sal\u00f3n Magua del Hotel Gran Almirante, de  Santiago, participaron m\u00e1s de mil 500 j\u00f3venes de las diferentes provincias del  Cibao, quienes se comprometieron a trabajar a tiempo completo por la  candidatura de Aristy.<\/p>\n<p>&#13;<\/p>\n<h6> 2007-11-30 14:06:46 <\/h6>\n<p><!--\n<link rel=\"stylesheet\" href=\"css\/bootstrap.min.css\">\n\n\n<ul class=\"pagination\">\n\t    \n\t\n\n<li >\n\t<a href='?page_no=34648'>Previous<\/a>\n\t<\/li>\n\n\n       \n    \n\n<li><a href='?page_no=1'>1<\/a><\/li>\n\n\n\n<li><a href='?page_no=2'>2<\/a><\/li>\n\n\n\n<li><a>...<\/a><\/li>\n\n\n\n<li><a href='?page_no=34647'>34647<\/a><\/li>\n\n\n\n<li><a href='?page_no=34648'>34648<\/a><\/li>\n\n\n\n<li class='active'><a>34649<\/a><\/li>\n\n\n\n<li><a href='?page_no=34650'>34650<\/a><\/li>\n\n\n\n<li><a href='?page_no=34651'>34651<\/a><\/li>\n\n\n\n<li><a>...<\/a><\/li>\n\n\n\n<li><a href='?page_no=36999'>36999<\/a><\/li>\n\n\n\n<li><a href='?page_no=37000'>37000<\/a><\/li>\n\n    \n\t\n\n<li >\n\t<a href='?page_no=34650'>Next<\/a>\n\t<\/li>\n\n\n    \n\n<li><a href='?page_no=37000'>Last &rsaquo;&rsaquo;<\/a><\/li>\n\n<\/ul>\n\n\n--><br \/>\n<\/body><\/p>\n","protected":false},"excerpt":{"rendered":"<p>Aristy Castro dice que instaurar\u00e1 el gobierno de los pobres &#13; SANTIAGO.- El candidato presidencial del Partido Reformista Social Cristiano (PRSC) pidi\u00f3 a la juventud que se integre al trabajo pol\u00edtico a favor de su candidatura para ayudar a instaurar el \u201cgobierno de los pobres\u201d, que asegur\u00f3 ser\u00e1 tambi\u00e9n el \u201cgobierno de los j\u00f3venes\u201d por [&hellip;]<\/p>\n","protected":false},"author":3,"featured_media":0,"comment_status":"open","ping_status":"open","sticky":false,"template":"","format":"standard","meta":{"footnotes":""},"categories":[22],"tags":[],"class_list":["post-191901","post","type-post","status-publish","format-standard","hentry","category-politica"],"_links":{"self":[{"href":"https:\/\/diariodominicano.com\/index.php?rest_route=\/wp\/v2\/posts\/191901","targetHints":{"allow":["GET"]}}],"collection":[{"href":"https:\/\/diariodominicano.com\/index.php?rest_route=\/wp\/v2\/posts"}],"about":[{"href":"https:\/\/diariodominicano.com\/index.php?rest_route=\/wp\/v2\/types\/post"}],"author":[{"embeddable":true,"href":"https:\/\/diariodominicano.com\/index.php?rest_route=\/wp\/v2\/users\/3"}],"replies":[{"embeddable":true,"href":"https:\/\/diariodominicano.com\/index.php?rest_route=%2Fwp%2Fv2%2Fcomments&post=191901"}],"version-history":[{"count":0,"href":"https:\/\/diariodominicano.com\/index.php?rest_route=\/wp\/v2\/posts\/191901\/revisions"}],"wp:attachment":[{"href":"https:\/\/diariodominicano.com\/index.php?rest_route=%2Fwp%2Fv2%2Fmedia&parent=191901"}],"wp:term":[{"taxonomy":"category","embeddable":true,"href":"https:\/\/diariodominicano.com\/index.php?rest_route=%2Fwp%2Fv2%2Fcategories&post=191901"},{"taxonomy":"post_tag","embeddable":true,"href":"https:\/\/diariodominicano.com\/index.php?rest_route=%2Fwp%2Fv2%2Ftags&post=191901"}],"curies":[{"name":"wp","href":"https:\/\/api.w.org\/{rel}","templated":true}]}}