{"id":191900,"date":"2007-11-30T14:14:23","date_gmt":"2007-11-30T14:14:23","guid":{"rendered":"http:\/\/diariodominicano.ddns.net\/?p=191900"},"modified":"2007-11-30T14:14:23","modified_gmt":"2007-11-30T14:14:23","slug":"vargas-maldonado-dice-inaugurara-nuevo-ciclo-de-gobierno-para-respetar-unir-y-concordar-con-oposicion","status":"publish","type":"post","link":"https:\/\/diariodominicano.com\/?p=191900","title":{"rendered":"Vargas Maldonado dice inaugurar\u00e1 nuevo ciclo de gobierno, para respetar unir y concordar con oposici\u00f3n"},"content":{"rendered":"<p><body><\/p>\n<p align=\"justify\" class=\"titulogrande1\">Vargas  Maldonado dice inaugurar\u00e1 nuevo ciclo de gobierno, para respetar unir y  concordar con oposici\u00f3n<\/p>\n<p>&#13;<\/p>\n<p align=\"justify\" class=\"text1noticias\"><strong><img loading=\"lazy\" decoding=\"async\" src=\"http:\/\/localhost:8080\/pictures\/miguel vargas foto.jpg\" width=\"269\" height=\"275\" hspace=\"4\" align=\"left\" \/>Santo Domingo.-<\/strong> El candidato  presidencial del Partido Revolucionario Dominicano (PRD), Miguel Vargas  Maldonado, afirm\u00f3 que a partir del 16 de agosto del pr\u00f3ximo a\u00f1o, el pueblo  dominicano cerrar\u00e1 un cap\u00edtulo en la historia pol\u00edtica nacional caracterizado  por la utilizaci\u00f3n de la   Presidencia de la Rep\u00fablica para despreciar, dividir y corromper a  la oposici\u00f3n pol\u00edtica.<\/p>\n<p>&#13;<\/p>\n<p align=\"justify\" class=\"text1noticias\">Dijo que\u00a0 vamos a inaugurar un nuevo ciclo en que el  gobierno sepa respetar, reunir y concordar con la oposici\u00f3n y todos los  sectores sociales con la finalidad de avanzar hacia la implementaci\u00f3n de un  verdadero proyecto de naci\u00f3n.<\/p>\n<p>&#13;<\/p>\n<p align=\"justify\" class=\"text1noticias\"> Afirm\u00f3 que para superar los  escollos que le impiden transitar sostenidamente hacia el desarrollo econ\u00f3mico  y humano, la   Rep\u00fablica Dominicana necesita un gobierno capaz de construir  grandes acuerdos con todos los sectores sociales y pol\u00edtico.\u00a0\u00a0 <\/p>\n<p>&#13;<\/p>\n<p align=\"justify\" class=\"text1noticias\"> A\u00f1adi\u00f3 que se enfrentar\u00e1n las  grandes necesidades de la sociedad, incluida la educaci\u00f3n personal y del pa\u00eds  para la competitividad, la seguridad social e individual, salud y adecuada  nutrici\u00f3n, y la prestaci\u00f3n de adecuados servicios de agua potable,  electricidad, aseo urbano y otros, siguen pendientes de resolver.<\/p>\n<p>&#13;<\/p>\n<p align=\"justify\" class=\"text1noticias\"> Vargas Maldonado habl\u00f3 sobre el  tema en un intercambio con activistas comunitarios, durante un recorrido por  los sectores de Los Alcarrizos, y  Herrera, como Palmarejo, Pantoja, Buenos Aires,\u00a0donde convers\u00f3 con peque\u00f1os comerciantes, amas de casas, trabajadores de  talleres e hizo una visita al ex senador Pablo Rafael Casimiro Castro.<\/p>\n<p>&#13;<\/p>\n<p align=\"justify\" class=\"text1noticias\"> En su conversaci\u00f3n con dirigentes  comunitarios, el candidato presidencial del Partido Revolucionario Dominicano  (PRD) les asegur\u00f3 que como Presidente de la Rep\u00fablica establecer\u00e1 un  nuevo ciclo en la pol\u00edtica dominicana, ya que su gobierno trabajar\u00e1 respetando,  reuniendo y consensuando la gesti\u00f3n de gobierno con los partidos de oposici\u00f3n y  las organizaciones de la sociedad civil.<\/p>\n<p>&#13;<\/p>\n<p align=\"justify\" class=\"text1noticias\">\u201cEstoy comprometido con ese nuevo  enfoque del quehacer pol\u00edtico\u201d, explic\u00f3, \u201cpor eso en el inicio de mi campa\u00f1a lo  primero que me he comprometido de manera formal es a impulsar una reforma  constitucional v\u00eda una asamblea constituyente prohibiendo la reelecci\u00f3n consecutiva,  por estar convencido de que as\u00ed env\u00edo un claro y fuerte mensaje de que como  Presidente trabajar\u00e9 para unir, no para dividir\u201d.<\/p>\n<p>&#13;<\/p>\n<p align=\"justify\" class=\"text1noticias\"> Ampli\u00f3 que en esa misma direcci\u00f3n  es que ha formalizado el compromiso p\u00fablico de que como Presidente de la Rep\u00fablica dar\u00e1 todo el  respaldo que requieran los ayuntamientos, sin importar el partido al que  pertenezcan, para convertirse en verdaderos gobiernos locales cercanos a su  gente.<\/p>\n<p>&#13;<\/p>\n<p align=\"justify\" class=\"text1noticias\"> Muy distinta, dijo, es la actitud  del presidente Leonel Fern\u00e1ndez, pues como es del dominio p\u00fablico usa el  Palacio Nacional para reunirse s\u00f3lo con los s\u00edndicos pertenecientes a su  partido, como hizo poco despu\u00e9s del paso de la tormenta Noel, y como hizo en el  d\u00eda de ayer, que se reuni\u00f3 con 76 s\u00edndicos pelede\u00edstas, excluyendo a los de os  dem\u00e1s partidos.<\/p>\n<p>&#13;<\/p>\n<p align=\"justify\" class=\"text1noticias\"> Con su pol\u00edtica de exclusi\u00f3n y  divisi\u00f3n, el presidente reeleccionista act\u00faa como si los ciudadanos cuyos  ayuntamientos no son pelede\u00edstas no tienen derecho ni necesidad de que sean  atendidas sus necesidades, \u201cesa es la conducta que debemos superar, porque un  pa\u00eds no puede seguir siendo dirigido en base a esos criterios\u201d.<\/p>\n<p>&#13;<\/p>\n<h6> 2007-11-30 14:14:23 <\/h6>\n<p><!--\n<link rel=\"stylesheet\" href=\"css\/bootstrap.min.css\">\n\n\n<ul class=\"pagination\">\n\t    \n\t\n\n<li >\n\t<a href='?page_no=34647'>Previous<\/a>\n\t<\/li>\n\n\n       \n    \n\n<li><a href='?page_no=1'>1<\/a><\/li>\n\n\n\n<li><a href='?page_no=2'>2<\/a><\/li>\n\n\n\n<li><a>...<\/a><\/li>\n\n\n\n<li><a href='?page_no=34646'>34646<\/a><\/li>\n\n\n\n<li><a href='?page_no=34647'>34647<\/a><\/li>\n\n\n\n<li class='active'><a>34648<\/a><\/li>\n\n\n\n<li><a href='?page_no=34649'>34649<\/a><\/li>\n\n\n\n<li><a href='?page_no=34650'>34650<\/a><\/li>\n\n\n\n<li><a>...<\/a><\/li>\n\n\n\n<li><a href='?page_no=36999'>36999<\/a><\/li>\n\n\n\n<li><a href='?page_no=37000'>37000<\/a><\/li>\n\n    \n\t\n\n<li >\n\t<a href='?page_no=34649'>Next<\/a>\n\t<\/li>\n\n\n    \n\n<li><a href='?page_no=37000'>Last &rsaquo;&rsaquo;<\/a><\/li>\n\n<\/ul>\n\n\n--><br \/>\n<\/body><\/p>\n","protected":false},"excerpt":{"rendered":"<p>Vargas Maldonado dice inaugurar\u00e1 nuevo ciclo de gobierno, para respetar unir y concordar con oposici\u00f3n &#13; Santo Domingo.- El candidato presidencial del Partido Revolucionario Dominicano (PRD), Miguel Vargas Maldonado, afirm\u00f3 que a partir del 16 de agosto del pr\u00f3ximo a\u00f1o, el pueblo dominicano cerrar\u00e1 un cap\u00edtulo en la historia pol\u00edtica nacional caracterizado por la utilizaci\u00f3n [&hellip;]<\/p>\n","protected":false},"author":3,"featured_media":0,"comment_status":"open","ping_status":"open","sticky":false,"template":"","format":"standard","meta":{"footnotes":""},"categories":[22],"tags":[],"class_list":["post-191900","post","type-post","status-publish","format-standard","hentry","category-politica"],"_links":{"self":[{"href":"https:\/\/diariodominicano.com\/index.php?rest_route=\/wp\/v2\/posts\/191900","targetHints":{"allow":["GET"]}}],"collection":[{"href":"https:\/\/diariodominicano.com\/index.php?rest_route=\/wp\/v2\/posts"}],"about":[{"href":"https:\/\/diariodominicano.com\/index.php?rest_route=\/wp\/v2\/types\/post"}],"author":[{"embeddable":true,"href":"https:\/\/diariodominicano.com\/index.php?rest_route=\/wp\/v2\/users\/3"}],"replies":[{"embeddable":true,"href":"https:\/\/diariodominicano.com\/index.php?rest_route=%2Fwp%2Fv2%2Fcomments&post=191900"}],"version-history":[{"count":0,"href":"https:\/\/diariodominicano.com\/index.php?rest_route=\/wp\/v2\/posts\/191900\/revisions"}],"wp:attachment":[{"href":"https:\/\/diariodominicano.com\/index.php?rest_route=%2Fwp%2Fv2%2Fmedia&parent=191900"}],"wp:term":[{"taxonomy":"category","embeddable":true,"href":"https:\/\/diariodominicano.com\/index.php?rest_route=%2Fwp%2Fv2%2Fcategories&post=191900"},{"taxonomy":"post_tag","embeddable":true,"href":"https:\/\/diariodominicano.com\/index.php?rest_route=%2Fwp%2Fv2%2Ftags&post=191900"}],"curies":[{"name":"wp","href":"https:\/\/api.w.org\/{rel}","templated":true}]}}