{"id":191897,"date":"2007-11-30T17:55:51","date_gmt":"2007-11-30T17:55:51","guid":{"rendered":"http:\/\/diariodominicano.ddns.net\/?p=191897"},"modified":"2007-11-30T17:55:51","modified_gmt":"2007-11-30T17:55:51","slug":"afirma-fernandez-representa-la-recuperacion-y-estabilidad-del-pais","status":"publish","type":"post","link":"https:\/\/diariodominicano.com\/?p=191897","title":{"rendered":"Afirma Fern\u00e1ndez representa la recuperaci\u00f3n y estabilidad del pa\u00eds"},"content":{"rendered":"<p><body><\/p>\n<p class=\"titulogrande1\"><strong>Afirma Fern\u00e1ndez representa la recuperaci\u00f3n y  estabilidad del pa\u00eds<\/strong><\/p>\n<p>&#13;<\/p>\n<p align=\"justify\" class=\"text1noticias\"><strong><img loading=\"lazy\" decoding=\"async\" src=\"http:\/\/localhost:8080\/pictures\/andres van der horst2.jpg\" width=\"269\" height=\"265\" hspace=\"4\" align=\"left\" \/>SANTO  DOMINGO.- <\/strong>El presidente del Partido Liberal La Estructura, Andr\u00e9s  Vanderhorst dijo este viernes, que debido al crecimiento de la macroeconom\u00eda,  reflejado en la estabilidad de la tasa cambiaria, la reducci\u00f3n de la inflaci\u00f3n  y la estabilidad econ\u00f3mica, no hay una raz\u00f3n para querer cambiar el rumbo del  pa\u00eds, emprendido por el presidente Leonel Fern\u00e1ndez, por lo a su juicio, el l\u00edder  del PLD ganar\u00e1 las pr\u00f3ximas elecciones en primera vuelta.<\/p>\n<p>&#13;<\/p>\n<p align=\"justify\" class=\"text1noticias\">Manifest\u00f3  que la oposici\u00f3n no ha logrado convencer de la necesidad de cambio, ante las  pruebas que demuestran que en manos de Fern\u00e1ndez est\u00e1 la continuidad del  progreso, la recuperaci\u00f3n de la confianza y el restablecimiento de la esperanza  nacional.<\/p>\n<p>&#13;<\/p>\n<p align=\"justify\" class=\"text1noticias\">&#13;<br \/>\nEl  dirigente pol\u00edtico de una de las 18 fuerzas que apoyan la candidatura de  Fern\u00e1ndez dijo que no ve posibilidades de que este pueda perder las pr\u00f3ximas  elecciones presidenciales, ya que todo el escenario pol\u00edtico lo dan como el  certero ganador, frente a una oposici\u00f3n estancada, sin sustentabilidad en su  discurso.<\/p>\n<p>&#13;<\/p>\n<p align=\"justify\" class=\"text1noticias\">Vanderhorst  sostuvo que el presidente Fern\u00e1ndez aun no ha salido al ruedo pol\u00edtico, y ha  aplazado su proclamaci\u00f3n para el pr\u00f3ximo a\u00f1o, asumiendo una tregua por la  tormenta Noel y la Navidad,  y aun as\u00ed, seg\u00fan \u00e9l, se mantiene firme en la preferencia de la poblaci\u00f3n.<\/p>\n<p>&#13;<\/p>\n<p align=\"justify\" class=\"text1noticias\">Descart\u00f3  que exista la posibilidad de una reedici\u00f3n de la fracasada alianza rosada, ya  que los aut\u00e9nticos reformistas no volver\u00e1n a caer en la frustraci\u00f3n y \u00a0optar\u00e1n por apoyar la continuidad del progreso  en el pa\u00eds.<\/p>\n<p>&#13;<\/p>\n<p align=\"justify\" class=\"text1noticias\">Entrevistado  en el programa Telematutino Once, de Telesistema, Vanderhorst destac\u00f3 que la  pronta recuperaci\u00f3n del pa\u00eds tras el paso de la tormenta Noel, as\u00ed como las  tarjetas de Solidaridad, diseminadas por todo el pa\u00eds, en beneficio de los m\u00e1s  pobres, son una simple muestra de todo un proyecto de naci\u00f3n que s\u00f3lo puede  continuar por buen rumbo de la mano del presidente Fern\u00e1ndez.<\/p>\n<p>&#13;<\/p>\n<h6> 2007-11-30 17:55:51 <\/h6>\n<p><!--\n<link rel=\"stylesheet\" href=\"css\/bootstrap.min.css\">\n\n\n<ul class=\"pagination\">\n\t    \n\t\n\n<li >\n\t<a href='?page_no=34644'>Previous<\/a>\n\t<\/li>\n\n\n       \n    \n\n<li><a href='?page_no=1'>1<\/a><\/li>\n\n\n\n<li><a href='?page_no=2'>2<\/a><\/li>\n\n\n\n<li><a>...<\/a><\/li>\n\n\n\n<li><a href='?page_no=34643'>34643<\/a><\/li>\n\n\n\n<li><a href='?page_no=34644'>34644<\/a><\/li>\n\n\n\n<li class='active'><a>34645<\/a><\/li>\n\n\n\n<li><a href='?page_no=34646'>34646<\/a><\/li>\n\n\n\n<li><a href='?page_no=34647'>34647<\/a><\/li>\n\n\n\n<li><a>...<\/a><\/li>\n\n\n\n<li><a href='?page_no=36999'>36999<\/a><\/li>\n\n\n\n<li><a href='?page_no=37000'>37000<\/a><\/li>\n\n    \n\t\n\n<li >\n\t<a href='?page_no=34646'>Next<\/a>\n\t<\/li>\n\n\n    \n\n<li><a href='?page_no=37000'>Last &rsaquo;&rsaquo;<\/a><\/li>\n\n<\/ul>\n\n\n--><br \/>\n<\/body><\/p>\n","protected":false},"excerpt":{"rendered":"<p>Afirma Fern\u00e1ndez representa la recuperaci\u00f3n y estabilidad del pa\u00eds &#13; SANTO DOMINGO.- El presidente del Partido Liberal La Estructura, Andr\u00e9s Vanderhorst dijo este viernes, que debido al crecimiento de la macroeconom\u00eda, reflejado en la estabilidad de la tasa cambiaria, la reducci\u00f3n de la inflaci\u00f3n y la estabilidad econ\u00f3mica, no hay una raz\u00f3n para querer cambiar [&hellip;]<\/p>\n","protected":false},"author":3,"featured_media":0,"comment_status":"open","ping_status":"open","sticky":false,"template":"","format":"standard","meta":{"footnotes":""},"categories":[22],"tags":[],"class_list":["post-191897","post","type-post","status-publish","format-standard","hentry","category-politica"],"_links":{"self":[{"href":"https:\/\/diariodominicano.com\/index.php?rest_route=\/wp\/v2\/posts\/191897","targetHints":{"allow":["GET"]}}],"collection":[{"href":"https:\/\/diariodominicano.com\/index.php?rest_route=\/wp\/v2\/posts"}],"about":[{"href":"https:\/\/diariodominicano.com\/index.php?rest_route=\/wp\/v2\/types\/post"}],"author":[{"embeddable":true,"href":"https:\/\/diariodominicano.com\/index.php?rest_route=\/wp\/v2\/users\/3"}],"replies":[{"embeddable":true,"href":"https:\/\/diariodominicano.com\/index.php?rest_route=%2Fwp%2Fv2%2Fcomments&post=191897"}],"version-history":[{"count":0,"href":"https:\/\/diariodominicano.com\/index.php?rest_route=\/wp\/v2\/posts\/191897\/revisions"}],"wp:attachment":[{"href":"https:\/\/diariodominicano.com\/index.php?rest_route=%2Fwp%2Fv2%2Fmedia&parent=191897"}],"wp:term":[{"taxonomy":"category","embeddable":true,"href":"https:\/\/diariodominicano.com\/index.php?rest_route=%2Fwp%2Fv2%2Fcategories&post=191897"},{"taxonomy":"post_tag","embeddable":true,"href":"https:\/\/diariodominicano.com\/index.php?rest_route=%2Fwp%2Fv2%2Ftags&post=191897"}],"curies":[{"name":"wp","href":"https:\/\/api.w.org\/{rel}","templated":true}]}}